{"id":9637,"date":"2018-12-19T08:16:37","date_gmt":"2018-12-19T07:16:37","guid":{"rendered":"https:\/\/backup.pern.pl\/polacznie-spolek-serwisowych-grupy-pern-stalo-sie-faktem\/"},"modified":"2023-06-22T13:06:33","modified_gmt":"2023-06-22T11:06:33","slug":"polacznie-spolek-serwisowych-grupy-pern-stalo-sie-faktem","status":"publish","type":"post","link":"https:\/\/www.pern.pl\/en\/2018\/12\/19\/polacznie-spolek-serwisowych-grupy-pern-stalo-sie-faktem\/","title":{"rendered":"Po\u0142\u0105cznie sp\u00f3\u0142ek serwisowych grupy PERN sta\u0142o si\u0119 faktem"},"content":{"rendered":"<p>Po\u0142\u0105cznie sp\u00f3\u0142ek serwisowych grupy PERN sta\u0142o si\u0119 faktem<\/p>\n<p>S\u0105d rejestrowy wpisa\u0142 do KRS nowy, po\u0142\u0105czony podmiot &#8211; Naftoserwis. Tym samym zako\u0144czy\u0142 si\u0119 formalny proces po\u0142\u0105czenia sp\u00f3\u0142ek serwisowych Grupy PERN. Integracja efektywnego Naftoserwisu oraz innowacyjnej CDRiA wytworzy dodatkowe synergie w dotychczasowych obszarach dzia\u0142ania obu sp\u00f3\u0142ek, co prze\u0142o\u017cy si\u0119 wprost na atrakcyjn\u0105 ofert\u0119 dla klient\u00f3w.<\/p>\n<p>Naftoserwis zajmuje si\u0119 \u015bwiadczeniem us\u0142ug serwisowych na bazach paliw oraz zapewnieniem ci\u0105g\u0142ej sprawno\u015bci technicznej i eksploatacyjnej instalacji i urz\u0105dze\u0144. Sp\u00f3\u0142ka posiada 10 zak\u0142ad\u00f3w serwisowych na terenie ca\u0142ego kraju. Wsp\u00f3\u0142pracuje z najwi\u0119kszymi operatorami w bran\u017cy paliwowej. Aktualnie Naftoserwis jest zaanga\u017cowana w roli podwykonawcy w proces budowy zbiornik\u00f3w na paliwa w Koluszkach i Nowej Wsi Wielkiej oraz zako\u0144czy\u0142a ambitny projekt modernizacji instalacji roz\u0142adunku paliw w porcie w Gdyni. CDRiA to z kolei wysoko wyspecjalizowany podmiot zajmuj\u0105cy si\u0119 m.in. diagnostyk\u0105 ruroci\u0105g\u00f3w &#8211; g\u0142\u00f3wnie ropy naftowej. Us\u0142ugi wykonywane s\u0105 przy u\u017cyciu unikalnych urz\u0105dze\u0144 diagnostycznych, zaprojektowanych i skonstruowanych bezpo\u015brednio w tej Sp\u00f3\u0142ce.<\/p>\n<p>Naftoserwis i CDRiA na rynkach zagranicznych<\/p>\n<p>2018 rok przyni\u00f3s\u0142 kilka projekt\u00f3w mi\u0119dzynarodowych realizowanych przez \u0142\u0105cz\u0105ce si\u0119 sp\u00f3\u0142ki. Specjali\u015bci Grupy PERN przeprowadzili inspekcj\u0119 ruroci\u0105gu nale\u017c\u0105cego do Belgian Pipeline Organisation, pracuj\u0105c na instalacjach wchodz\u0105cych w sk\u0142ad infrastruktury NATO. Wsp\u00f3\u0142praca z klientem b\u0119dzie kontynuowana w roku 2019. W najbli\u017cszych dniach planowane jest z kolei \u00a0zako\u0144czenie projektu diagnostyki 5 linii ruroci\u0105g\u00f3w realizowanego w Zjednoczonych Emiratach Arabskich. Dzi\u0119ki nowym kontraktom przychody po\u0142\u0105czonych firm na koniec 2018 roku wynios\u0105 ok 29 mln z\u0142. To o oko\u0142o 4 mln z\u0142 wi\u0119cej ni\u017c rok wcze\u015bniej. W spos\u00f3b znacz\u0105cy wzros\u0142y tak\u017ce przychody z tytu\u0142u realizacji projekt\u00f3w spoza grupy PERN &#8211; o ponad 7 proc. w tym roku.<\/p>\n<p>Ambitne plany<\/p>\n<p>Po\u0142\u0105czony Naftoserwis zamierza w przysz\u0142ym roku zaoferowa\u0107 now\u0105 us\u0142ug\u0119 czyszczenia zbiornik\u00f3w na rop\u0119 naftow\u0105. Firma oczekuje na dostaw\u0119 zaawansowanego systemu czyszczenia zbiornik\u00f3w. Pozwala on na prace serwisowe prowadzone wewn\u0105trz zbiornika bez konieczno\u015bci wykonywania ich fizycznie przez pracownik\u00f3w, kt\u00f3rzy jedynie obs\u0142uguj\u0105 samo urz\u0105dzenie. W spos\u00f3b zdecydowany zwi\u0119ksza to bezpiecze\u0144stwo ludzi przy wykonywaniu tych prac.<\/p>\n<p>&nbsp;<\/p>\n\n","protected":false},"excerpt":{"rendered":"<p>Po\u0142\u0105cznie sp\u00f3\u0142ek serwisowych grupy PERN sta\u0142o si\u0119 faktem S\u0105d rejestrowy wpisa\u0142 do KRS nowy, po\u0142\u0105czony podmiot &#8211; Naftoserwis. Tym samym zako\u0144czy\u0142 si\u0119 formalny proces po\u0142\u0105czenia sp\u00f3\u0142ek serwisowych Grupy PERN. Integracja efektywnego Naftoserwisu oraz innowacyjnej CDRiA &hellip; <a href=\"https:\/\/www.pern.pl\/en\/2018\/12\/19\/polacznie-spolek-serwisowych-grupy-pern-stalo-sie-faktem\/\" class=\"more-link\">Continue reading<span class=\"screen-reader-text\"> &#8220;Po\u0142\u0105cznie sp\u00f3\u0142ek serwisowych grupy PERN sta\u0142o si\u0119 faktem&#8221;<\/span><\/a><\/p>\n","protected":false},"author":6,"featured_media":44138,"comment_status":"closed","ping_status":"closed","sticky":false,"template":"","format":"standard","meta":{"_acf_changed":false,"inline_featured_image":false,"footnotes":""},"categories":[7,8],"tags":[],"class_list":["post-9637","post","type-post","status-publish","format-standard","has-post-thumbnail","hentry","category-komunikaty","category-aktualnosci"],"acf":[],"yoast_head":"<!-- This site is optimized with the Yoast SEO plugin v26.9 - https:\/\/yoast.com\/product\/yoast-seo-wordpress\/ -->\n<title>Po\u0142\u0105cznie sp\u00f3\u0142ek serwisowych grupy PERN sta\u0142o si\u0119 faktem - PERN<\/title>\n<meta name=\"robots\" content=\"index, follow, max-snippet:-1, max-image-preview:large, max-video-preview:-1\" \/>\n<link rel=\"canonical\" href=\"https:\/\/www.pern.pl\/en\/2018\/12\/19\/polacznie-spolek-serwisowych-grupy-pern-stalo-sie-faktem\/\" \/>\n<meta property=\"og:locale\" content=\"en_US\" \/>\n<meta property=\"og:type\" content=\"article\" \/>\n<meta property=\"og:title\" content=\"Po\u0142\u0105cznie sp\u00f3\u0142ek serwisowych grupy PERN sta\u0142o si\u0119 faktem - PERN\" \/>\n<meta property=\"og:description\" content=\"Po\u0142\u0105cznie sp\u00f3\u0142ek serwisowych grupy PERN sta\u0142o si\u0119 faktem S\u0105d rejestrowy wpisa\u0142 do KRS nowy, po\u0142\u0105czony podmiot &#8211; Naftoserwis. Tym samym zako\u0144czy\u0142 si\u0119 formalny proces po\u0142\u0105czenia sp\u00f3\u0142ek serwisowych Grupy PERN. Integracja efektywnego Naftoserwisu oraz innowacyjnej CDRiA &hellip; Continue reading &quot;Po\u0142\u0105cznie sp\u00f3\u0142ek serwisowych grupy PERN sta\u0142o si\u0119 faktem&quot;\" \/>\n<meta property=\"og:url\" content=\"https:\/\/www.pern.pl\/en\/2018\/12\/19\/polacznie-spolek-serwisowych-grupy-pern-stalo-sie-faktem\/\" \/>\n<meta property=\"og:site_name\" content=\"PERN\" \/>\n<meta property=\"article:published_time\" content=\"2018-12-19T07:16:37+00:00\" \/>\n<meta property=\"article:modified_time\" content=\"2023-06-22T11:06:33+00:00\" \/>\n<meta property=\"og:image\" content=\"https:\/\/www.pern.pl\/wp-content\/uploads\/2018\/12\/fa4ea80cbcf80a6579d9ecb029859aba-18-scaled.jpg\" \/>\n\t<meta property=\"og:image:width\" content=\"2560\" \/>\n\t<meta property=\"og:image:height\" content=\"1200\" \/>\n\t<meta property=\"og:image:type\" content=\"image\/jpeg\" \/>\n<meta name=\"author\" content=\"Centrum Prasowe PERN S.A.\" \/>\n<meta name=\"twitter:card\" content=\"summary_large_image\" \/>\n<meta name=\"twitter:label1\" content=\"Written by\" \/>\n\t<meta name=\"twitter:data1\" content=\"Centrum Prasowe PERN S.A.\" \/>\n\t<meta name=\"twitter:label2\" content=\"Est. reading time\" \/>\n\t<meta name=\"twitter:data2\" content=\"2 minutes\" \/>\n<script type=\"application\/ld+json\" class=\"yoast-schema-graph\">{\"@context\":\"https:\/\/schema.org\",\"@graph\":[{\"@type\":\"Article\",\"@id\":\"https:\/\/www.pern.pl\/en\/2018\/12\/19\/polacznie-spolek-serwisowych-grupy-pern-stalo-sie-faktem\/#article\",\"isPartOf\":{\"@id\":\"https:\/\/www.pern.pl\/en\/2018\/12\/19\/polacznie-spolek-serwisowych-grupy-pern-stalo-sie-faktem\/\"},\"author\":{\"name\":\"Centrum Prasowe PERN S.A.\",\"@id\":\"https:\/\/www.pern.pl\/en\/#\/schema\/person\/f31c4cc0c1be42f0cb9d1a055b3e0996\"},\"headline\":\"Po\u0142\u0105cznie sp\u00f3\u0142ek serwisowych grupy PERN sta\u0142o si\u0119 faktem\",\"datePublished\":\"2018-12-19T07:16:37+00:00\",\"dateModified\":\"2023-06-22T11:06:33+00:00\",\"mainEntityOfPage\":{\"@id\":\"https:\/\/www.pern.pl\/en\/2018\/12\/19\/polacznie-spolek-serwisowych-grupy-pern-stalo-sie-faktem\/\"},\"wordCount\":402,\"image\":{\"@id\":\"https:\/\/www.pern.pl\/en\/2018\/12\/19\/polacznie-spolek-serwisowych-grupy-pern-stalo-sie-faktem\/#primaryimage\"},\"thumbnailUrl\":\"https:\/\/www.pern.pl\/wp-content\/uploads\/2018\/12\/fa4ea80cbcf80a6579d9ecb029859aba-18-scaled.jpg\",\"articleSection\":[\"Komunikaty\",\"Aktualno\u015bci\"],\"inLanguage\":\"en-US\"},{\"@type\":\"WebPage\",\"@id\":\"https:\/\/www.pern.pl\/en\/2018\/12\/19\/polacznie-spolek-serwisowych-grupy-pern-stalo-sie-faktem\/\",\"url\":\"https:\/\/www.pern.pl\/en\/2018\/12\/19\/polacznie-spolek-serwisowych-grupy-pern-stalo-sie-faktem\/\",\"name\":\"Po\u0142\u0105cznie sp\u00f3\u0142ek serwisowych grupy PERN sta\u0142o si\u0119 faktem - PERN\",\"isPartOf\":{\"@id\":\"https:\/\/www.pern.pl\/en\/#website\"},\"primaryImageOfPage\":{\"@id\":\"https:\/\/www.pern.pl\/en\/2018\/12\/19\/polacznie-spolek-serwisowych-grupy-pern-stalo-sie-faktem\/#primaryimage\"},\"image\":{\"@id\":\"https:\/\/www.pern.pl\/en\/2018\/12\/19\/polacznie-spolek-serwisowych-grupy-pern-stalo-sie-faktem\/#primaryimage\"},\"thumbnailUrl\":\"https:\/\/www.pern.pl\/wp-content\/uploads\/2018\/12\/fa4ea80cbcf80a6579d9ecb029859aba-18-scaled.jpg\",\"datePublished\":\"2018-12-19T07:16:37+00:00\",\"dateModified\":\"2023-06-22T11:06:33+00:00\",\"author\":{\"@id\":\"https:\/\/www.pern.pl\/en\/#\/schema\/person\/f31c4cc0c1be42f0cb9d1a055b3e0996\"},\"breadcrumb\":{\"@id\":\"https:\/\/www.pern.pl\/en\/2018\/12\/19\/polacznie-spolek-serwisowych-grupy-pern-stalo-sie-faktem\/#breadcrumb\"},\"inLanguage\":\"en-US\",\"potentialAction\":[{\"@type\":\"ReadAction\",\"target\":[\"https:\/\/www.pern.pl\/en\/2018\/12\/19\/polacznie-spolek-serwisowych-grupy-pern-stalo-sie-faktem\/\"]}]},{\"@type\":\"ImageObject\",\"inLanguage\":\"en-US\",\"@id\":\"https:\/\/www.pern.pl\/en\/2018\/12\/19\/polacznie-spolek-serwisowych-grupy-pern-stalo-sie-faktem\/#primaryimage\",\"url\":\"https:\/\/www.pern.pl\/wp-content\/uploads\/2018\/12\/fa4ea80cbcf80a6579d9ecb029859aba-18-scaled.jpg\",\"contentUrl\":\"https:\/\/www.pern.pl\/wp-content\/uploads\/2018\/12\/fa4ea80cbcf80a6579d9ecb029859aba-18-scaled.jpg\",\"width\":2560,\"height\":1200},{\"@type\":\"BreadcrumbList\",\"@id\":\"https:\/\/www.pern.pl\/en\/2018\/12\/19\/polacznie-spolek-serwisowych-grupy-pern-stalo-sie-faktem\/#breadcrumb\",\"itemListElement\":[{\"@type\":\"ListItem\",\"position\":1,\"name\":\"Home\",\"item\":\"https:\/\/www.pern.pl\/en\/\"},{\"@type\":\"ListItem\",\"position\":2,\"name\":\"Po\u0142\u0105cznie sp\u00f3\u0142ek serwisowych grupy PERN sta\u0142o si\u0119 faktem\"}]},{\"@type\":\"WebSite\",\"@id\":\"https:\/\/www.pern.pl\/en\/#website\",\"url\":\"https:\/\/www.pern.pl\/en\/\",\"name\":\"PERN\",\"description\":\"\",\"potentialAction\":[{\"@type\":\"SearchAction\",\"target\":{\"@type\":\"EntryPoint\",\"urlTemplate\":\"https:\/\/www.pern.pl\/en\/?s={search_term_string}\"},\"query-input\":{\"@type\":\"PropertyValueSpecification\",\"valueRequired\":true,\"valueName\":\"search_term_string\"}}],\"inLanguage\":\"en-US\"},{\"@type\":\"Person\",\"@id\":\"https:\/\/www.pern.pl\/en\/#\/schema\/person\/f31c4cc0c1be42f0cb9d1a055b3e0996\",\"name\":\"Centrum Prasowe PERN S.A.\",\"image\":{\"@type\":\"ImageObject\",\"inLanguage\":\"en-US\",\"@id\":\"https:\/\/www.pern.pl\/en\/#\/schema\/person\/image\/\",\"url\":\"https:\/\/secure.gravatar.com\/avatar\/18e99c3405834609f4541514431875a8a466a6bf795000d784439f961b106e8a?s=96&d=mm&r=g\",\"contentUrl\":\"https:\/\/secure.gravatar.com\/avatar\/18e99c3405834609f4541514431875a8a466a6bf795000d784439f961b106e8a?s=96&d=mm&r=g\",\"caption\":\"Centrum Prasowe PERN S.A.\"},\"url\":\"https:\/\/www.pern.pl\/en\/author\/pern-katarzyna-krasinska\/\"}]}<\/script>\n<!-- \/ Yoast SEO plugin. -->","yoast_head_json":{"title":"Po\u0142\u0105cznie sp\u00f3\u0142ek serwisowych grupy PERN sta\u0142o si\u0119 faktem - PERN","robots":{"index":"index","follow":"follow","max-snippet":"max-snippet:-1","max-image-preview":"max-image-preview:large","max-video-preview":"max-video-preview:-1"},"canonical":"https:\/\/www.pern.pl\/en\/2018\/12\/19\/polacznie-spolek-serwisowych-grupy-pern-stalo-sie-faktem\/","og_locale":"en_US","og_type":"article","og_title":"Po\u0142\u0105cznie sp\u00f3\u0142ek serwisowych grupy PERN sta\u0142o si\u0119 faktem - PERN","og_description":"Po\u0142\u0105cznie sp\u00f3\u0142ek serwisowych grupy PERN sta\u0142o si\u0119 faktem S\u0105d rejestrowy wpisa\u0142 do KRS nowy, po\u0142\u0105czony podmiot &#8211; Naftoserwis. Tym samym zako\u0144czy\u0142 si\u0119 formalny proces po\u0142\u0105czenia sp\u00f3\u0142ek serwisowych Grupy PERN. Integracja efektywnego Naftoserwisu oraz innowacyjnej CDRiA &hellip; Continue reading \"Po\u0142\u0105cznie sp\u00f3\u0142ek serwisowych grupy PERN sta\u0142o si\u0119 faktem\"","og_url":"https:\/\/www.pern.pl\/en\/2018\/12\/19\/polacznie-spolek-serwisowych-grupy-pern-stalo-sie-faktem\/","og_site_name":"PERN","article_published_time":"2018-12-19T07:16:37+00:00","article_modified_time":"2023-06-22T11:06:33+00:00","og_image":[{"width":2560,"height":1200,"url":"https:\/\/www.pern.pl\/wp-content\/uploads\/2018\/12\/fa4ea80cbcf80a6579d9ecb029859aba-18-scaled.jpg","type":"image\/jpeg"}],"author":"Centrum Prasowe PERN S.A.","twitter_card":"summary_large_image","twitter_misc":{"Written by":"Centrum Prasowe PERN S.A.","Est. reading time":"2 minutes"},"schema":{"@context":"https:\/\/schema.org","@graph":[{"@type":"Article","@id":"https:\/\/www.pern.pl\/en\/2018\/12\/19\/polacznie-spolek-serwisowych-grupy-pern-stalo-sie-faktem\/#article","isPartOf":{"@id":"https:\/\/www.pern.pl\/en\/2018\/12\/19\/polacznie-spolek-serwisowych-grupy-pern-stalo-sie-faktem\/"},"author":{"name":"Centrum Prasowe PERN S.A.","@id":"https:\/\/www.pern.pl\/en\/#\/schema\/person\/f31c4cc0c1be42f0cb9d1a055b3e0996"},"headline":"Po\u0142\u0105cznie sp\u00f3\u0142ek serwisowych grupy PERN sta\u0142o si\u0119 faktem","datePublished":"2018-12-19T07:16:37+00:00","dateModified":"2023-06-22T11:06:33+00:00","mainEntityOfPage":{"@id":"https:\/\/www.pern.pl\/en\/2018\/12\/19\/polacznie-spolek-serwisowych-grupy-pern-stalo-sie-faktem\/"},"wordCount":402,"image":{"@id":"https:\/\/www.pern.pl\/en\/2018\/12\/19\/polacznie-spolek-serwisowych-grupy-pern-stalo-sie-faktem\/#primaryimage"},"thumbnailUrl":"https:\/\/www.pern.pl\/wp-content\/uploads\/2018\/12\/fa4ea80cbcf80a6579d9ecb029859aba-18-scaled.jpg","articleSection":["Komunikaty","Aktualno\u015bci"],"inLanguage":"en-US"},{"@type":"WebPage","@id":"https:\/\/www.pern.pl\/en\/2018\/12\/19\/polacznie-spolek-serwisowych-grupy-pern-stalo-sie-faktem\/","url":"https:\/\/www.pern.pl\/en\/2018\/12\/19\/polacznie-spolek-serwisowych-grupy-pern-stalo-sie-faktem\/","name":"Po\u0142\u0105cznie sp\u00f3\u0142ek serwisowych grupy PERN sta\u0142o si\u0119 faktem - PERN","isPartOf":{"@id":"https:\/\/www.pern.pl\/en\/#website"},"primaryImageOfPage":{"@id":"https:\/\/www.pern.pl\/en\/2018\/12\/19\/polacznie-spolek-serwisowych-grupy-pern-stalo-sie-faktem\/#primaryimage"},"image":{"@id":"https:\/\/www.pern.pl\/en\/2018\/12\/19\/polacznie-spolek-serwisowych-grupy-pern-stalo-sie-faktem\/#primaryimage"},"thumbnailUrl":"https:\/\/www.pern.pl\/wp-content\/uploads\/2018\/12\/fa4ea80cbcf80a6579d9ecb029859aba-18-scaled.jpg","datePublished":"2018-12-19T07:16:37+00:00","dateModified":"2023-06-22T11:06:33+00:00","author":{"@id":"https:\/\/www.pern.pl\/en\/#\/schema\/person\/f31c4cc0c1be42f0cb9d1a055b3e0996"},"breadcrumb":{"@id":"https:\/\/www.pern.pl\/en\/2018\/12\/19\/polacznie-spolek-serwisowych-grupy-pern-stalo-sie-faktem\/#breadcrumb"},"inLanguage":"en-US","potentialAction":[{"@type":"ReadAction","target":["https:\/\/www.pern.pl\/en\/2018\/12\/19\/polacznie-spolek-serwisowych-grupy-pern-stalo-sie-faktem\/"]}]},{"@type":"ImageObject","inLanguage":"en-US","@id":"https:\/\/www.pern.pl\/en\/2018\/12\/19\/polacznie-spolek-serwisowych-grupy-pern-stalo-sie-faktem\/#primaryimage","url":"https:\/\/www.pern.pl\/wp-content\/uploads\/2018\/12\/fa4ea80cbcf80a6579d9ecb029859aba-18-scaled.jpg","contentUrl":"https:\/\/www.pern.pl\/wp-content\/uploads\/2018\/12\/fa4ea80cbcf80a6579d9ecb029859aba-18-scaled.jpg","width":2560,"height":1200},{"@type":"BreadcrumbList","@id":"https:\/\/www.pern.pl\/en\/2018\/12\/19\/polacznie-spolek-serwisowych-grupy-pern-stalo-sie-faktem\/#breadcrumb","itemListElement":[{"@type":"ListItem","position":1,"name":"Home","item":"https:\/\/www.pern.pl\/en\/"},{"@type":"ListItem","position":2,"name":"Po\u0142\u0105cznie sp\u00f3\u0142ek serwisowych grupy PERN sta\u0142o si\u0119 faktem"}]},{"@type":"WebSite","@id":"https:\/\/www.pern.pl\/en\/#website","url":"https:\/\/www.pern.pl\/en\/","name":"PERN","description":"","potentialAction":[{"@type":"SearchAction","target":{"@type":"EntryPoint","urlTemplate":"https:\/\/www.pern.pl\/en\/?s={search_term_string}"},"query-input":{"@type":"PropertyValueSpecification","valueRequired":true,"valueName":"search_term_string"}}],"inLanguage":"en-US"},{"@type":"Person","@id":"https:\/\/www.pern.pl\/en\/#\/schema\/person\/f31c4cc0c1be42f0cb9d1a055b3e0996","name":"Centrum Prasowe PERN S.A.","image":{"@type":"ImageObject","inLanguage":"en-US","@id":"https:\/\/www.pern.pl\/en\/#\/schema\/person\/image\/","url":"https:\/\/secure.gravatar.com\/avatar\/18e99c3405834609f4541514431875a8a466a6bf795000d784439f961b106e8a?s=96&d=mm&r=g","contentUrl":"https:\/\/secure.gravatar.com\/avatar\/18e99c3405834609f4541514431875a8a466a6bf795000d784439f961b106e8a?s=96&d=mm&r=g","caption":"Centrum Prasowe PERN S.A."},"url":"https:\/\/www.pern.pl\/en\/author\/pern-katarzyna-krasinska\/"}]}},"_links":{"self":[{"href":"https:\/\/www.pern.pl\/en\/wp-json\/wp\/v2\/posts\/9637","targetHints":{"allow":["GET"]}}],"collection":[{"href":"https:\/\/www.pern.pl\/en\/wp-json\/wp\/v2\/posts"}],"about":[{"href":"https:\/\/www.pern.pl\/en\/wp-json\/wp\/v2\/types\/post"}],"author":[{"embeddable":true,"href":"https:\/\/www.pern.pl\/en\/wp-json\/wp\/v2\/users\/6"}],"replies":[{"embeddable":true,"href":"https:\/\/www.pern.pl\/en\/wp-json\/wp\/v2\/comments?post=9637"}],"version-history":[{"count":0,"href":"https:\/\/www.pern.pl\/en\/wp-json\/wp\/v2\/posts\/9637\/revisions"}],"wp:featuredmedia":[{"embeddable":true,"href":"https:\/\/www.pern.pl\/en\/wp-json\/wp\/v2\/media\/44138"}],"wp:attachment":[{"href":"https:\/\/www.pern.pl\/en\/wp-json\/wp\/v2\/media?parent=9637"}],"wp:term":[{"taxonomy":"category","embeddable":true,"href":"https:\/\/www.pern.pl\/en\/wp-json\/wp\/v2\/categories?post=9637"},{"taxonomy":"post_tag","embeddable":true,"href":"https:\/\/www.pern.pl\/en\/wp-json\/wp\/v2\/tags?post=9637"}],"curies":[{"name":"wp","href":"https:\/\/api.w.org\/{rel}","templated":true}]}}