{"id":9572,"date":"2018-12-07T08:55:52","date_gmt":"2018-12-07T07:55:52","guid":{"rendered":"https:\/\/backup.pern.pl\/pern-w-2018-r-padnie-rekord-obrotow-na-rynku-paliw\/"},"modified":"2023-06-22T13:06:13","modified_gmt":"2023-06-22T11:06:13","slug":"pern-w-2018-r-padnie-rekord-obrotow-na-rynku-paliw","status":"publish","type":"post","link":"https:\/\/www.pern.pl\/en\/2018\/12\/07\/pern-w-2018-r-padnie-rekord-obrotow-na-rynku-paliw\/","title":{"rendered":"PERN \u2013 w 2018 r. padnie rekord obrot\u00f3w na rynku paliw"},"content":{"rendered":"<p>PERN \u2013 w 2018 r. padnie rekord obrot\u00f3w na rynku paliw<\/p>\n<p>Ju\u017c ponad 13 mln m\u00b3 paliwa wyda\u0142a ze swoich baz Sp\u00f3\u0142ka PERN poprzez wszystkie kana\u0142y dystrybucji (autocysterny, ruroci\u0105gi i kolej) w okresie od stycznia do listopada 2018 r. To blisko 10% wi\u0119cej ni\u017c w analogicznym okresie 2017 r. Wed\u0142ug prognoz PERN oznacza to, \u017ce 2018 rok zostanie zako\u0144czony kolejnym rekordem. Obr\u00f3t paliwami b\u0119dzie wy\u017cszy o blisko 1 mln m\u00b3 i wyniesie w przybli\u017ceniu 14 mln m\u00b3.<\/p>\n<p>Pakiet paliwowy, pakiet energetyczny i pakiet transportowy oraz rosn\u0105cy PKB wp\u0142ywaj\u0105 na wzrost obrot\u00f3w na rynku paliw. Chcemy wykorzysta\u0107 ten trend i dlatego rozwijamy nasz\u0105 infrastruktur\u0119 tak, aby klienci mogli zrealizowa\u0107 zwi\u0119kszone zapotrzebowanie na magazyny oraz skorzysta\u0107 ze sprawnej logistyki. Do 2022 roku infrastruktura PERN w spos\u00f3b istotny si\u0119 powi\u0119kszy. W przypadku magazyn\u00f3w na rop\u0119 b\u0119dzie to wzrost o 17%; magazyn\u00f3w paliwowych o 23%; a ruroci\u0105g\u00f3w paliwowych o 21%.-Igor Wasilewski, prezes PERN<\/p>\n<p>PERN skutecznie realizuje program mega inwestycji i wspiera rynek pracy<\/p>\n<p>Rozbudowa nowych pojemno\u015bci na paliwa i magazyn\u00f3w na rop\u0119 oraz rozw\u00f3j sieci ruroci\u0105g\u00f3w w obu obszarach \u2013 to kluczowe wyzwania zwi\u0105zane z rozwojem Sp\u00f3\u0142ki do 2022 roku. W tym momencie PERN finalizuje budow\u0119 dw\u00f3ch zbiornik\u00f3w w bazie paliwowej w Koluszkach. Ich technologiczny rozruch w\u0142a\u015bnie si\u0119 dokonuje. Podobny projekt jest realizowany w bazie paliw w Nowej Wsi Wielkiej. Zbiorniki w obu lokalizacjach b\u0119d\u0105 przeznaczone do magazynowania oleju nap\u0119dowego. Obie inwestycje oznaczaj\u0105, \u017ce mo\u017cliwo\u015bci Sp\u00f3\u0142ki w zakresie magazynowania paliw zwi\u0119ksz\u0105 si\u0119 o ponad 120 tys. m\u00b3.<\/p>\n<p>W sumie, w segmencie paliwowym PERN wybuduje nowe zbiorniki o \u0142\u0105cznej pojemno\u015bci 700 tys. m\u00b3 (I i II etap 350 000 m\u00b3; III etap 350 000 m\u00b3). III etap zale\u017ce\u0107 b\u0119dzie od wzrostu konsumpcji w kraju oraz zapotrzebowania na magazynowanie paliw i obroty baz.<\/p>\n<p>Jedn\u0105 z kluczowych mega inwestycji jest tak\u017ce rozbudowa gda\u0144skiego Terminala Naftowego. Celem jest wybudowanie pi\u0119ciu nowych zbiornik\u00f3w na rop\u0119. Da to w sumie prawie 400 tys. m\u00b3 nowych pojemno\u015bci magazynowych. Dzieje si\u0119 tak, bo polskie rafinerie sprowadzaj\u0105 coraz wi\u0119cej ropy drog\u0105 morsk\u0105 za po\u015brednictwem tankowc\u00f3w. Chodzi o to, by jeszcze sprawniej obs\u0142ugiwa\u0107 statki z surowcem zawijaj\u0105ce do naszego kraju.<\/p>\n<p>Aktualnie trwa procedura przetargowa dotycz\u0105ca tej inwestycji. Obecnie w TNG funkcjonuje ju\u017c sze\u015b\u0107 magazyn\u00f3w o \u0142\u0105cznej pojemno\u015bci 375 tys. m\u00b3. Dodatkowo, w Bazie surowcowej w Gda\u0144sku trwa tak\u017ce budowa dw\u00f3ch zbiornik\u00f3w na rop\u0119 o pojemno\u015bci 100 tys. m\u00b3 ka\u017cdy. Planowany termin zako\u0144czenia budowy przypada na kwiecie\u0144 2020 roku.<\/p>\n<p>Firma rozpocz\u0119\u0142a prace nad studium wykonalno\u015bci drugiej nitki ropoci\u0105gu pomorskiego od portu Morza Ba\u0142tyckiego do centrum Polski. Nowy ruroci\u0105g pozwoli na pog\u0142\u0119bienie dywersyfikacji oraz pe\u0142n\u0105 separacj\u0119 jako\u015bciow\u0105 nowych gatunk\u00f3w ropy dla klient\u00f3w PERN.<\/p>\n<p>PERN wybuduje tak\u017ce ruroci\u0105g paliwowy z bazy PERN w Boronowie do bazy PKN Orlen w Trzebini (d\u0142ugo\u015b\u0107 ok 100 km) oraz zwi\u0119kszy przepustowo\u015b\u0107 ruroci\u0105g\u00f3w paliwowych dla zaopatrzenia aglomeracji warszawskiej.<\/p>\n<p>Nasze inwestycje nie tylko stanowi\u0105 o przysz\u0142o\u015bci PERN, ale stanowi\u0105 tak\u017ce pot\u0119\u017cny zastrzyk pieni\u0119dzy dla rodzimej gospodarki, poniewa\u017c wszystkie projekty realizujemy wsp\u00f3lnie z polskimi firmami. Te projekty to tak\u017ce miejsca pracy w bran\u017cy budowlanej.-Igor Wasilewski, prezes PERN<\/p>\n<p>Efektywne po\u0142\u0105czenie PERN i OLPP<\/p>\n<p>Od pocz\u0105tku tego roku PERN funkcjonuje jako po\u0142\u0105czony podmiot. Dzi\u0119ki temu \u2013 z uwagi na skal\u0119 dzia\u0142ania \u2013 firma jest w stanie wzi\u0105\u0107 na siebie z\u0142o\u017cone i kapita\u0142och\u0142onne inwestycje w logistyk\u0119 oraz magazynowanie ropy i paliw. Wynikaj\u0105 one zar\u00f3wno z potrzeb klient\u00f3w, jak i cel\u00f3w strategicznych pa\u0144stwa zorientowanych wok\u00f3\u0142 zwi\u0119kszenia bezpiecze\u0144stwa energetycznego kraju. Dla klient\u00f3w po\u0142\u0105czenie PERN i OLPP oznacza \u0142atwiejsz\u0105 wsp\u00f3\u0142prac\u0119 tylko z jednym podmiotem. Zintegrowana firma pozostaje solidnym i stabilnym pracodawc\u0105, z wi\u0119kszymi mo\u017cliwo\u015bciami rozwoju zawodowego oraz awansu dla pracownik\u00f3w.<\/p>\n<p>&nbsp;<\/p>\n\n","protected":false},"excerpt":{"rendered":"<p>PERN \u2013 w 2018 r. padnie rekord obrot\u00f3w na rynku paliw Ju\u017c ponad 13 mln m\u00b3 paliwa wyda\u0142a ze swoich baz Sp\u00f3\u0142ka PERN poprzez wszystkie kana\u0142y dystrybucji (autocysterny, ruroci\u0105gi i kolej) w okresie od stycznia &hellip; <a href=\"https:\/\/www.pern.pl\/en\/2018\/12\/07\/pern-w-2018-r-padnie-rekord-obrotow-na-rynku-paliw\/\" class=\"more-link\">Continue reading<span class=\"screen-reader-text\"> &#8220;PERN \u2013 w 2018 r. padnie rekord obrot\u00f3w na rynku paliw&#8221;<\/span><\/a><\/p>\n","protected":false},"author":6,"featured_media":43262,"comment_status":"closed","ping_status":"closed","sticky":false,"template":"","format":"standard","meta":{"_acf_changed":false,"inline_featured_image":false,"footnotes":""},"categories":[7,8],"tags":[],"class_list":["post-9572","post","type-post","status-publish","format-standard","has-post-thumbnail","hentry","category-komunikaty","category-aktualnosci"],"acf":[],"yoast_head":"<!-- This site is optimized with the Yoast SEO plugin v26.9 - https:\/\/yoast.com\/product\/yoast-seo-wordpress\/ -->\n<title>PERN \u2013 w 2018 r. padnie rekord obrot\u00f3w na rynku paliw - PERN<\/title>\n<meta name=\"robots\" content=\"index, follow, max-snippet:-1, max-image-preview:large, max-video-preview:-1\" \/>\n<link rel=\"canonical\" href=\"https:\/\/www.pern.pl\/en\/2018\/12\/07\/pern-w-2018-r-padnie-rekord-obrotow-na-rynku-paliw\/\" \/>\n<meta property=\"og:locale\" content=\"en_US\" \/>\n<meta property=\"og:type\" content=\"article\" \/>\n<meta property=\"og:title\" content=\"PERN \u2013 w 2018 r. padnie rekord obrot\u00f3w na rynku paliw - PERN\" \/>\n<meta property=\"og:description\" content=\"PERN \u2013 w 2018 r. padnie rekord obrot\u00f3w na rynku paliw Ju\u017c ponad 13 mln m\u00b3 paliwa wyda\u0142a ze swoich baz Sp\u00f3\u0142ka PERN poprzez wszystkie kana\u0142y dystrybucji (autocysterny, ruroci\u0105gi i kolej) w okresie od stycznia &hellip; Continue reading &quot;PERN \u2013 w 2018 r. padnie rekord obrot\u00f3w na rynku paliw&quot;\" \/>\n<meta property=\"og:url\" content=\"https:\/\/www.pern.pl\/en\/2018\/12\/07\/pern-w-2018-r-padnie-rekord-obrotow-na-rynku-paliw\/\" \/>\n<meta property=\"og:site_name\" content=\"PERN\" \/>\n<meta property=\"article:published_time\" content=\"2018-12-07T07:55:52+00:00\" \/>\n<meta property=\"article:modified_time\" content=\"2023-06-22T11:06:13+00:00\" \/>\n<meta property=\"og:image\" content=\"https:\/\/www.pern.pl\/wp-content\/uploads\/2018\/12\/672f42310680c90a7c2069a7baaa9434-15.jpg\" \/>\n\t<meta property=\"og:image:width\" content=\"864\" \/>\n\t<meta property=\"og:image:height\" content=\"432\" \/>\n\t<meta property=\"og:image:type\" content=\"image\/jpeg\" \/>\n<meta name=\"author\" content=\"Centrum Prasowe PERN S.A.\" \/>\n<meta name=\"twitter:card\" content=\"summary_large_image\" \/>\n<meta name=\"twitter:label1\" content=\"Written by\" \/>\n\t<meta name=\"twitter:data1\" content=\"Centrum Prasowe PERN S.A.\" \/>\n\t<meta name=\"twitter:label2\" content=\"Est. reading time\" \/>\n\t<meta name=\"twitter:data2\" content=\"4 minutes\" \/>\n<script type=\"application\/ld+json\" class=\"yoast-schema-graph\">{\"@context\":\"https:\/\/schema.org\",\"@graph\":[{\"@type\":\"Article\",\"@id\":\"https:\/\/www.pern.pl\/en\/2018\/12\/07\/pern-w-2018-r-padnie-rekord-obrotow-na-rynku-paliw\/#article\",\"isPartOf\":{\"@id\":\"https:\/\/www.pern.pl\/en\/2018\/12\/07\/pern-w-2018-r-padnie-rekord-obrotow-na-rynku-paliw\/\"},\"author\":{\"name\":\"Centrum Prasowe PERN S.A.\",\"@id\":\"https:\/\/www.pern.pl\/en\/#\/schema\/person\/f31c4cc0c1be42f0cb9d1a055b3e0996\"},\"headline\":\"PERN \u2013 w 2018 r. padnie rekord obrot\u00f3w na rynku paliw\",\"datePublished\":\"2018-12-07T07:55:52+00:00\",\"dateModified\":\"2023-06-22T11:06:13+00:00\",\"mainEntityOfPage\":{\"@id\":\"https:\/\/www.pern.pl\/en\/2018\/12\/07\/pern-w-2018-r-padnie-rekord-obrotow-na-rynku-paliw\/\"},\"wordCount\":677,\"image\":{\"@id\":\"https:\/\/www.pern.pl\/en\/2018\/12\/07\/pern-w-2018-r-padnie-rekord-obrotow-na-rynku-paliw\/#primaryimage\"},\"thumbnailUrl\":\"https:\/\/www.pern.pl\/wp-content\/uploads\/2018\/12\/672f42310680c90a7c2069a7baaa9434-15.jpg\",\"articleSection\":[\"Komunikaty\",\"Aktualno\u015bci\"],\"inLanguage\":\"en-US\"},{\"@type\":\"WebPage\",\"@id\":\"https:\/\/www.pern.pl\/en\/2018\/12\/07\/pern-w-2018-r-padnie-rekord-obrotow-na-rynku-paliw\/\",\"url\":\"https:\/\/www.pern.pl\/en\/2018\/12\/07\/pern-w-2018-r-padnie-rekord-obrotow-na-rynku-paliw\/\",\"name\":\"PERN \u2013 w 2018 r. padnie rekord obrot\u00f3w na rynku paliw - PERN\",\"isPartOf\":{\"@id\":\"https:\/\/www.pern.pl\/en\/#website\"},\"primaryImageOfPage\":{\"@id\":\"https:\/\/www.pern.pl\/en\/2018\/12\/07\/pern-w-2018-r-padnie-rekord-obrotow-na-rynku-paliw\/#primaryimage\"},\"image\":{\"@id\":\"https:\/\/www.pern.pl\/en\/2018\/12\/07\/pern-w-2018-r-padnie-rekord-obrotow-na-rynku-paliw\/#primaryimage\"},\"thumbnailUrl\":\"https:\/\/www.pern.pl\/wp-content\/uploads\/2018\/12\/672f42310680c90a7c2069a7baaa9434-15.jpg\",\"datePublished\":\"2018-12-07T07:55:52+00:00\",\"dateModified\":\"2023-06-22T11:06:13+00:00\",\"author\":{\"@id\":\"https:\/\/www.pern.pl\/en\/#\/schema\/person\/f31c4cc0c1be42f0cb9d1a055b3e0996\"},\"breadcrumb\":{\"@id\":\"https:\/\/www.pern.pl\/en\/2018\/12\/07\/pern-w-2018-r-padnie-rekord-obrotow-na-rynku-paliw\/#breadcrumb\"},\"inLanguage\":\"en-US\",\"potentialAction\":[{\"@type\":\"ReadAction\",\"target\":[\"https:\/\/www.pern.pl\/en\/2018\/12\/07\/pern-w-2018-r-padnie-rekord-obrotow-na-rynku-paliw\/\"]}]},{\"@type\":\"ImageObject\",\"inLanguage\":\"en-US\",\"@id\":\"https:\/\/www.pern.pl\/en\/2018\/12\/07\/pern-w-2018-r-padnie-rekord-obrotow-na-rynku-paliw\/#primaryimage\",\"url\":\"https:\/\/www.pern.pl\/wp-content\/uploads\/2018\/12\/672f42310680c90a7c2069a7baaa9434-15.jpg\",\"contentUrl\":\"https:\/\/www.pern.pl\/wp-content\/uploads\/2018\/12\/672f42310680c90a7c2069a7baaa9434-15.jpg\",\"width\":864,\"height\":432},{\"@type\":\"BreadcrumbList\",\"@id\":\"https:\/\/www.pern.pl\/en\/2018\/12\/07\/pern-w-2018-r-padnie-rekord-obrotow-na-rynku-paliw\/#breadcrumb\",\"itemListElement\":[{\"@type\":\"ListItem\",\"position\":1,\"name\":\"Home\",\"item\":\"https:\/\/www.pern.pl\/en\/\"},{\"@type\":\"ListItem\",\"position\":2,\"name\":\"PERN \u2013 w 2018 r. padnie rekord obrot\u00f3w na rynku paliw\"}]},{\"@type\":\"WebSite\",\"@id\":\"https:\/\/www.pern.pl\/en\/#website\",\"url\":\"https:\/\/www.pern.pl\/en\/\",\"name\":\"PERN\",\"description\":\"\",\"potentialAction\":[{\"@type\":\"SearchAction\",\"target\":{\"@type\":\"EntryPoint\",\"urlTemplate\":\"https:\/\/www.pern.pl\/en\/?s={search_term_string}\"},\"query-input\":{\"@type\":\"PropertyValueSpecification\",\"valueRequired\":true,\"valueName\":\"search_term_string\"}}],\"inLanguage\":\"en-US\"},{\"@type\":\"Person\",\"@id\":\"https:\/\/www.pern.pl\/en\/#\/schema\/person\/f31c4cc0c1be42f0cb9d1a055b3e0996\",\"name\":\"Centrum Prasowe PERN S.A.\",\"image\":{\"@type\":\"ImageObject\",\"inLanguage\":\"en-US\",\"@id\":\"https:\/\/www.pern.pl\/en\/#\/schema\/person\/image\/\",\"url\":\"https:\/\/secure.gravatar.com\/avatar\/18e99c3405834609f4541514431875a8a466a6bf795000d784439f961b106e8a?s=96&d=mm&r=g\",\"contentUrl\":\"https:\/\/secure.gravatar.com\/avatar\/18e99c3405834609f4541514431875a8a466a6bf795000d784439f961b106e8a?s=96&d=mm&r=g\",\"caption\":\"Centrum Prasowe PERN S.A.\"},\"url\":\"https:\/\/www.pern.pl\/en\/author\/pern-katarzyna-krasinska\/\"}]}<\/script>\n<!-- \/ Yoast SEO plugin. -->","yoast_head_json":{"title":"PERN \u2013 w 2018 r. padnie rekord obrot\u00f3w na rynku paliw - PERN","robots":{"index":"index","follow":"follow","max-snippet":"max-snippet:-1","max-image-preview":"max-image-preview:large","max-video-preview":"max-video-preview:-1"},"canonical":"https:\/\/www.pern.pl\/en\/2018\/12\/07\/pern-w-2018-r-padnie-rekord-obrotow-na-rynku-paliw\/","og_locale":"en_US","og_type":"article","og_title":"PERN \u2013 w 2018 r. padnie rekord obrot\u00f3w na rynku paliw - PERN","og_description":"PERN \u2013 w 2018 r. padnie rekord obrot\u00f3w na rynku paliw Ju\u017c ponad 13 mln m\u00b3 paliwa wyda\u0142a ze swoich baz Sp\u00f3\u0142ka PERN poprzez wszystkie kana\u0142y dystrybucji (autocysterny, ruroci\u0105gi i kolej) w okresie od stycznia &hellip; Continue reading \"PERN \u2013 w 2018 r. padnie rekord obrot\u00f3w na rynku paliw\"","og_url":"https:\/\/www.pern.pl\/en\/2018\/12\/07\/pern-w-2018-r-padnie-rekord-obrotow-na-rynku-paliw\/","og_site_name":"PERN","article_published_time":"2018-12-07T07:55:52+00:00","article_modified_time":"2023-06-22T11:06:13+00:00","og_image":[{"width":864,"height":432,"url":"https:\/\/www.pern.pl\/wp-content\/uploads\/2018\/12\/672f42310680c90a7c2069a7baaa9434-15.jpg","type":"image\/jpeg"}],"author":"Centrum Prasowe PERN S.A.","twitter_card":"summary_large_image","twitter_misc":{"Written by":"Centrum Prasowe PERN S.A.","Est. reading time":"4 minutes"},"schema":{"@context":"https:\/\/schema.org","@graph":[{"@type":"Article","@id":"https:\/\/www.pern.pl\/en\/2018\/12\/07\/pern-w-2018-r-padnie-rekord-obrotow-na-rynku-paliw\/#article","isPartOf":{"@id":"https:\/\/www.pern.pl\/en\/2018\/12\/07\/pern-w-2018-r-padnie-rekord-obrotow-na-rynku-paliw\/"},"author":{"name":"Centrum Prasowe PERN S.A.","@id":"https:\/\/www.pern.pl\/en\/#\/schema\/person\/f31c4cc0c1be42f0cb9d1a055b3e0996"},"headline":"PERN \u2013 w 2018 r. padnie rekord obrot\u00f3w na rynku paliw","datePublished":"2018-12-07T07:55:52+00:00","dateModified":"2023-06-22T11:06:13+00:00","mainEntityOfPage":{"@id":"https:\/\/www.pern.pl\/en\/2018\/12\/07\/pern-w-2018-r-padnie-rekord-obrotow-na-rynku-paliw\/"},"wordCount":677,"image":{"@id":"https:\/\/www.pern.pl\/en\/2018\/12\/07\/pern-w-2018-r-padnie-rekord-obrotow-na-rynku-paliw\/#primaryimage"},"thumbnailUrl":"https:\/\/www.pern.pl\/wp-content\/uploads\/2018\/12\/672f42310680c90a7c2069a7baaa9434-15.jpg","articleSection":["Komunikaty","Aktualno\u015bci"],"inLanguage":"en-US"},{"@type":"WebPage","@id":"https:\/\/www.pern.pl\/en\/2018\/12\/07\/pern-w-2018-r-padnie-rekord-obrotow-na-rynku-paliw\/","url":"https:\/\/www.pern.pl\/en\/2018\/12\/07\/pern-w-2018-r-padnie-rekord-obrotow-na-rynku-paliw\/","name":"PERN \u2013 w 2018 r. padnie rekord obrot\u00f3w na rynku paliw - PERN","isPartOf":{"@id":"https:\/\/www.pern.pl\/en\/#website"},"primaryImageOfPage":{"@id":"https:\/\/www.pern.pl\/en\/2018\/12\/07\/pern-w-2018-r-padnie-rekord-obrotow-na-rynku-paliw\/#primaryimage"},"image":{"@id":"https:\/\/www.pern.pl\/en\/2018\/12\/07\/pern-w-2018-r-padnie-rekord-obrotow-na-rynku-paliw\/#primaryimage"},"thumbnailUrl":"https:\/\/www.pern.pl\/wp-content\/uploads\/2018\/12\/672f42310680c90a7c2069a7baaa9434-15.jpg","datePublished":"2018-12-07T07:55:52+00:00","dateModified":"2023-06-22T11:06:13+00:00","author":{"@id":"https:\/\/www.pern.pl\/en\/#\/schema\/person\/f31c4cc0c1be42f0cb9d1a055b3e0996"},"breadcrumb":{"@id":"https:\/\/www.pern.pl\/en\/2018\/12\/07\/pern-w-2018-r-padnie-rekord-obrotow-na-rynku-paliw\/#breadcrumb"},"inLanguage":"en-US","potentialAction":[{"@type":"ReadAction","target":["https:\/\/www.pern.pl\/en\/2018\/12\/07\/pern-w-2018-r-padnie-rekord-obrotow-na-rynku-paliw\/"]}]},{"@type":"ImageObject","inLanguage":"en-US","@id":"https:\/\/www.pern.pl\/en\/2018\/12\/07\/pern-w-2018-r-padnie-rekord-obrotow-na-rynku-paliw\/#primaryimage","url":"https:\/\/www.pern.pl\/wp-content\/uploads\/2018\/12\/672f42310680c90a7c2069a7baaa9434-15.jpg","contentUrl":"https:\/\/www.pern.pl\/wp-content\/uploads\/2018\/12\/672f42310680c90a7c2069a7baaa9434-15.jpg","width":864,"height":432},{"@type":"BreadcrumbList","@id":"https:\/\/www.pern.pl\/en\/2018\/12\/07\/pern-w-2018-r-padnie-rekord-obrotow-na-rynku-paliw\/#breadcrumb","itemListElement":[{"@type":"ListItem","position":1,"name":"Home","item":"https:\/\/www.pern.pl\/en\/"},{"@type":"ListItem","position":2,"name":"PERN \u2013 w 2018 r. padnie rekord obrot\u00f3w na rynku paliw"}]},{"@type":"WebSite","@id":"https:\/\/www.pern.pl\/en\/#website","url":"https:\/\/www.pern.pl\/en\/","name":"PERN","description":"","potentialAction":[{"@type":"SearchAction","target":{"@type":"EntryPoint","urlTemplate":"https:\/\/www.pern.pl\/en\/?s={search_term_string}"},"query-input":{"@type":"PropertyValueSpecification","valueRequired":true,"valueName":"search_term_string"}}],"inLanguage":"en-US"},{"@type":"Person","@id":"https:\/\/www.pern.pl\/en\/#\/schema\/person\/f31c4cc0c1be42f0cb9d1a055b3e0996","name":"Centrum Prasowe PERN S.A.","image":{"@type":"ImageObject","inLanguage":"en-US","@id":"https:\/\/www.pern.pl\/en\/#\/schema\/person\/image\/","url":"https:\/\/secure.gravatar.com\/avatar\/18e99c3405834609f4541514431875a8a466a6bf795000d784439f961b106e8a?s=96&d=mm&r=g","contentUrl":"https:\/\/secure.gravatar.com\/avatar\/18e99c3405834609f4541514431875a8a466a6bf795000d784439f961b106e8a?s=96&d=mm&r=g","caption":"Centrum Prasowe PERN S.A."},"url":"https:\/\/www.pern.pl\/en\/author\/pern-katarzyna-krasinska\/"}]}},"_links":{"self":[{"href":"https:\/\/www.pern.pl\/en\/wp-json\/wp\/v2\/posts\/9572","targetHints":{"allow":["GET"]}}],"collection":[{"href":"https:\/\/www.pern.pl\/en\/wp-json\/wp\/v2\/posts"}],"about":[{"href":"https:\/\/www.pern.pl\/en\/wp-json\/wp\/v2\/types\/post"}],"author":[{"embeddable":true,"href":"https:\/\/www.pern.pl\/en\/wp-json\/wp\/v2\/users\/6"}],"replies":[{"embeddable":true,"href":"https:\/\/www.pern.pl\/en\/wp-json\/wp\/v2\/comments?post=9572"}],"version-history":[{"count":0,"href":"https:\/\/www.pern.pl\/en\/wp-json\/wp\/v2\/posts\/9572\/revisions"}],"wp:featuredmedia":[{"embeddable":true,"href":"https:\/\/www.pern.pl\/en\/wp-json\/wp\/v2\/media\/43262"}],"wp:attachment":[{"href":"https:\/\/www.pern.pl\/en\/wp-json\/wp\/v2\/media?parent=9572"}],"wp:term":[{"taxonomy":"category","embeddable":true,"href":"https:\/\/www.pern.pl\/en\/wp-json\/wp\/v2\/categories?post=9572"},{"taxonomy":"post_tag","embeddable":true,"href":"https:\/\/www.pern.pl\/en\/wp-json\/wp\/v2\/tags?post=9572"}],"curies":[{"name":"wp","href":"https:\/\/api.w.org\/{rel}","templated":true}]}}