{"id":9339,"date":"2018-11-06T10:20:18","date_gmt":"2018-11-06T09:20:18","guid":{"rendered":"https:\/\/backup.pern.pl\/ponad-100-tys-osb-obejrzao-wystaw-w-drodze-do-niepodlegoci\/"},"modified":"2023-06-22T12:55:56","modified_gmt":"2023-06-22T10:55:56","slug":"ponad-100-tys-osb-obejrzao-wystaw-w-drodze-do-niepodlegoci","status":"publish","type":"post","link":"https:\/\/www.pern.pl\/en\/2018\/11\/06\/ponad-100-tys-osb-obejrzao-wystaw-w-drodze-do-niepodlegoci\/","title":{"rendered":"Ponad 100 tys. os&oacute;b obejrza\u0142o wystaw\u0119 &#8220;W drodze do niepodleg\u0142o\u015bci&#8221;"},"content":{"rendered":"<p>Ponad 100 tys. os\u00f3b obejrza\u0142o wystaw\u0119 &#8220;W drodze do niepodleg\u0142o\u015bci&#8221;<\/p>\n<p>Sukces wsp\u00f3lnego projektu realizowanego przez PERN S.A., Archiwum Akt Nowych, Bank Pocztowy S.A. i Narodowe Archiwum Cyfrowe. Ju\u017c ponad 100 tys. os\u00f3b obejrza\u0142o wystaw\u0119 &#8220;W drodze do niepodleg\u0142o\u015bci&#8221;<\/p>\n<p>Ekspozycja \u201eW drodze do niepodleg\u0142o\u015bci\u201d jest nowoczesnym \u017ar\u00f3d\u0142em wiedzy. Jej uroczysta inauguracja odby\u0142a si\u0119 w lutym br. w Sejmie RP. Do tej pory prezentowana by\u0142a m.in. w Kancelarii Prezesa Rady Ministr\u00f3w, w szko\u0142ach i plac\u00f3wkach kulturalno-o\u015bwiatowych oraz innych instytucjach spo\u0142ecznych. Wystawa odwiedzi\u0142a ju\u017c ponad 250 instytucji w r\u00f3\u017cnych miejscach Polski.<\/p>\n<p>\u201eDla Niepodleg\u0142ej\u201d to projekt o zasi\u0119gu og\u00f3lnopolskim, kt\u00f3rego realizacja przewidziana jest na 2018 rok i kolejne lata. W ramach projektu realizowane s\u0105 nast\u0119puj\u0105ce dzia\u0142ania: cykl wystaw ilustruj\u0105cych wydarzenia zwi\u0105zane z odzyskaniem niepodleg\u0142o\u015bci, pakiet edukacyjny pn. \u201ePlecak sztubaka \u2013 pokolenie Niepodleg\u0142ej\u201d, plansze edukacyjne prezentuj\u0105ce sylwetki wybitnych Polak\u00f3w tamtego okresu, strona www.dlaniepodleglej.pl, zawieraj\u0105ca materia\u0142y merytoryczne, konkursy wiedzy dla uczni\u00f3w, itp. Prezentowana wystawa oraz pozosta\u0142e materia\u0142y edukacyjne dost\u0119pne s\u0105 nieodp\u0142atnie dla szk\u00f3\u0142.<\/p>\n<p>Patronat nad projektem obj\u0105\u0142 Minister Edukacji Narodowej. Projekt jest cz\u0119\u015bci\u0105 obchod\u00f3w stulecia odzyskania przez Polsk\u0119 niepodleg\u0142o\u015bci, koordynowanych przez Ministerstwo Kultury i Dziedzictwa Narodowego w ramach Programu Wieloletniego \u201eNiepodleg\u0142a\u201d na lata 2017\u20132021.<\/p>\n<p>&nbsp;<\/p>\n\n","protected":false},"excerpt":{"rendered":"<p>Ponad 100 tys. os\u00f3b obejrza\u0142o wystaw\u0119 &#8220;W drodze do niepodleg\u0142o\u015bci&#8221; Sukces wsp\u00f3lnego projektu realizowanego przez PERN S.A., Archiwum Akt Nowych, Bank Pocztowy S.A. i Narodowe Archiwum Cyfrowe. Ju\u017c ponad 100 tys. os\u00f3b obejrza\u0142o wystaw\u0119 &#8220;W &hellip; <a href=\"https:\/\/www.pern.pl\/en\/2018\/11\/06\/ponad-100-tys-osb-obejrzao-wystaw-w-drodze-do-niepodlegoci\/\" class=\"more-link\">Continue reading<span class=\"screen-reader-text\"> &#8220;Ponad 100 tys. os&oacute;b obejrza\u0142o wystaw\u0119 &#8220;W drodze do niepodleg\u0142o\u015bci&#8221;&#8221;<\/span><\/a><\/p>\n","protected":false},"author":6,"featured_media":43242,"comment_status":"closed","ping_status":"closed","sticky":false,"template":"","format":"standard","meta":{"_acf_changed":false,"inline_featured_image":false,"footnotes":""},"categories":[7,8],"tags":[],"class_list":["post-9339","post","type-post","status-publish","format-standard","has-post-thumbnail","hentry","category-komunikaty","category-aktualnosci"],"acf":[],"yoast_head":"<!-- This site is optimized with the Yoast SEO plugin v26.9 - https:\/\/yoast.com\/product\/yoast-seo-wordpress\/ -->\n<title>Ponad 100 tys. os&oacute;b obejrza\u0142o wystaw\u0119 &quot;W drodze do niepodleg\u0142o\u015bci&quot; - PERN<\/title>\n<meta name=\"robots\" content=\"index, follow, max-snippet:-1, max-image-preview:large, max-video-preview:-1\" \/>\n<link rel=\"canonical\" href=\"https:\/\/www.pern.pl\/en\/2018\/11\/06\/ponad-100-tys-osb-obejrzao-wystaw-w-drodze-do-niepodlegoci\/\" \/>\n<meta property=\"og:locale\" content=\"en_US\" \/>\n<meta property=\"og:type\" content=\"article\" \/>\n<meta property=\"og:title\" content=\"Ponad 100 tys. os&oacute;b obejrza\u0142o wystaw\u0119 &quot;W drodze do niepodleg\u0142o\u015bci&quot; - PERN\" \/>\n<meta property=\"og:description\" content=\"Ponad 100 tys. os\u00f3b obejrza\u0142o wystaw\u0119 &#8220;W drodze do niepodleg\u0142o\u015bci&#8221; Sukces wsp\u00f3lnego projektu realizowanego przez PERN S.A., Archiwum Akt Nowych, Bank Pocztowy S.A. i Narodowe Archiwum Cyfrowe. Ju\u017c ponad 100 tys. os\u00f3b obejrza\u0142o wystaw\u0119 &#8220;W &hellip; Continue reading &quot;Ponad 100 tys. os&oacute;b obejrza\u0142o wystaw\u0119 &#8220;W drodze do niepodleg\u0142o\u015bci&#8221;&quot;\" \/>\n<meta property=\"og:url\" content=\"https:\/\/www.pern.pl\/en\/2018\/11\/06\/ponad-100-tys-osb-obejrzao-wystaw-w-drodze-do-niepodlegoci\/\" \/>\n<meta property=\"og:site_name\" content=\"PERN\" \/>\n<meta property=\"article:published_time\" content=\"2018-11-06T09:20:18+00:00\" \/>\n<meta property=\"article:modified_time\" content=\"2023-06-22T10:55:56+00:00\" \/>\n<meta property=\"og:image\" content=\"https:\/\/www.pern.pl\/wp-content\/uploads\/2018\/11\/858cd5d0b396c10ee5e6b852e0eed788-25.jpg\" \/>\n\t<meta property=\"og:image:width\" content=\"1947\" \/>\n\t<meta property=\"og:image:height\" content=\"912\" \/>\n\t<meta property=\"og:image:type\" content=\"image\/jpeg\" \/>\n<meta name=\"author\" content=\"Centrum Prasowe PERN S.A.\" \/>\n<meta name=\"twitter:card\" content=\"summary_large_image\" \/>\n<meta name=\"twitter:label1\" content=\"Written by\" \/>\n\t<meta name=\"twitter:data1\" content=\"Centrum Prasowe PERN S.A.\" \/>\n\t<meta name=\"twitter:label2\" content=\"Est. reading time\" \/>\n\t<meta name=\"twitter:data2\" content=\"2 minutes\" \/>\n<script type=\"application\/ld+json\" class=\"yoast-schema-graph\">{\"@context\":\"https:\/\/schema.org\",\"@graph\":[{\"@type\":\"Article\",\"@id\":\"https:\/\/www.pern.pl\/en\/2018\/11\/06\/ponad-100-tys-osb-obejrzao-wystaw-w-drodze-do-niepodlegoci\/#article\",\"isPartOf\":{\"@id\":\"https:\/\/www.pern.pl\/en\/2018\/11\/06\/ponad-100-tys-osb-obejrzao-wystaw-w-drodze-do-niepodlegoci\/\"},\"author\":{\"name\":\"Centrum Prasowe PERN S.A.\",\"@id\":\"https:\/\/www.pern.pl\/en\/#\/schema\/person\/f31c4cc0c1be42f0cb9d1a055b3e0996\"},\"headline\":\"Ponad 100 tys. os&oacute;b obejrza\u0142o wystaw\u0119 &#8220;W drodze do niepodleg\u0142o\u015bci&#8221;\",\"datePublished\":\"2018-11-06T09:20:18+00:00\",\"dateModified\":\"2023-06-22T10:55:56+00:00\",\"mainEntityOfPage\":{\"@id\":\"https:\/\/www.pern.pl\/en\/2018\/11\/06\/ponad-100-tys-osb-obejrzao-wystaw-w-drodze-do-niepodlegoci\/\"},\"wordCount\":253,\"image\":{\"@id\":\"https:\/\/www.pern.pl\/en\/2018\/11\/06\/ponad-100-tys-osb-obejrzao-wystaw-w-drodze-do-niepodlegoci\/#primaryimage\"},\"thumbnailUrl\":\"https:\/\/www.pern.pl\/wp-content\/uploads\/2018\/11\/858cd5d0b396c10ee5e6b852e0eed788-25.jpg\",\"articleSection\":[\"Komunikaty\",\"Aktualno\u015bci\"],\"inLanguage\":\"en-US\"},{\"@type\":\"WebPage\",\"@id\":\"https:\/\/www.pern.pl\/en\/2018\/11\/06\/ponad-100-tys-osb-obejrzao-wystaw-w-drodze-do-niepodlegoci\/\",\"url\":\"https:\/\/www.pern.pl\/en\/2018\/11\/06\/ponad-100-tys-osb-obejrzao-wystaw-w-drodze-do-niepodlegoci\/\",\"name\":\"Ponad 100 tys. os&oacute;b obejrza\u0142o wystaw\u0119 \\\"W drodze do niepodleg\u0142o\u015bci\\\" - PERN\",\"isPartOf\":{\"@id\":\"https:\/\/www.pern.pl\/en\/#website\"},\"primaryImageOfPage\":{\"@id\":\"https:\/\/www.pern.pl\/en\/2018\/11\/06\/ponad-100-tys-osb-obejrzao-wystaw-w-drodze-do-niepodlegoci\/#primaryimage\"},\"image\":{\"@id\":\"https:\/\/www.pern.pl\/en\/2018\/11\/06\/ponad-100-tys-osb-obejrzao-wystaw-w-drodze-do-niepodlegoci\/#primaryimage\"},\"thumbnailUrl\":\"https:\/\/www.pern.pl\/wp-content\/uploads\/2018\/11\/858cd5d0b396c10ee5e6b852e0eed788-25.jpg\",\"datePublished\":\"2018-11-06T09:20:18+00:00\",\"dateModified\":\"2023-06-22T10:55:56+00:00\",\"author\":{\"@id\":\"https:\/\/www.pern.pl\/en\/#\/schema\/person\/f31c4cc0c1be42f0cb9d1a055b3e0996\"},\"breadcrumb\":{\"@id\":\"https:\/\/www.pern.pl\/en\/2018\/11\/06\/ponad-100-tys-osb-obejrzao-wystaw-w-drodze-do-niepodlegoci\/#breadcrumb\"},\"inLanguage\":\"en-US\",\"potentialAction\":[{\"@type\":\"ReadAction\",\"target\":[\"https:\/\/www.pern.pl\/en\/2018\/11\/06\/ponad-100-tys-osb-obejrzao-wystaw-w-drodze-do-niepodlegoci\/\"]}]},{\"@type\":\"ImageObject\",\"inLanguage\":\"en-US\",\"@id\":\"https:\/\/www.pern.pl\/en\/2018\/11\/06\/ponad-100-tys-osb-obejrzao-wystaw-w-drodze-do-niepodlegoci\/#primaryimage\",\"url\":\"https:\/\/www.pern.pl\/wp-content\/uploads\/2018\/11\/858cd5d0b396c10ee5e6b852e0eed788-25.jpg\",\"contentUrl\":\"https:\/\/www.pern.pl\/wp-content\/uploads\/2018\/11\/858cd5d0b396c10ee5e6b852e0eed788-25.jpg\",\"width\":1947,\"height\":912},{\"@type\":\"BreadcrumbList\",\"@id\":\"https:\/\/www.pern.pl\/en\/2018\/11\/06\/ponad-100-tys-osb-obejrzao-wystaw-w-drodze-do-niepodlegoci\/#breadcrumb\",\"itemListElement\":[{\"@type\":\"ListItem\",\"position\":1,\"name\":\"Home\",\"item\":\"https:\/\/www.pern.pl\/en\/\"},{\"@type\":\"ListItem\",\"position\":2,\"name\":\"Ponad 100 tys. os&oacute;b obejrza\u0142o wystaw\u0119 &#8222;W drodze do niepodleg\u0142o\u015bci&#8221;\"}]},{\"@type\":\"WebSite\",\"@id\":\"https:\/\/www.pern.pl\/en\/#website\",\"url\":\"https:\/\/www.pern.pl\/en\/\",\"name\":\"PERN\",\"description\":\"\",\"potentialAction\":[{\"@type\":\"SearchAction\",\"target\":{\"@type\":\"EntryPoint\",\"urlTemplate\":\"https:\/\/www.pern.pl\/en\/?s={search_term_string}\"},\"query-input\":{\"@type\":\"PropertyValueSpecification\",\"valueRequired\":true,\"valueName\":\"search_term_string\"}}],\"inLanguage\":\"en-US\"},{\"@type\":\"Person\",\"@id\":\"https:\/\/www.pern.pl\/en\/#\/schema\/person\/f31c4cc0c1be42f0cb9d1a055b3e0996\",\"name\":\"Centrum Prasowe PERN S.A.\",\"image\":{\"@type\":\"ImageObject\",\"inLanguage\":\"en-US\",\"@id\":\"https:\/\/www.pern.pl\/en\/#\/schema\/person\/image\/\",\"url\":\"https:\/\/secure.gravatar.com\/avatar\/18e99c3405834609f4541514431875a8a466a6bf795000d784439f961b106e8a?s=96&d=mm&r=g\",\"contentUrl\":\"https:\/\/secure.gravatar.com\/avatar\/18e99c3405834609f4541514431875a8a466a6bf795000d784439f961b106e8a?s=96&d=mm&r=g\",\"caption\":\"Centrum Prasowe PERN S.A.\"},\"url\":\"https:\/\/www.pern.pl\/en\/author\/pern-katarzyna-krasinska\/\"}]}<\/script>\n<!-- \/ Yoast SEO plugin. -->","yoast_head_json":{"title":"Ponad 100 tys. os&oacute;b obejrza\u0142o wystaw\u0119 \"W drodze do niepodleg\u0142o\u015bci\" - PERN","robots":{"index":"index","follow":"follow","max-snippet":"max-snippet:-1","max-image-preview":"max-image-preview:large","max-video-preview":"max-video-preview:-1"},"canonical":"https:\/\/www.pern.pl\/en\/2018\/11\/06\/ponad-100-tys-osb-obejrzao-wystaw-w-drodze-do-niepodlegoci\/","og_locale":"en_US","og_type":"article","og_title":"Ponad 100 tys. os&oacute;b obejrza\u0142o wystaw\u0119 \"W drodze do niepodleg\u0142o\u015bci\" - PERN","og_description":"Ponad 100 tys. os\u00f3b obejrza\u0142o wystaw\u0119 &#8220;W drodze do niepodleg\u0142o\u015bci&#8221; Sukces wsp\u00f3lnego projektu realizowanego przez PERN S.A., Archiwum Akt Nowych, Bank Pocztowy S.A. i Narodowe Archiwum Cyfrowe. Ju\u017c ponad 100 tys. os\u00f3b obejrza\u0142o wystaw\u0119 &#8220;W &hellip; Continue reading \"Ponad 100 tys. os&oacute;b obejrza\u0142o wystaw\u0119 &#8220;W drodze do niepodleg\u0142o\u015bci&#8221;\"","og_url":"https:\/\/www.pern.pl\/en\/2018\/11\/06\/ponad-100-tys-osb-obejrzao-wystaw-w-drodze-do-niepodlegoci\/","og_site_name":"PERN","article_published_time":"2018-11-06T09:20:18+00:00","article_modified_time":"2023-06-22T10:55:56+00:00","og_image":[{"width":1947,"height":912,"url":"https:\/\/www.pern.pl\/wp-content\/uploads\/2018\/11\/858cd5d0b396c10ee5e6b852e0eed788-25.jpg","type":"image\/jpeg"}],"author":"Centrum Prasowe PERN S.A.","twitter_card":"summary_large_image","twitter_misc":{"Written by":"Centrum Prasowe PERN S.A.","Est. reading time":"2 minutes"},"schema":{"@context":"https:\/\/schema.org","@graph":[{"@type":"Article","@id":"https:\/\/www.pern.pl\/en\/2018\/11\/06\/ponad-100-tys-osb-obejrzao-wystaw-w-drodze-do-niepodlegoci\/#article","isPartOf":{"@id":"https:\/\/www.pern.pl\/en\/2018\/11\/06\/ponad-100-tys-osb-obejrzao-wystaw-w-drodze-do-niepodlegoci\/"},"author":{"name":"Centrum Prasowe PERN S.A.","@id":"https:\/\/www.pern.pl\/en\/#\/schema\/person\/f31c4cc0c1be42f0cb9d1a055b3e0996"},"headline":"Ponad 100 tys. os&oacute;b obejrza\u0142o wystaw\u0119 &#8220;W drodze do niepodleg\u0142o\u015bci&#8221;","datePublished":"2018-11-06T09:20:18+00:00","dateModified":"2023-06-22T10:55:56+00:00","mainEntityOfPage":{"@id":"https:\/\/www.pern.pl\/en\/2018\/11\/06\/ponad-100-tys-osb-obejrzao-wystaw-w-drodze-do-niepodlegoci\/"},"wordCount":253,"image":{"@id":"https:\/\/www.pern.pl\/en\/2018\/11\/06\/ponad-100-tys-osb-obejrzao-wystaw-w-drodze-do-niepodlegoci\/#primaryimage"},"thumbnailUrl":"https:\/\/www.pern.pl\/wp-content\/uploads\/2018\/11\/858cd5d0b396c10ee5e6b852e0eed788-25.jpg","articleSection":["Komunikaty","Aktualno\u015bci"],"inLanguage":"en-US"},{"@type":"WebPage","@id":"https:\/\/www.pern.pl\/en\/2018\/11\/06\/ponad-100-tys-osb-obejrzao-wystaw-w-drodze-do-niepodlegoci\/","url":"https:\/\/www.pern.pl\/en\/2018\/11\/06\/ponad-100-tys-osb-obejrzao-wystaw-w-drodze-do-niepodlegoci\/","name":"Ponad 100 tys. os&oacute;b obejrza\u0142o wystaw\u0119 \"W drodze do niepodleg\u0142o\u015bci\" - PERN","isPartOf":{"@id":"https:\/\/www.pern.pl\/en\/#website"},"primaryImageOfPage":{"@id":"https:\/\/www.pern.pl\/en\/2018\/11\/06\/ponad-100-tys-osb-obejrzao-wystaw-w-drodze-do-niepodlegoci\/#primaryimage"},"image":{"@id":"https:\/\/www.pern.pl\/en\/2018\/11\/06\/ponad-100-tys-osb-obejrzao-wystaw-w-drodze-do-niepodlegoci\/#primaryimage"},"thumbnailUrl":"https:\/\/www.pern.pl\/wp-content\/uploads\/2018\/11\/858cd5d0b396c10ee5e6b852e0eed788-25.jpg","datePublished":"2018-11-06T09:20:18+00:00","dateModified":"2023-06-22T10:55:56+00:00","author":{"@id":"https:\/\/www.pern.pl\/en\/#\/schema\/person\/f31c4cc0c1be42f0cb9d1a055b3e0996"},"breadcrumb":{"@id":"https:\/\/www.pern.pl\/en\/2018\/11\/06\/ponad-100-tys-osb-obejrzao-wystaw-w-drodze-do-niepodlegoci\/#breadcrumb"},"inLanguage":"en-US","potentialAction":[{"@type":"ReadAction","target":["https:\/\/www.pern.pl\/en\/2018\/11\/06\/ponad-100-tys-osb-obejrzao-wystaw-w-drodze-do-niepodlegoci\/"]}]},{"@type":"ImageObject","inLanguage":"en-US","@id":"https:\/\/www.pern.pl\/en\/2018\/11\/06\/ponad-100-tys-osb-obejrzao-wystaw-w-drodze-do-niepodlegoci\/#primaryimage","url":"https:\/\/www.pern.pl\/wp-content\/uploads\/2018\/11\/858cd5d0b396c10ee5e6b852e0eed788-25.jpg","contentUrl":"https:\/\/www.pern.pl\/wp-content\/uploads\/2018\/11\/858cd5d0b396c10ee5e6b852e0eed788-25.jpg","width":1947,"height":912},{"@type":"BreadcrumbList","@id":"https:\/\/www.pern.pl\/en\/2018\/11\/06\/ponad-100-tys-osb-obejrzao-wystaw-w-drodze-do-niepodlegoci\/#breadcrumb","itemListElement":[{"@type":"ListItem","position":1,"name":"Home","item":"https:\/\/www.pern.pl\/en\/"},{"@type":"ListItem","position":2,"name":"Ponad 100 tys. os&oacute;b obejrza\u0142o wystaw\u0119 &#8222;W drodze do niepodleg\u0142o\u015bci&#8221;"}]},{"@type":"WebSite","@id":"https:\/\/www.pern.pl\/en\/#website","url":"https:\/\/www.pern.pl\/en\/","name":"PERN","description":"","potentialAction":[{"@type":"SearchAction","target":{"@type":"EntryPoint","urlTemplate":"https:\/\/www.pern.pl\/en\/?s={search_term_string}"},"query-input":{"@type":"PropertyValueSpecification","valueRequired":true,"valueName":"search_term_string"}}],"inLanguage":"en-US"},{"@type":"Person","@id":"https:\/\/www.pern.pl\/en\/#\/schema\/person\/f31c4cc0c1be42f0cb9d1a055b3e0996","name":"Centrum Prasowe PERN S.A.","image":{"@type":"ImageObject","inLanguage":"en-US","@id":"https:\/\/www.pern.pl\/en\/#\/schema\/person\/image\/","url":"https:\/\/secure.gravatar.com\/avatar\/18e99c3405834609f4541514431875a8a466a6bf795000d784439f961b106e8a?s=96&d=mm&r=g","contentUrl":"https:\/\/secure.gravatar.com\/avatar\/18e99c3405834609f4541514431875a8a466a6bf795000d784439f961b106e8a?s=96&d=mm&r=g","caption":"Centrum Prasowe PERN S.A."},"url":"https:\/\/www.pern.pl\/en\/author\/pern-katarzyna-krasinska\/"}]}},"_links":{"self":[{"href":"https:\/\/www.pern.pl\/en\/wp-json\/wp\/v2\/posts\/9339","targetHints":{"allow":["GET"]}}],"collection":[{"href":"https:\/\/www.pern.pl\/en\/wp-json\/wp\/v2\/posts"}],"about":[{"href":"https:\/\/www.pern.pl\/en\/wp-json\/wp\/v2\/types\/post"}],"author":[{"embeddable":true,"href":"https:\/\/www.pern.pl\/en\/wp-json\/wp\/v2\/users\/6"}],"replies":[{"embeddable":true,"href":"https:\/\/www.pern.pl\/en\/wp-json\/wp\/v2\/comments?post=9339"}],"version-history":[{"count":0,"href":"https:\/\/www.pern.pl\/en\/wp-json\/wp\/v2\/posts\/9339\/revisions"}],"wp:featuredmedia":[{"embeddable":true,"href":"https:\/\/www.pern.pl\/en\/wp-json\/wp\/v2\/media\/43242"}],"wp:attachment":[{"href":"https:\/\/www.pern.pl\/en\/wp-json\/wp\/v2\/media?parent=9339"}],"wp:term":[{"taxonomy":"category","embeddable":true,"href":"https:\/\/www.pern.pl\/en\/wp-json\/wp\/v2\/categories?post=9339"},{"taxonomy":"post_tag","embeddable":true,"href":"https:\/\/www.pern.pl\/en\/wp-json\/wp\/v2\/tags?post=9339"}],"curies":[{"name":"wp","href":"https:\/\/api.w.org\/{rel}","templated":true}]}}