{"id":7892,"date":"2017-09-26T15:06:00","date_gmt":"2017-09-26T13:06:00","guid":{"rendered":"http:\/\/pern.pl\/przyszlosc-bazy-paliw-w-debogorzu\/"},"modified":"2023-06-22T13:16:21","modified_gmt":"2023-06-22T11:16:21","slug":"przyszlosc-bazy-paliw-w-debogorzu","status":"publish","type":"post","link":"https:\/\/www.pern.pl\/en\/2017\/09\/26\/przyszlosc-bazy-paliw-w-debogorzu\/","title":{"rendered":"Przysz\u0142o\u015b\u0107 Bazy Paliw w D\u0119bog\u00f3rzu"},"content":{"rendered":"<p>[vc_row][vc_column][vc_column_text]<strong>W ostatnich miesi\u0105cach Sp\u00f3\u0142ka \u201eOLPP\u201d odnotowuje wzrost zainteresowania importem paliw drog\u0105 morsk\u0105 przez Baz\u0119 Paliw nr 21 w D\u0119bog\u00f3rzu. Zainteresowanie to by\u0142o impulsem do przygotowania planu zwi\u0119kszenia wydajno\u015bci instalacji i pojemno\u015bci magazynowej Bazy w D\u0119bog\u00f3rzu, a tym samym przekszta\u0142cenia jej w morski hub paliwowy.<\/strong><\/p>\n<p>Korzystaj\u0105c z terminala paliwowego na falochronie Portu Gdynia, Baza Paliw w D\u0119bog\u00f3rzu staje si\u0119 znacz\u0105cym ogniwem importu przetwor\u00f3w naftowych drog\u0105 morsk\u0105. Jako jedyna \u015bwiadczy us\u0142ug\u0119 dla potencjalnych importer\u00f3w, mog\u0105c przyj\u0105\u0107 dostaw\u0119 ze statk\u00f3w o no\u015bno\u015bci powy\u017cej 30 tys. DWT.<\/p>\n<p>\u201eKlienci wykorzystuj\u0105 ju\u017c nasz\u0105 Baz\u0119 jako okno na \u015bwiat i atrakcyjn\u0105 drog\u0119 importu paliw, a nast\u0119pnie innymi \u015brodkami transportu zaopatruj\u0105 rynek krajowy. D\u0119bog\u00f3rze staje si\u0119 tak\u017ce g\u0142\u00f3wnym etapem w logistyce zaopatrywania rynku \u015brodkowoeuropejskiego, a Port Gdynia powa\u017cnym konkurentem dla innych europejskich port\u00f3w\u201d \u2013 powiedzia\u0142 Prezes \u201eOLPP\u201d Pawe\u0142 Sta\u0144czyk, w wypowiedzi dla Polskiej Agencji Prasowej dot. prowadzonego przez Sp\u00f3\u0142k\u0119 obrotu paliwami i efekt\u00f3w pakietu paliwowego.<\/p>\n<p>Utworzenie hubu morskiego pozwoli na pe\u0142niejsze wykorzystanie atut\u00f3w lokalizacji Bazy, jako istotnego elementu \u0142a\u0144cucha logistycznego dostaw paliw p\u0142ynnych, nie tylko na rynek krajowy, ale tak\u017ce do innych kraj\u00f3w Europy \u015arodkowej, przy wykorzystaniu Portu w Gdyni, kt\u00f3ry b\u0119dzie licz\u0105c\u0105 si\u0119 lokalizacj\u0105 dla prze\u0142adunku paliw w obr\u0119bie basenu Morza Ba\u0142tyckiego.[\/vc_column_text][\/vc_column][\/vc_row]<\/p>\n<p>&nbsp;<\/p>\n\n","protected":false},"excerpt":{"rendered":"<p>W ostatnich miesi\u0105cach Sp\u00f3\u0142ka \u201eOLPP\u201d odnotowuje wzrost zainteresowania importem paliw drog\u0105 morsk\u0105 przez Baz\u0119 Paliw nr 21 w D\u0119bog\u00f3rzu. Zainteresowanie to by\u0142o impulsem do przygotowania planu zwi\u0119kszenia wydajno\u015bci instalacji i pojemno\u015bci magazynowej Bazy w D\u0119bog\u00f3rzu, a tym samym przekszta\u0142cenia jej w morski hub paliwowy.<\/p>\n","protected":false},"author":9,"featured_media":45423,"comment_status":"closed","ping_status":"closed","sticky":false,"template":"","format":"standard","meta":{"_acf_changed":false,"inline_featured_image":false,"footnotes":""},"categories":[7,8],"tags":[],"class_list":["post-7892","post","type-post","status-publish","format-standard","has-post-thumbnail","hentry","category-komunikaty","category-aktualnosci"],"acf":[],"yoast_head":"<!-- This site is optimized with the Yoast SEO plugin v26.9 - https:\/\/yoast.com\/product\/yoast-seo-wordpress\/ -->\n<title>Przysz\u0142o\u015b\u0107 Bazy Paliw w D\u0119bog\u00f3rzu - PERN<\/title>\n<meta name=\"robots\" content=\"index, follow, max-snippet:-1, max-image-preview:large, max-video-preview:-1\" \/>\n<link rel=\"canonical\" href=\"https:\/\/www.pern.pl\/en\/2017\/09\/26\/przyszlosc-bazy-paliw-w-debogorzu\/\" \/>\n<meta property=\"og:locale\" content=\"en_US\" \/>\n<meta property=\"og:type\" content=\"article\" \/>\n<meta property=\"og:title\" content=\"Przysz\u0142o\u015b\u0107 Bazy Paliw w D\u0119bog\u00f3rzu - PERN\" \/>\n<meta property=\"og:description\" content=\"W ostatnich miesi\u0105cach Sp\u00f3\u0142ka \u201eOLPP\u201d odnotowuje wzrost zainteresowania importem paliw drog\u0105 morsk\u0105 przez Baz\u0119 Paliw nr 21 w D\u0119bog\u00f3rzu. Zainteresowanie to by\u0142o impulsem do przygotowania planu zwi\u0119kszenia wydajno\u015bci instalacji i pojemno\u015bci magazynowej Bazy w D\u0119bog\u00f3rzu, a tym samym przekszta\u0142cenia jej w morski hub paliwowy.\" \/>\n<meta property=\"og:url\" content=\"https:\/\/www.pern.pl\/en\/2017\/09\/26\/przyszlosc-bazy-paliw-w-debogorzu\/\" \/>\n<meta property=\"og:site_name\" content=\"PERN\" \/>\n<meta property=\"article:published_time\" content=\"2017-09-26T13:06:00+00:00\" \/>\n<meta property=\"article:modified_time\" content=\"2023-06-22T11:16:21+00:00\" \/>\n<meta property=\"og:image\" content=\"https:\/\/www.pern.pl\/wp-content\/uploads\/2017\/09\/debogorze-news1-1.jpg\" \/>\n\t<meta property=\"og:image:width\" content=\"1140\" \/>\n\t<meta property=\"og:image:height\" content=\"530\" \/>\n\t<meta property=\"og:image:type\" content=\"image\/jpeg\" \/>\n<meta name=\"author\" content=\"pern.adm_jacob\" \/>\n<meta name=\"twitter:card\" content=\"summary_large_image\" \/>\n<meta name=\"twitter:label1\" content=\"Written by\" \/>\n\t<meta name=\"twitter:data1\" content=\"pern.adm_jacob\" \/>\n\t<meta name=\"twitter:label2\" content=\"Est. reading time\" \/>\n\t<meta name=\"twitter:data2\" content=\"2 minutes\" \/>\n<script type=\"application\/ld+json\" class=\"yoast-schema-graph\">{\"@context\":\"https:\/\/schema.org\",\"@graph\":[{\"@type\":\"Article\",\"@id\":\"https:\/\/www.pern.pl\/en\/2017\/09\/26\/przyszlosc-bazy-paliw-w-debogorzu\/#article\",\"isPartOf\":{\"@id\":\"https:\/\/www.pern.pl\/en\/2017\/09\/26\/przyszlosc-bazy-paliw-w-debogorzu\/\"},\"author\":{\"name\":\"pern.adm_jacob\",\"@id\":\"https:\/\/www.pern.pl\/en\/#\/schema\/person\/c0b3ff0adb13c185f28935a4041b26f3\"},\"headline\":\"Przysz\u0142o\u015b\u0107 Bazy Paliw w D\u0119bog\u00f3rzu\",\"datePublished\":\"2017-09-26T13:06:00+00:00\",\"dateModified\":\"2023-06-22T11:16:21+00:00\",\"mainEntityOfPage\":{\"@id\":\"https:\/\/www.pern.pl\/en\/2017\/09\/26\/przyszlosc-bazy-paliw-w-debogorzu\/\"},\"wordCount\":263,\"image\":{\"@id\":\"https:\/\/www.pern.pl\/en\/2017\/09\/26\/przyszlosc-bazy-paliw-w-debogorzu\/#primaryimage\"},\"thumbnailUrl\":\"https:\/\/www.pern.pl\/wp-content\/uploads\/2017\/09\/debogorze-news1-1.jpg\",\"articleSection\":[\"Komunikaty\",\"Aktualno\u015bci\"],\"inLanguage\":\"en-US\"},{\"@type\":\"WebPage\",\"@id\":\"https:\/\/www.pern.pl\/en\/2017\/09\/26\/przyszlosc-bazy-paliw-w-debogorzu\/\",\"url\":\"https:\/\/www.pern.pl\/en\/2017\/09\/26\/przyszlosc-bazy-paliw-w-debogorzu\/\",\"name\":\"Przysz\u0142o\u015b\u0107 Bazy Paliw w D\u0119bog\u00f3rzu - PERN\",\"isPartOf\":{\"@id\":\"https:\/\/www.pern.pl\/en\/#website\"},\"primaryImageOfPage\":{\"@id\":\"https:\/\/www.pern.pl\/en\/2017\/09\/26\/przyszlosc-bazy-paliw-w-debogorzu\/#primaryimage\"},\"image\":{\"@id\":\"https:\/\/www.pern.pl\/en\/2017\/09\/26\/przyszlosc-bazy-paliw-w-debogorzu\/#primaryimage\"},\"thumbnailUrl\":\"https:\/\/www.pern.pl\/wp-content\/uploads\/2017\/09\/debogorze-news1-1.jpg\",\"datePublished\":\"2017-09-26T13:06:00+00:00\",\"dateModified\":\"2023-06-22T11:16:21+00:00\",\"author\":{\"@id\":\"https:\/\/www.pern.pl\/en\/#\/schema\/person\/c0b3ff0adb13c185f28935a4041b26f3\"},\"breadcrumb\":{\"@id\":\"https:\/\/www.pern.pl\/en\/2017\/09\/26\/przyszlosc-bazy-paliw-w-debogorzu\/#breadcrumb\"},\"inLanguage\":\"en-US\",\"potentialAction\":[{\"@type\":\"ReadAction\",\"target\":[\"https:\/\/www.pern.pl\/en\/2017\/09\/26\/przyszlosc-bazy-paliw-w-debogorzu\/\"]}]},{\"@type\":\"ImageObject\",\"inLanguage\":\"en-US\",\"@id\":\"https:\/\/www.pern.pl\/en\/2017\/09\/26\/przyszlosc-bazy-paliw-w-debogorzu\/#primaryimage\",\"url\":\"https:\/\/www.pern.pl\/wp-content\/uploads\/2017\/09\/debogorze-news1-1.jpg\",\"contentUrl\":\"https:\/\/www.pern.pl\/wp-content\/uploads\/2017\/09\/debogorze-news1-1.jpg\",\"width\":1140,\"height\":530},{\"@type\":\"BreadcrumbList\",\"@id\":\"https:\/\/www.pern.pl\/en\/2017\/09\/26\/przyszlosc-bazy-paliw-w-debogorzu\/#breadcrumb\",\"itemListElement\":[{\"@type\":\"ListItem\",\"position\":1,\"name\":\"Home\",\"item\":\"https:\/\/www.pern.pl\/en\/\"},{\"@type\":\"ListItem\",\"position\":2,\"name\":\"Przysz\u0142o\u015b\u0107 Bazy Paliw w D\u0119bog\u00f3rzu\"}]},{\"@type\":\"WebSite\",\"@id\":\"https:\/\/www.pern.pl\/en\/#website\",\"url\":\"https:\/\/www.pern.pl\/en\/\",\"name\":\"PERN\",\"description\":\"\",\"potentialAction\":[{\"@type\":\"SearchAction\",\"target\":{\"@type\":\"EntryPoint\",\"urlTemplate\":\"https:\/\/www.pern.pl\/en\/?s={search_term_string}\"},\"query-input\":{\"@type\":\"PropertyValueSpecification\",\"valueRequired\":true,\"valueName\":\"search_term_string\"}}],\"inLanguage\":\"en-US\"},{\"@type\":\"Person\",\"@id\":\"https:\/\/www.pern.pl\/en\/#\/schema\/person\/c0b3ff0adb13c185f28935a4041b26f3\",\"name\":\"pern.adm_jacob\",\"image\":{\"@type\":\"ImageObject\",\"inLanguage\":\"en-US\",\"@id\":\"https:\/\/www.pern.pl\/en\/#\/schema\/person\/image\/\",\"url\":\"https:\/\/secure.gravatar.com\/avatar\/06a5260d0fdc8510c2710859659e9345d72482dbbc02e67c08427790120fde9a?s=96&d=mm&r=g\",\"contentUrl\":\"https:\/\/secure.gravatar.com\/avatar\/06a5260d0fdc8510c2710859659e9345d72482dbbc02e67c08427790120fde9a?s=96&d=mm&r=g\",\"caption\":\"pern.adm_jacob\"},\"url\":\"https:\/\/www.pern.pl\/en\/author\/pern-adm_jacob\/\"}]}<\/script>\n<!-- \/ Yoast SEO plugin. -->","yoast_head_json":{"title":"Przysz\u0142o\u015b\u0107 Bazy Paliw w D\u0119bog\u00f3rzu - PERN","robots":{"index":"index","follow":"follow","max-snippet":"max-snippet:-1","max-image-preview":"max-image-preview:large","max-video-preview":"max-video-preview:-1"},"canonical":"https:\/\/www.pern.pl\/en\/2017\/09\/26\/przyszlosc-bazy-paliw-w-debogorzu\/","og_locale":"en_US","og_type":"article","og_title":"Przysz\u0142o\u015b\u0107 Bazy Paliw w D\u0119bog\u00f3rzu - PERN","og_description":"W ostatnich miesi\u0105cach Sp\u00f3\u0142ka \u201eOLPP\u201d odnotowuje wzrost zainteresowania importem paliw drog\u0105 morsk\u0105 przez Baz\u0119 Paliw nr 21 w D\u0119bog\u00f3rzu. Zainteresowanie to by\u0142o impulsem do przygotowania planu zwi\u0119kszenia wydajno\u015bci instalacji i pojemno\u015bci magazynowej Bazy w D\u0119bog\u00f3rzu, a tym samym przekszta\u0142cenia jej w morski hub paliwowy.","og_url":"https:\/\/www.pern.pl\/en\/2017\/09\/26\/przyszlosc-bazy-paliw-w-debogorzu\/","og_site_name":"PERN","article_published_time":"2017-09-26T13:06:00+00:00","article_modified_time":"2023-06-22T11:16:21+00:00","og_image":[{"width":1140,"height":530,"url":"https:\/\/www.pern.pl\/wp-content\/uploads\/2017\/09\/debogorze-news1-1.jpg","type":"image\/jpeg"}],"author":"pern.adm_jacob","twitter_card":"summary_large_image","twitter_misc":{"Written by":"pern.adm_jacob","Est. reading time":"2 minutes"},"schema":{"@context":"https:\/\/schema.org","@graph":[{"@type":"Article","@id":"https:\/\/www.pern.pl\/en\/2017\/09\/26\/przyszlosc-bazy-paliw-w-debogorzu\/#article","isPartOf":{"@id":"https:\/\/www.pern.pl\/en\/2017\/09\/26\/przyszlosc-bazy-paliw-w-debogorzu\/"},"author":{"name":"pern.adm_jacob","@id":"https:\/\/www.pern.pl\/en\/#\/schema\/person\/c0b3ff0adb13c185f28935a4041b26f3"},"headline":"Przysz\u0142o\u015b\u0107 Bazy Paliw w D\u0119bog\u00f3rzu","datePublished":"2017-09-26T13:06:00+00:00","dateModified":"2023-06-22T11:16:21+00:00","mainEntityOfPage":{"@id":"https:\/\/www.pern.pl\/en\/2017\/09\/26\/przyszlosc-bazy-paliw-w-debogorzu\/"},"wordCount":263,"image":{"@id":"https:\/\/www.pern.pl\/en\/2017\/09\/26\/przyszlosc-bazy-paliw-w-debogorzu\/#primaryimage"},"thumbnailUrl":"https:\/\/www.pern.pl\/wp-content\/uploads\/2017\/09\/debogorze-news1-1.jpg","articleSection":["Komunikaty","Aktualno\u015bci"],"inLanguage":"en-US"},{"@type":"WebPage","@id":"https:\/\/www.pern.pl\/en\/2017\/09\/26\/przyszlosc-bazy-paliw-w-debogorzu\/","url":"https:\/\/www.pern.pl\/en\/2017\/09\/26\/przyszlosc-bazy-paliw-w-debogorzu\/","name":"Przysz\u0142o\u015b\u0107 Bazy Paliw w D\u0119bog\u00f3rzu - PERN","isPartOf":{"@id":"https:\/\/www.pern.pl\/en\/#website"},"primaryImageOfPage":{"@id":"https:\/\/www.pern.pl\/en\/2017\/09\/26\/przyszlosc-bazy-paliw-w-debogorzu\/#primaryimage"},"image":{"@id":"https:\/\/www.pern.pl\/en\/2017\/09\/26\/przyszlosc-bazy-paliw-w-debogorzu\/#primaryimage"},"thumbnailUrl":"https:\/\/www.pern.pl\/wp-content\/uploads\/2017\/09\/debogorze-news1-1.jpg","datePublished":"2017-09-26T13:06:00+00:00","dateModified":"2023-06-22T11:16:21+00:00","author":{"@id":"https:\/\/www.pern.pl\/en\/#\/schema\/person\/c0b3ff0adb13c185f28935a4041b26f3"},"breadcrumb":{"@id":"https:\/\/www.pern.pl\/en\/2017\/09\/26\/przyszlosc-bazy-paliw-w-debogorzu\/#breadcrumb"},"inLanguage":"en-US","potentialAction":[{"@type":"ReadAction","target":["https:\/\/www.pern.pl\/en\/2017\/09\/26\/przyszlosc-bazy-paliw-w-debogorzu\/"]}]},{"@type":"ImageObject","inLanguage":"en-US","@id":"https:\/\/www.pern.pl\/en\/2017\/09\/26\/przyszlosc-bazy-paliw-w-debogorzu\/#primaryimage","url":"https:\/\/www.pern.pl\/wp-content\/uploads\/2017\/09\/debogorze-news1-1.jpg","contentUrl":"https:\/\/www.pern.pl\/wp-content\/uploads\/2017\/09\/debogorze-news1-1.jpg","width":1140,"height":530},{"@type":"BreadcrumbList","@id":"https:\/\/www.pern.pl\/en\/2017\/09\/26\/przyszlosc-bazy-paliw-w-debogorzu\/#breadcrumb","itemListElement":[{"@type":"ListItem","position":1,"name":"Home","item":"https:\/\/www.pern.pl\/en\/"},{"@type":"ListItem","position":2,"name":"Przysz\u0142o\u015b\u0107 Bazy Paliw w D\u0119bog\u00f3rzu"}]},{"@type":"WebSite","@id":"https:\/\/www.pern.pl\/en\/#website","url":"https:\/\/www.pern.pl\/en\/","name":"PERN","description":"","potentialAction":[{"@type":"SearchAction","target":{"@type":"EntryPoint","urlTemplate":"https:\/\/www.pern.pl\/en\/?s={search_term_string}"},"query-input":{"@type":"PropertyValueSpecification","valueRequired":true,"valueName":"search_term_string"}}],"inLanguage":"en-US"},{"@type":"Person","@id":"https:\/\/www.pern.pl\/en\/#\/schema\/person\/c0b3ff0adb13c185f28935a4041b26f3","name":"pern.adm_jacob","image":{"@type":"ImageObject","inLanguage":"en-US","@id":"https:\/\/www.pern.pl\/en\/#\/schema\/person\/image\/","url":"https:\/\/secure.gravatar.com\/avatar\/06a5260d0fdc8510c2710859659e9345d72482dbbc02e67c08427790120fde9a?s=96&d=mm&r=g","contentUrl":"https:\/\/secure.gravatar.com\/avatar\/06a5260d0fdc8510c2710859659e9345d72482dbbc02e67c08427790120fde9a?s=96&d=mm&r=g","caption":"pern.adm_jacob"},"url":"https:\/\/www.pern.pl\/en\/author\/pern-adm_jacob\/"}]}},"_links":{"self":[{"href":"https:\/\/www.pern.pl\/en\/wp-json\/wp\/v2\/posts\/7892","targetHints":{"allow":["GET"]}}],"collection":[{"href":"https:\/\/www.pern.pl\/en\/wp-json\/wp\/v2\/posts"}],"about":[{"href":"https:\/\/www.pern.pl\/en\/wp-json\/wp\/v2\/types\/post"}],"author":[{"embeddable":true,"href":"https:\/\/www.pern.pl\/en\/wp-json\/wp\/v2\/users\/9"}],"replies":[{"embeddable":true,"href":"https:\/\/www.pern.pl\/en\/wp-json\/wp\/v2\/comments?post=7892"}],"version-history":[{"count":0,"href":"https:\/\/www.pern.pl\/en\/wp-json\/wp\/v2\/posts\/7892\/revisions"}],"wp:featuredmedia":[{"embeddable":true,"href":"https:\/\/www.pern.pl\/en\/wp-json\/wp\/v2\/media\/45423"}],"wp:attachment":[{"href":"https:\/\/www.pern.pl\/en\/wp-json\/wp\/v2\/media?parent=7892"}],"wp:term":[{"taxonomy":"category","embeddable":true,"href":"https:\/\/www.pern.pl\/en\/wp-json\/wp\/v2\/categories?post=7892"},{"taxonomy":"post_tag","embeddable":true,"href":"https:\/\/www.pern.pl\/en\/wp-json\/wp\/v2\/tags?post=7892"}],"curies":[{"name":"wp","href":"https:\/\/api.w.org\/{rel}","templated":true}]}}