{"id":53605,"date":"2026-04-30T12:15:54","date_gmt":"2026-04-30T10:15:54","guid":{"rendered":"https:\/\/www.pern.pl\/?p=53605"},"modified":"2026-04-30T12:18:30","modified_gmt":"2026-04-30T10:18:30","slug":"nowy-prezes-siarkopolu","status":"publish","type":"post","link":"https:\/\/www.pern.pl\/en\/2026\/04\/30\/nowy-prezes-siarkopolu\/","title":{"rendered":"Nowy Prezes Siarkopolu"},"content":{"rendered":"<p>Nadzwyczajne Zgromadzenie Wsp\u00f3lnik\u00f3w powo\u0142a\u0142o w pi\u0105tek, 24 kwietnia br., Pana Jakuba Papierskiego do sk\u0142adu Zarz\u0105du \u201eSIARKOPOL\u201d Gda\u0144sk S.A. i powierzy\u0142o mu funkcj\u0119 Prezesa Zarz\u0105du Sp\u00f3\u0142ki z dniem 1 maja 2026r.<\/p>\n<p>Jakub Papierski jest absolwentem Politechniki Pozna\u0144skiej, a tak\u017ce Szko\u0142y Biznesu Politechniki Warszawskiej oraz Harvard Business Review ICAN Institute. Posiada wieloletnie do\u015bwiadczenie w zarz\u0105dzaniu strategicznym, transformacji operacyjnej oraz realizacji wielomilionowych projekt\u00f3w w sektorze przemys\u0142owym i energetycznym.<\/p>\n<p>W latach 2022\u20132024 odpowiada\u0142 za kluczowe projekty infrastrukturalne w Siarkopolu na stanowisku Dyrektora Technicznego, projektuj\u0105c strategi\u0119 dywersyfikacji oraz prowadz\u0105c optymalizacj\u0119 maj\u0105tku trwa\u0142ego. Odpowiada\u0142 za wieloaspektow\u0105 strategi\u0119 modernizacji infrastruktury krytycznej terminala prze\u0142adunkowego.<\/p>\n<p>Od 2025 roku pe\u0142ni\u0142 funkcj\u0119 Dyrektora Operacyjnego w ENH2O Sp. z o. o., gdzie by\u0142 odpowiedzialny za strategiczne skalowanie biznesu w sektorze dystrybucji i obrotu energi\u0105 elektryczn\u0105.<\/p>\n<p>Jakub Papierski \u0142\u0105czy praktyczn\u0105 znajomo\u015b\u0107 infrastruktury krytycznej i proces\u00f3w logistycznych Siarkopolu z nowoczesnym rygorem finansowym wyniesionym z mi\u0119dzynarodowych korporacji oraz zarz\u0105dzaniem w sektorze technologii i transformacji energetycznej.<\/p>\n","protected":false},"excerpt":{"rendered":"<p>Nadzwyczajne Zgromadzenie Wsp\u00f3lnik\u00f3w powo\u0142a\u0142o w pi\u0105tek, 24 kwietnia br., Pana Jakuba Papierskiego do sk\u0142adu Zarz\u0105du \u201eSIARKOPOL\u201d Gda\u0144sk S.A. i powierzy\u0142o mu funkcj\u0119 Prezesa Zarz\u0105du Sp\u00f3\u0142ki z dniem 1 maja 2026r. Jakub Papierski jest absolwentem Politechniki &hellip; <a href=\"https:\/\/www.pern.pl\/en\/2026\/04\/30\/nowy-prezes-siarkopolu\/\" class=\"more-link\">Continue reading<span class=\"screen-reader-text\"> &#8220;Nowy Prezes Siarkopolu&#8221;<\/span><\/a><\/p>\n","protected":false},"author":38,"featured_media":53603,"comment_status":"closed","ping_status":"open","sticky":false,"template":"","format":"standard","meta":{"_acf_changed":false,"inline_featured_image":false,"footnotes":""},"categories":[7,8],"tags":[],"class_list":["post-53605","post","type-post","status-publish","format-standard","has-post-thumbnail","hentry","category-komunikaty","category-aktualnosci"],"acf":[],"yoast_head":"<!-- This site is optimized with the Yoast SEO plugin v26.9 - https:\/\/yoast.com\/product\/yoast-seo-wordpress\/ -->\n<title>Nowy Prezes Siarkopolu - PERN<\/title>\n<meta name=\"robots\" content=\"index, follow, max-snippet:-1, max-image-preview:large, max-video-preview:-1\" \/>\n<link rel=\"canonical\" href=\"https:\/\/www.pern.pl\/en\/2026\/04\/30\/nowy-prezes-siarkopolu\/\" \/>\n<meta property=\"og:locale\" content=\"en_US\" \/>\n<meta property=\"og:type\" content=\"article\" \/>\n<meta property=\"og:title\" content=\"Nowy Prezes Siarkopolu - PERN\" \/>\n<meta property=\"og:description\" content=\"Nadzwyczajne Zgromadzenie Wsp\u00f3lnik\u00f3w powo\u0142a\u0142o w pi\u0105tek, 24 kwietnia br., Pana Jakuba Papierskiego do sk\u0142adu Zarz\u0105du \u201eSIARKOPOL\u201d Gda\u0144sk S.A. i powierzy\u0142o mu funkcj\u0119 Prezesa Zarz\u0105du Sp\u00f3\u0142ki z dniem 1 maja 2026r. Jakub Papierski jest absolwentem Politechniki &hellip; Continue reading &quot;Nowy Prezes Siarkopolu&quot;\" \/>\n<meta property=\"og:url\" content=\"https:\/\/www.pern.pl\/en\/2026\/04\/30\/nowy-prezes-siarkopolu\/\" \/>\n<meta property=\"og:site_name\" content=\"PERN\" \/>\n<meta property=\"article:published_time\" content=\"2026-04-30T10:15:54+00:00\" \/>\n<meta property=\"article:modified_time\" content=\"2026-04-30T10:18:30+00:00\" \/>\n<meta property=\"og:image\" content=\"https:\/\/www.pern.pl\/wp-content\/uploads\/2026\/04\/dzien-klienta-1.png\" \/>\n\t<meta property=\"og:image:width\" content=\"1920\" \/>\n\t<meta property=\"og:image:height\" content=\"1080\" \/>\n\t<meta property=\"og:image:type\" content=\"image\/png\" \/>\n<meta name=\"author\" content=\"Maria.Ulanicka@pern.pl\" \/>\n<meta name=\"twitter:card\" content=\"summary_large_image\" \/>\n<meta name=\"twitter:label1\" content=\"Written by\" \/>\n\t<meta name=\"twitter:data1\" content=\"Maria.Ulanicka@pern.pl\" \/>\n\t<meta name=\"twitter:label2\" content=\"Est. reading time\" \/>\n\t<meta name=\"twitter:data2\" content=\"2 minutes\" \/>\n<script type=\"application\/ld+json\" class=\"yoast-schema-graph\">{\"@context\":\"https:\/\/schema.org\",\"@graph\":[{\"@type\":\"Article\",\"@id\":\"https:\/\/www.pern.pl\/en\/2026\/04\/30\/nowy-prezes-siarkopolu\/#article\",\"isPartOf\":{\"@id\":\"https:\/\/www.pern.pl\/en\/2026\/04\/30\/nowy-prezes-siarkopolu\/\"},\"author\":{\"name\":\"Maria.Ulanicka@pern.pl\",\"@id\":\"https:\/\/www.pern.pl\/en\/#\/schema\/person\/43f54842705fb27f1fba5af5fd44652b\"},\"headline\":\"Nowy Prezes Siarkopolu\",\"datePublished\":\"2026-04-30T10:15:54+00:00\",\"dateModified\":\"2026-04-30T10:18:30+00:00\",\"mainEntityOfPage\":{\"@id\":\"https:\/\/www.pern.pl\/en\/2026\/04\/30\/nowy-prezes-siarkopolu\/\"},\"wordCount\":178,\"image\":{\"@id\":\"https:\/\/www.pern.pl\/en\/2026\/04\/30\/nowy-prezes-siarkopolu\/#primaryimage\"},\"thumbnailUrl\":\"https:\/\/www.pern.pl\/wp-content\/uploads\/2026\/04\/dzien-klienta-1.png\",\"articleSection\":[\"Komunikaty\",\"Aktualno\u015bci\"],\"inLanguage\":\"en-US\"},{\"@type\":\"WebPage\",\"@id\":\"https:\/\/www.pern.pl\/en\/2026\/04\/30\/nowy-prezes-siarkopolu\/\",\"url\":\"https:\/\/www.pern.pl\/en\/2026\/04\/30\/nowy-prezes-siarkopolu\/\",\"name\":\"Nowy Prezes Siarkopolu - PERN\",\"isPartOf\":{\"@id\":\"https:\/\/www.pern.pl\/en\/#website\"},\"primaryImageOfPage\":{\"@id\":\"https:\/\/www.pern.pl\/en\/2026\/04\/30\/nowy-prezes-siarkopolu\/#primaryimage\"},\"image\":{\"@id\":\"https:\/\/www.pern.pl\/en\/2026\/04\/30\/nowy-prezes-siarkopolu\/#primaryimage\"},\"thumbnailUrl\":\"https:\/\/www.pern.pl\/wp-content\/uploads\/2026\/04\/dzien-klienta-1.png\",\"datePublished\":\"2026-04-30T10:15:54+00:00\",\"dateModified\":\"2026-04-30T10:18:30+00:00\",\"author\":{\"@id\":\"https:\/\/www.pern.pl\/en\/#\/schema\/person\/43f54842705fb27f1fba5af5fd44652b\"},\"breadcrumb\":{\"@id\":\"https:\/\/www.pern.pl\/en\/2026\/04\/30\/nowy-prezes-siarkopolu\/#breadcrumb\"},\"inLanguage\":\"en-US\",\"potentialAction\":[{\"@type\":\"ReadAction\",\"target\":[\"https:\/\/www.pern.pl\/en\/2026\/04\/30\/nowy-prezes-siarkopolu\/\"]}]},{\"@type\":\"ImageObject\",\"inLanguage\":\"en-US\",\"@id\":\"https:\/\/www.pern.pl\/en\/2026\/04\/30\/nowy-prezes-siarkopolu\/#primaryimage\",\"url\":\"https:\/\/www.pern.pl\/wp-content\/uploads\/2026\/04\/dzien-klienta-1.png\",\"contentUrl\":\"https:\/\/www.pern.pl\/wp-content\/uploads\/2026\/04\/dzien-klienta-1.png\",\"width\":1920,\"height\":1080},{\"@type\":\"BreadcrumbList\",\"@id\":\"https:\/\/www.pern.pl\/en\/2026\/04\/30\/nowy-prezes-siarkopolu\/#breadcrumb\",\"itemListElement\":[{\"@type\":\"ListItem\",\"position\":1,\"name\":\"Home\",\"item\":\"https:\/\/www.pern.pl\/en\/\"},{\"@type\":\"ListItem\",\"position\":2,\"name\":\"Nowy Prezes Siarkopolu\"}]},{\"@type\":\"WebSite\",\"@id\":\"https:\/\/www.pern.pl\/en\/#website\",\"url\":\"https:\/\/www.pern.pl\/en\/\",\"name\":\"PERN\",\"description\":\"\",\"potentialAction\":[{\"@type\":\"SearchAction\",\"target\":{\"@type\":\"EntryPoint\",\"urlTemplate\":\"https:\/\/www.pern.pl\/en\/?s={search_term_string}\"},\"query-input\":{\"@type\":\"PropertyValueSpecification\",\"valueRequired\":true,\"valueName\":\"search_term_string\"}}],\"inLanguage\":\"en-US\"},{\"@type\":\"Person\",\"@id\":\"https:\/\/www.pern.pl\/en\/#\/schema\/person\/43f54842705fb27f1fba5af5fd44652b\",\"name\":\"Maria.Ulanicka@pern.pl\",\"image\":{\"@type\":\"ImageObject\",\"inLanguage\":\"en-US\",\"@id\":\"https:\/\/www.pern.pl\/en\/#\/schema\/person\/image\/\",\"url\":\"https:\/\/secure.gravatar.com\/avatar\/9277b3e5411055a84c4c46d316d6237fbd791fb09726d17b39b34535faedd0f5?s=96&d=mm&r=g\",\"contentUrl\":\"https:\/\/secure.gravatar.com\/avatar\/9277b3e5411055a84c4c46d316d6237fbd791fb09726d17b39b34535faedd0f5?s=96&d=mm&r=g\",\"caption\":\"Maria.Ulanicka@pern.pl\"},\"url\":\"https:\/\/www.pern.pl\/en\/author\/maria-ulanickapern-pl\/\"}]}<\/script>\n<!-- \/ Yoast SEO plugin. -->","yoast_head_json":{"title":"Nowy Prezes Siarkopolu - PERN","robots":{"index":"index","follow":"follow","max-snippet":"max-snippet:-1","max-image-preview":"max-image-preview:large","max-video-preview":"max-video-preview:-1"},"canonical":"https:\/\/www.pern.pl\/en\/2026\/04\/30\/nowy-prezes-siarkopolu\/","og_locale":"en_US","og_type":"article","og_title":"Nowy Prezes Siarkopolu - PERN","og_description":"Nadzwyczajne Zgromadzenie Wsp\u00f3lnik\u00f3w powo\u0142a\u0142o w pi\u0105tek, 24 kwietnia br., Pana Jakuba Papierskiego do sk\u0142adu Zarz\u0105du \u201eSIARKOPOL\u201d Gda\u0144sk S.A. i powierzy\u0142o mu funkcj\u0119 Prezesa Zarz\u0105du Sp\u00f3\u0142ki z dniem 1 maja 2026r. Jakub Papierski jest absolwentem Politechniki &hellip; Continue reading \"Nowy Prezes Siarkopolu\"","og_url":"https:\/\/www.pern.pl\/en\/2026\/04\/30\/nowy-prezes-siarkopolu\/","og_site_name":"PERN","article_published_time":"2026-04-30T10:15:54+00:00","article_modified_time":"2026-04-30T10:18:30+00:00","og_image":[{"width":1920,"height":1080,"url":"https:\/\/www.pern.pl\/wp-content\/uploads\/2026\/04\/dzien-klienta-1.png","type":"image\/png"}],"author":"Maria.Ulanicka@pern.pl","twitter_card":"summary_large_image","twitter_misc":{"Written by":"Maria.Ulanicka@pern.pl","Est. reading time":"2 minutes"},"schema":{"@context":"https:\/\/schema.org","@graph":[{"@type":"Article","@id":"https:\/\/www.pern.pl\/en\/2026\/04\/30\/nowy-prezes-siarkopolu\/#article","isPartOf":{"@id":"https:\/\/www.pern.pl\/en\/2026\/04\/30\/nowy-prezes-siarkopolu\/"},"author":{"name":"Maria.Ulanicka@pern.pl","@id":"https:\/\/www.pern.pl\/en\/#\/schema\/person\/43f54842705fb27f1fba5af5fd44652b"},"headline":"Nowy Prezes Siarkopolu","datePublished":"2026-04-30T10:15:54+00:00","dateModified":"2026-04-30T10:18:30+00:00","mainEntityOfPage":{"@id":"https:\/\/www.pern.pl\/en\/2026\/04\/30\/nowy-prezes-siarkopolu\/"},"wordCount":178,"image":{"@id":"https:\/\/www.pern.pl\/en\/2026\/04\/30\/nowy-prezes-siarkopolu\/#primaryimage"},"thumbnailUrl":"https:\/\/www.pern.pl\/wp-content\/uploads\/2026\/04\/dzien-klienta-1.png","articleSection":["Komunikaty","Aktualno\u015bci"],"inLanguage":"en-US"},{"@type":"WebPage","@id":"https:\/\/www.pern.pl\/en\/2026\/04\/30\/nowy-prezes-siarkopolu\/","url":"https:\/\/www.pern.pl\/en\/2026\/04\/30\/nowy-prezes-siarkopolu\/","name":"Nowy Prezes Siarkopolu - PERN","isPartOf":{"@id":"https:\/\/www.pern.pl\/en\/#website"},"primaryImageOfPage":{"@id":"https:\/\/www.pern.pl\/en\/2026\/04\/30\/nowy-prezes-siarkopolu\/#primaryimage"},"image":{"@id":"https:\/\/www.pern.pl\/en\/2026\/04\/30\/nowy-prezes-siarkopolu\/#primaryimage"},"thumbnailUrl":"https:\/\/www.pern.pl\/wp-content\/uploads\/2026\/04\/dzien-klienta-1.png","datePublished":"2026-04-30T10:15:54+00:00","dateModified":"2026-04-30T10:18:30+00:00","author":{"@id":"https:\/\/www.pern.pl\/en\/#\/schema\/person\/43f54842705fb27f1fba5af5fd44652b"},"breadcrumb":{"@id":"https:\/\/www.pern.pl\/en\/2026\/04\/30\/nowy-prezes-siarkopolu\/#breadcrumb"},"inLanguage":"en-US","potentialAction":[{"@type":"ReadAction","target":["https:\/\/www.pern.pl\/en\/2026\/04\/30\/nowy-prezes-siarkopolu\/"]}]},{"@type":"ImageObject","inLanguage":"en-US","@id":"https:\/\/www.pern.pl\/en\/2026\/04\/30\/nowy-prezes-siarkopolu\/#primaryimage","url":"https:\/\/www.pern.pl\/wp-content\/uploads\/2026\/04\/dzien-klienta-1.png","contentUrl":"https:\/\/www.pern.pl\/wp-content\/uploads\/2026\/04\/dzien-klienta-1.png","width":1920,"height":1080},{"@type":"BreadcrumbList","@id":"https:\/\/www.pern.pl\/en\/2026\/04\/30\/nowy-prezes-siarkopolu\/#breadcrumb","itemListElement":[{"@type":"ListItem","position":1,"name":"Home","item":"https:\/\/www.pern.pl\/en\/"},{"@type":"ListItem","position":2,"name":"Nowy Prezes Siarkopolu"}]},{"@type":"WebSite","@id":"https:\/\/www.pern.pl\/en\/#website","url":"https:\/\/www.pern.pl\/en\/","name":"PERN","description":"","potentialAction":[{"@type":"SearchAction","target":{"@type":"EntryPoint","urlTemplate":"https:\/\/www.pern.pl\/en\/?s={search_term_string}"},"query-input":{"@type":"PropertyValueSpecification","valueRequired":true,"valueName":"search_term_string"}}],"inLanguage":"en-US"},{"@type":"Person","@id":"https:\/\/www.pern.pl\/en\/#\/schema\/person\/43f54842705fb27f1fba5af5fd44652b","name":"Maria.Ulanicka@pern.pl","image":{"@type":"ImageObject","inLanguage":"en-US","@id":"https:\/\/www.pern.pl\/en\/#\/schema\/person\/image\/","url":"https:\/\/secure.gravatar.com\/avatar\/9277b3e5411055a84c4c46d316d6237fbd791fb09726d17b39b34535faedd0f5?s=96&d=mm&r=g","contentUrl":"https:\/\/secure.gravatar.com\/avatar\/9277b3e5411055a84c4c46d316d6237fbd791fb09726d17b39b34535faedd0f5?s=96&d=mm&r=g","caption":"Maria.Ulanicka@pern.pl"},"url":"https:\/\/www.pern.pl\/en\/author\/maria-ulanickapern-pl\/"}]}},"_links":{"self":[{"href":"https:\/\/www.pern.pl\/en\/wp-json\/wp\/v2\/posts\/53605","targetHints":{"allow":["GET"]}}],"collection":[{"href":"https:\/\/www.pern.pl\/en\/wp-json\/wp\/v2\/posts"}],"about":[{"href":"https:\/\/www.pern.pl\/en\/wp-json\/wp\/v2\/types\/post"}],"author":[{"embeddable":true,"href":"https:\/\/www.pern.pl\/en\/wp-json\/wp\/v2\/users\/38"}],"replies":[{"embeddable":true,"href":"https:\/\/www.pern.pl\/en\/wp-json\/wp\/v2\/comments?post=53605"}],"version-history":[{"count":1,"href":"https:\/\/www.pern.pl\/en\/wp-json\/wp\/v2\/posts\/53605\/revisions"}],"predecessor-version":[{"id":53606,"href":"https:\/\/www.pern.pl\/en\/wp-json\/wp\/v2\/posts\/53605\/revisions\/53606"}],"wp:featuredmedia":[{"embeddable":true,"href":"https:\/\/www.pern.pl\/en\/wp-json\/wp\/v2\/media\/53603"}],"wp:attachment":[{"href":"https:\/\/www.pern.pl\/en\/wp-json\/wp\/v2\/media?parent=53605"}],"wp:term":[{"taxonomy":"category","embeddable":true,"href":"https:\/\/www.pern.pl\/en\/wp-json\/wp\/v2\/categories?post=53605"},{"taxonomy":"post_tag","embeddable":true,"href":"https:\/\/www.pern.pl\/en\/wp-json\/wp\/v2\/tags?post=53605"}],"curies":[{"name":"wp","href":"https:\/\/api.w.org\/{rel}","templated":true}]}}