{"id":48732,"date":"2023-06-26T10:36:52","date_gmt":"2023-06-26T08:36:52","guid":{"rendered":"https:\/\/www.pern.pl\/?p=48732"},"modified":"2023-06-26T14:22:56","modified_gmt":"2023-06-26T12:22:56","slug":"pawel-stanczyk-czlonkiem-rady-dyrektorow-popihn-2","status":"publish","type":"post","link":"https:\/\/www.pern.pl\/en\/2023\/06\/26\/pawel-stanczyk-czlonkiem-rady-dyrektorow-popihn-2\/","title":{"rendered":"Pawe\u0142 Sta\u0144czyk cz\u0142onkiem Rady Dyrektor\u00f3w POPiHN"},"content":{"rendered":"<p><strong>16 czerwca br., decyzj\u0105 Zwyczajnego Walnego Zgromadzenia Akcjonariuszy Polskiej Organizacji Przemys\u0142u i Handlu Naftowego, do grona cz\u0142onk\u00f3w Rady Dyrektor\u00f3w, z rekomendacji PERN S.A, zosta\u0142 przyj\u0119ty Pawe\u0142 Sta\u0144czyk, Wiceprezes PERN S.A.<\/strong><\/p>\n<p><em>\u2013 Jestem wdzi\u0119czny za zaufanie. POPiHN jest doskona\u0142\u0105 platform\u0105 do wymiany informacji i do wsp\u00f3lnych konsultacji nad rozwi\u0105zaniami legislacyjnymi i regulacyjnymi dla naszej bran\u017cy<\/em> \u2013 podkre\u015bli\u0142 Pawe\u0142 Sta\u0144czyk.<\/p>\n<p><img loading=\"lazy\" decoding=\"async\" class=\"alignnone size-large wp-image-48265\" src=\"https:\/\/www.pern.pl\/wp-content\/uploads\/2023\/06\/Pawel-Stanczyk-2-1024x705.jpg\" alt=\"\" width=\"1024\" height=\"705\" srcset=\"https:\/\/www.pern.pl\/wp-content\/uploads\/2023\/06\/Pawel-Stanczyk-2-1024x705.jpg 1024w, https:\/\/www.pern.pl\/wp-content\/uploads\/2023\/06\/Pawel-Stanczyk-2-300x207.jpg 300w, https:\/\/www.pern.pl\/wp-content\/uploads\/2023\/06\/Pawel-Stanczyk-2-768x529.jpg 768w, https:\/\/www.pern.pl\/wp-content\/uploads\/2023\/06\/Pawel-Stanczyk-2-1536x1058.jpg 1536w, https:\/\/www.pern.pl\/wp-content\/uploads\/2023\/06\/Pawel-Stanczyk-2-2048x1411.jpg 2048w, https:\/\/www.pern.pl\/wp-content\/uploads\/2023\/06\/Pawel-Stanczyk-2-1200x827.jpg 1200w\" sizes=\"auto, (max-width: 1024px) 95vw, 1024px\" \/><\/p>\n<p>Pawe\u0142 Sta\u0144czyk zosta\u0142 wybrany do Rady Dyrektor\u00f3w POPiHN po raz drugi. Wcze\u015bniej pe\u0142ni\u0142 t\u0119 funkcj\u0119 w latach 2016-2018 z ramienia OLPP Sp. z o.o.<\/p>\n<p>Rada Dyrektor\u00f3w POPiHN jest organem Organizacji sprawuj\u0105cym sta\u0142y nadz\u00f3r nad dzia\u0142alno\u015bci\u0105 POPiHN. Kadencja cz\u0142onk\u00f3w Rady Dyrektor\u00f3w jest wsp\u00f3lna i trwa 3 lata.<\/p>\n<p>PERN jest cz\u0142onkiem Polskiej Organizacji Przemys\u0142u i Handlu Naftowego od grudnia 2006 roku.<\/p>\n<p>Pawe\u0142 Sta\u0144czyk to do\u015bwiadczony mened\u017cer w sektorze energetyczno-paliwowym. Absolwent studi\u00f3w mened\u017cerskich MBA Energetyka na Uczelni \u0141azarskiego, stosunk\u00f3w mi\u0119dzynarodowych na Uniwersytecie Warszawskim, studi\u00f3w mened\u017cerskich w Szkole G\u0142\u00f3wnej Handlowej w Warszawie. W okresie 2016 \u2013 2018 by\u0142 prezesem zarz\u0105du sp\u00f3\u0142ki Operator Logistyczny Paliw P\u0142ynnych sp. z o.o., nale\u017c\u0105cej do Grupy PERN. Nast\u0119pnie od 2018 do 2020 roku by\u0142 zwi\u0105zany z Grup\u0105 PKN Orlen, gdzie sprawowa\u0142 funkcj\u0119 wiceprezesa zarz\u0105du ds. rozwoju w ORLEN Serwis S.A. oraz President of Board of Directors w ORLEN Service Lietuva. W latach 2020-2021 by\u0142 prezesem zarz\u0105du PGNiG TERMIKA S.A. oraz wiceprezesem zarz\u0105du Polskiego Towarzystwa Elektrociep\u0142owni Zawodowych, a p\u00f3\u017aniej w latach 2021 \u2013 2022 pe\u0142ni\u0142 funkcj\u0119 prezesa zarz\u0105du sp\u00f3\u0142ki Grupa Azoty Zak\u0142ady Azotowe K\u0119dzierzyn S.A. W PERN S.A. w 2022 roku pocz\u0105tkowo pe\u0142ni\u0142 funkcj\u0119 Prezesa Zarz\u0105du, a od maja 2023 roku pe\u0142ni funkcj\u0119 Wiceprezesa Zarz\u0105du.<\/p>\n\n","protected":false},"excerpt":{"rendered":"<p>16 czerwca br., decyzj\u0105 Zwyczajnego Walnego Zgromadzenia Akcjonariuszy Polskiej Organizacji Przemys\u0142u i Handlu Naftowego, do grona cz\u0142onk\u00f3w Rady Dyrektor\u00f3w, z rekomendacji PERN S.A, zosta\u0142 przyj\u0119ty Pawe\u0142 Sta\u0144czyk, Wiceprezes PERN S.A. \u2013 Jestem wdzi\u0119czny za zaufanie. &hellip; <a href=\"https:\/\/www.pern.pl\/en\/2023\/06\/26\/pawel-stanczyk-czlonkiem-rady-dyrektorow-popihn-2\/\" class=\"more-link\">Continue reading<span class=\"screen-reader-text\"> &#8220;Pawe\u0142 Sta\u0144czyk cz\u0142onkiem Rady Dyrektor\u00f3w POPiHN&#8221;<\/span><\/a><\/p>\n","protected":false},"author":19,"featured_media":45042,"comment_status":"closed","ping_status":"open","sticky":false,"template":"","format":"standard","meta":{"_acf_changed":false,"inline_featured_image":false,"footnotes":""},"categories":[1,7,8],"tags":[],"class_list":["post-48732","post","type-post","status-publish","format-standard","has-post-thumbnail","hentry","category-bez-kategorii","category-komunikaty","category-aktualnosci"],"acf":[],"yoast_head":"<!-- This site is optimized with the Yoast SEO plugin v26.9 - https:\/\/yoast.com\/product\/yoast-seo-wordpress\/ -->\n<title>Pawe\u0142 Sta\u0144czyk cz\u0142onkiem Rady Dyrektor\u00f3w POPiHN - PERN<\/title>\n<meta name=\"robots\" content=\"index, follow, max-snippet:-1, max-image-preview:large, max-video-preview:-1\" \/>\n<link rel=\"canonical\" href=\"https:\/\/www.pern.pl\/en\/2023\/06\/26\/pawel-stanczyk-czlonkiem-rady-dyrektorow-popihn-2\/\" \/>\n<meta property=\"og:locale\" content=\"en_US\" \/>\n<meta property=\"og:type\" content=\"article\" \/>\n<meta property=\"og:title\" content=\"Pawe\u0142 Sta\u0144czyk cz\u0142onkiem Rady Dyrektor\u00f3w POPiHN - PERN\" \/>\n<meta property=\"og:description\" content=\"16 czerwca br., decyzj\u0105 Zwyczajnego Walnego Zgromadzenia Akcjonariuszy Polskiej Organizacji Przemys\u0142u i Handlu Naftowego, do grona cz\u0142onk\u00f3w Rady Dyrektor\u00f3w, z rekomendacji PERN S.A, zosta\u0142 przyj\u0119ty Pawe\u0142 Sta\u0144czyk, Wiceprezes PERN S.A. \u2013 Jestem wdzi\u0119czny za zaufanie. &hellip; Continue reading &quot;Pawe\u0142 Sta\u0144czyk cz\u0142onkiem Rady Dyrektor\u00f3w POPiHN&quot;\" \/>\n<meta property=\"og:url\" content=\"https:\/\/www.pern.pl\/en\/2023\/06\/26\/pawel-stanczyk-czlonkiem-rady-dyrektorow-popihn-2\/\" \/>\n<meta property=\"og:site_name\" content=\"PERN\" \/>\n<meta property=\"article:published_time\" content=\"2023-06-26T08:36:52+00:00\" \/>\n<meta property=\"article:modified_time\" content=\"2023-06-26T12:22:56+00:00\" \/>\n<meta property=\"og:image\" content=\"https:\/\/www.pern.pl\/wp-content\/uploads\/2022\/01\/c67e2f12e7ef69ce4c3c3ab29576e586.jpg\" \/>\n\t<meta property=\"og:image:width\" content=\"1920\" \/>\n\t<meta property=\"og:image:height\" content=\"960\" \/>\n\t<meta property=\"og:image:type\" content=\"image\/jpeg\" \/>\n<meta name=\"author\" content=\"Redaktor PERN\" \/>\n<meta name=\"twitter:card\" content=\"summary_large_image\" \/>\n<meta name=\"twitter:label1\" content=\"Written by\" \/>\n\t<meta name=\"twitter:data1\" content=\"Redaktor PERN\" \/>\n\t<meta name=\"twitter:label2\" content=\"Est. reading time\" \/>\n\t<meta name=\"twitter:data2\" content=\"2 minutes\" \/>\n<script type=\"application\/ld+json\" class=\"yoast-schema-graph\">{\"@context\":\"https:\/\/schema.org\",\"@graph\":[{\"@type\":\"Article\",\"@id\":\"https:\/\/www.pern.pl\/en\/2023\/06\/26\/pawel-stanczyk-czlonkiem-rady-dyrektorow-popihn-2\/#article\",\"isPartOf\":{\"@id\":\"https:\/\/www.pern.pl\/en\/2023\/06\/26\/pawel-stanczyk-czlonkiem-rady-dyrektorow-popihn-2\/\"},\"author\":{\"name\":\"Redaktor PERN\",\"@id\":\"https:\/\/www.pern.pl\/en\/#\/schema\/person\/8278fc038cb5d2e68442e3d78bc1faca\"},\"headline\":\"Pawe\u0142 Sta\u0144czyk cz\u0142onkiem Rady Dyrektor\u00f3w POPiHN\",\"datePublished\":\"2023-06-26T08:36:52+00:00\",\"dateModified\":\"2023-06-26T12:22:56+00:00\",\"mainEntityOfPage\":{\"@id\":\"https:\/\/www.pern.pl\/en\/2023\/06\/26\/pawel-stanczyk-czlonkiem-rady-dyrektorow-popihn-2\/\"},\"wordCount\":317,\"image\":{\"@id\":\"https:\/\/www.pern.pl\/en\/2023\/06\/26\/pawel-stanczyk-czlonkiem-rady-dyrektorow-popihn-2\/#primaryimage\"},\"thumbnailUrl\":\"https:\/\/www.pern.pl\/wp-content\/uploads\/2022\/01\/c67e2f12e7ef69ce4c3c3ab29576e586.jpg\",\"articleSection\":[\"Bez kategorii\",\"Komunikaty\",\"Aktualno\u015bci\"],\"inLanguage\":\"en-US\"},{\"@type\":\"WebPage\",\"@id\":\"https:\/\/www.pern.pl\/en\/2023\/06\/26\/pawel-stanczyk-czlonkiem-rady-dyrektorow-popihn-2\/\",\"url\":\"https:\/\/www.pern.pl\/en\/2023\/06\/26\/pawel-stanczyk-czlonkiem-rady-dyrektorow-popihn-2\/\",\"name\":\"Pawe\u0142 Sta\u0144czyk cz\u0142onkiem Rady Dyrektor\u00f3w POPiHN - PERN\",\"isPartOf\":{\"@id\":\"https:\/\/www.pern.pl\/en\/#website\"},\"primaryImageOfPage\":{\"@id\":\"https:\/\/www.pern.pl\/en\/2023\/06\/26\/pawel-stanczyk-czlonkiem-rady-dyrektorow-popihn-2\/#primaryimage\"},\"image\":{\"@id\":\"https:\/\/www.pern.pl\/en\/2023\/06\/26\/pawel-stanczyk-czlonkiem-rady-dyrektorow-popihn-2\/#primaryimage\"},\"thumbnailUrl\":\"https:\/\/www.pern.pl\/wp-content\/uploads\/2022\/01\/c67e2f12e7ef69ce4c3c3ab29576e586.jpg\",\"datePublished\":\"2023-06-26T08:36:52+00:00\",\"dateModified\":\"2023-06-26T12:22:56+00:00\",\"author\":{\"@id\":\"https:\/\/www.pern.pl\/en\/#\/schema\/person\/8278fc038cb5d2e68442e3d78bc1faca\"},\"breadcrumb\":{\"@id\":\"https:\/\/www.pern.pl\/en\/2023\/06\/26\/pawel-stanczyk-czlonkiem-rady-dyrektorow-popihn-2\/#breadcrumb\"},\"inLanguage\":\"en-US\",\"potentialAction\":[{\"@type\":\"ReadAction\",\"target\":[\"https:\/\/www.pern.pl\/en\/2023\/06\/26\/pawel-stanczyk-czlonkiem-rady-dyrektorow-popihn-2\/\"]}]},{\"@type\":\"ImageObject\",\"inLanguage\":\"en-US\",\"@id\":\"https:\/\/www.pern.pl\/en\/2023\/06\/26\/pawel-stanczyk-czlonkiem-rady-dyrektorow-popihn-2\/#primaryimage\",\"url\":\"https:\/\/www.pern.pl\/wp-content\/uploads\/2022\/01\/c67e2f12e7ef69ce4c3c3ab29576e586.jpg\",\"contentUrl\":\"https:\/\/www.pern.pl\/wp-content\/uploads\/2022\/01\/c67e2f12e7ef69ce4c3c3ab29576e586.jpg\",\"width\":1920,\"height\":960},{\"@type\":\"BreadcrumbList\",\"@id\":\"https:\/\/www.pern.pl\/en\/2023\/06\/26\/pawel-stanczyk-czlonkiem-rady-dyrektorow-popihn-2\/#breadcrumb\",\"itemListElement\":[{\"@type\":\"ListItem\",\"position\":1,\"name\":\"Home\",\"item\":\"https:\/\/www.pern.pl\/en\/\"},{\"@type\":\"ListItem\",\"position\":2,\"name\":\"Pawe\u0142 Sta\u0144czyk cz\u0142onkiem Rady Dyrektor\u00f3w POPiHN\"}]},{\"@type\":\"WebSite\",\"@id\":\"https:\/\/www.pern.pl\/en\/#website\",\"url\":\"https:\/\/www.pern.pl\/en\/\",\"name\":\"PERN\",\"description\":\"\",\"potentialAction\":[{\"@type\":\"SearchAction\",\"target\":{\"@type\":\"EntryPoint\",\"urlTemplate\":\"https:\/\/www.pern.pl\/en\/?s={search_term_string}\"},\"query-input\":{\"@type\":\"PropertyValueSpecification\",\"valueRequired\":true,\"valueName\":\"search_term_string\"}}],\"inLanguage\":\"en-US\"},{\"@type\":\"Person\",\"@id\":\"https:\/\/www.pern.pl\/en\/#\/schema\/person\/8278fc038cb5d2e68442e3d78bc1faca\",\"name\":\"Redaktor PERN\",\"image\":{\"@type\":\"ImageObject\",\"inLanguage\":\"en-US\",\"@id\":\"https:\/\/www.pern.pl\/en\/#\/schema\/person\/image\/\",\"url\":\"https:\/\/secure.gravatar.com\/avatar\/b9872a43b99868c6be5af1bc3f9075c978c355292bdda0646c0f43666e45b7c8?s=96&d=mm&r=g\",\"contentUrl\":\"https:\/\/secure.gravatar.com\/avatar\/b9872a43b99868c6be5af1bc3f9075c978c355292bdda0646c0f43666e45b7c8?s=96&d=mm&r=g\",\"caption\":\"Redaktor PERN\"},\"url\":\"https:\/\/www.pern.pl\/en\/author\/pern\/\"}]}<\/script>\n<!-- \/ Yoast SEO plugin. -->","yoast_head_json":{"title":"Pawe\u0142 Sta\u0144czyk cz\u0142onkiem Rady Dyrektor\u00f3w POPiHN - PERN","robots":{"index":"index","follow":"follow","max-snippet":"max-snippet:-1","max-image-preview":"max-image-preview:large","max-video-preview":"max-video-preview:-1"},"canonical":"https:\/\/www.pern.pl\/en\/2023\/06\/26\/pawel-stanczyk-czlonkiem-rady-dyrektorow-popihn-2\/","og_locale":"en_US","og_type":"article","og_title":"Pawe\u0142 Sta\u0144czyk cz\u0142onkiem Rady Dyrektor\u00f3w POPiHN - PERN","og_description":"16 czerwca br., decyzj\u0105 Zwyczajnego Walnego Zgromadzenia Akcjonariuszy Polskiej Organizacji Przemys\u0142u i Handlu Naftowego, do grona cz\u0142onk\u00f3w Rady Dyrektor\u00f3w, z rekomendacji PERN S.A, zosta\u0142 przyj\u0119ty Pawe\u0142 Sta\u0144czyk, Wiceprezes PERN S.A. \u2013 Jestem wdzi\u0119czny za zaufanie. &hellip; Continue reading \"Pawe\u0142 Sta\u0144czyk cz\u0142onkiem Rady Dyrektor\u00f3w POPiHN\"","og_url":"https:\/\/www.pern.pl\/en\/2023\/06\/26\/pawel-stanczyk-czlonkiem-rady-dyrektorow-popihn-2\/","og_site_name":"PERN","article_published_time":"2023-06-26T08:36:52+00:00","article_modified_time":"2023-06-26T12:22:56+00:00","og_image":[{"width":1920,"height":960,"url":"https:\/\/www.pern.pl\/wp-content\/uploads\/2022\/01\/c67e2f12e7ef69ce4c3c3ab29576e586.jpg","type":"image\/jpeg"}],"author":"Redaktor PERN","twitter_card":"summary_large_image","twitter_misc":{"Written by":"Redaktor PERN","Est. reading time":"2 minutes"},"schema":{"@context":"https:\/\/schema.org","@graph":[{"@type":"Article","@id":"https:\/\/www.pern.pl\/en\/2023\/06\/26\/pawel-stanczyk-czlonkiem-rady-dyrektorow-popihn-2\/#article","isPartOf":{"@id":"https:\/\/www.pern.pl\/en\/2023\/06\/26\/pawel-stanczyk-czlonkiem-rady-dyrektorow-popihn-2\/"},"author":{"name":"Redaktor PERN","@id":"https:\/\/www.pern.pl\/en\/#\/schema\/person\/8278fc038cb5d2e68442e3d78bc1faca"},"headline":"Pawe\u0142 Sta\u0144czyk cz\u0142onkiem Rady Dyrektor\u00f3w POPiHN","datePublished":"2023-06-26T08:36:52+00:00","dateModified":"2023-06-26T12:22:56+00:00","mainEntityOfPage":{"@id":"https:\/\/www.pern.pl\/en\/2023\/06\/26\/pawel-stanczyk-czlonkiem-rady-dyrektorow-popihn-2\/"},"wordCount":317,"image":{"@id":"https:\/\/www.pern.pl\/en\/2023\/06\/26\/pawel-stanczyk-czlonkiem-rady-dyrektorow-popihn-2\/#primaryimage"},"thumbnailUrl":"https:\/\/www.pern.pl\/wp-content\/uploads\/2022\/01\/c67e2f12e7ef69ce4c3c3ab29576e586.jpg","articleSection":["Bez kategorii","Komunikaty","Aktualno\u015bci"],"inLanguage":"en-US"},{"@type":"WebPage","@id":"https:\/\/www.pern.pl\/en\/2023\/06\/26\/pawel-stanczyk-czlonkiem-rady-dyrektorow-popihn-2\/","url":"https:\/\/www.pern.pl\/en\/2023\/06\/26\/pawel-stanczyk-czlonkiem-rady-dyrektorow-popihn-2\/","name":"Pawe\u0142 Sta\u0144czyk cz\u0142onkiem Rady Dyrektor\u00f3w POPiHN - PERN","isPartOf":{"@id":"https:\/\/www.pern.pl\/en\/#website"},"primaryImageOfPage":{"@id":"https:\/\/www.pern.pl\/en\/2023\/06\/26\/pawel-stanczyk-czlonkiem-rady-dyrektorow-popihn-2\/#primaryimage"},"image":{"@id":"https:\/\/www.pern.pl\/en\/2023\/06\/26\/pawel-stanczyk-czlonkiem-rady-dyrektorow-popihn-2\/#primaryimage"},"thumbnailUrl":"https:\/\/www.pern.pl\/wp-content\/uploads\/2022\/01\/c67e2f12e7ef69ce4c3c3ab29576e586.jpg","datePublished":"2023-06-26T08:36:52+00:00","dateModified":"2023-06-26T12:22:56+00:00","author":{"@id":"https:\/\/www.pern.pl\/en\/#\/schema\/person\/8278fc038cb5d2e68442e3d78bc1faca"},"breadcrumb":{"@id":"https:\/\/www.pern.pl\/en\/2023\/06\/26\/pawel-stanczyk-czlonkiem-rady-dyrektorow-popihn-2\/#breadcrumb"},"inLanguage":"en-US","potentialAction":[{"@type":"ReadAction","target":["https:\/\/www.pern.pl\/en\/2023\/06\/26\/pawel-stanczyk-czlonkiem-rady-dyrektorow-popihn-2\/"]}]},{"@type":"ImageObject","inLanguage":"en-US","@id":"https:\/\/www.pern.pl\/en\/2023\/06\/26\/pawel-stanczyk-czlonkiem-rady-dyrektorow-popihn-2\/#primaryimage","url":"https:\/\/www.pern.pl\/wp-content\/uploads\/2022\/01\/c67e2f12e7ef69ce4c3c3ab29576e586.jpg","contentUrl":"https:\/\/www.pern.pl\/wp-content\/uploads\/2022\/01\/c67e2f12e7ef69ce4c3c3ab29576e586.jpg","width":1920,"height":960},{"@type":"BreadcrumbList","@id":"https:\/\/www.pern.pl\/en\/2023\/06\/26\/pawel-stanczyk-czlonkiem-rady-dyrektorow-popihn-2\/#breadcrumb","itemListElement":[{"@type":"ListItem","position":1,"name":"Home","item":"https:\/\/www.pern.pl\/en\/"},{"@type":"ListItem","position":2,"name":"Pawe\u0142 Sta\u0144czyk cz\u0142onkiem Rady Dyrektor\u00f3w POPiHN"}]},{"@type":"WebSite","@id":"https:\/\/www.pern.pl\/en\/#website","url":"https:\/\/www.pern.pl\/en\/","name":"PERN","description":"","potentialAction":[{"@type":"SearchAction","target":{"@type":"EntryPoint","urlTemplate":"https:\/\/www.pern.pl\/en\/?s={search_term_string}"},"query-input":{"@type":"PropertyValueSpecification","valueRequired":true,"valueName":"search_term_string"}}],"inLanguage":"en-US"},{"@type":"Person","@id":"https:\/\/www.pern.pl\/en\/#\/schema\/person\/8278fc038cb5d2e68442e3d78bc1faca","name":"Redaktor PERN","image":{"@type":"ImageObject","inLanguage":"en-US","@id":"https:\/\/www.pern.pl\/en\/#\/schema\/person\/image\/","url":"https:\/\/secure.gravatar.com\/avatar\/b9872a43b99868c6be5af1bc3f9075c978c355292bdda0646c0f43666e45b7c8?s=96&d=mm&r=g","contentUrl":"https:\/\/secure.gravatar.com\/avatar\/b9872a43b99868c6be5af1bc3f9075c978c355292bdda0646c0f43666e45b7c8?s=96&d=mm&r=g","caption":"Redaktor PERN"},"url":"https:\/\/www.pern.pl\/en\/author\/pern\/"}]}},"_links":{"self":[{"href":"https:\/\/www.pern.pl\/en\/wp-json\/wp\/v2\/posts\/48732","targetHints":{"allow":["GET"]}}],"collection":[{"href":"https:\/\/www.pern.pl\/en\/wp-json\/wp\/v2\/posts"}],"about":[{"href":"https:\/\/www.pern.pl\/en\/wp-json\/wp\/v2\/types\/post"}],"author":[{"embeddable":true,"href":"https:\/\/www.pern.pl\/en\/wp-json\/wp\/v2\/users\/19"}],"replies":[{"embeddable":true,"href":"https:\/\/www.pern.pl\/en\/wp-json\/wp\/v2\/comments?post=48732"}],"version-history":[{"count":0,"href":"https:\/\/www.pern.pl\/en\/wp-json\/wp\/v2\/posts\/48732\/revisions"}],"wp:featuredmedia":[{"embeddable":true,"href":"https:\/\/www.pern.pl\/en\/wp-json\/wp\/v2\/media\/45042"}],"wp:attachment":[{"href":"https:\/\/www.pern.pl\/en\/wp-json\/wp\/v2\/media?parent=48732"}],"wp:term":[{"taxonomy":"category","embeddable":true,"href":"https:\/\/www.pern.pl\/en\/wp-json\/wp\/v2\/categories?post=48732"},{"taxonomy":"post_tag","embeddable":true,"href":"https:\/\/www.pern.pl\/en\/wp-json\/wp\/v2\/tags?post=48732"}],"curies":[{"name":"wp","href":"https:\/\/api.w.org\/{rel}","templated":true}]}}