{"id":21716,"date":"2021-08-20T15:12:22","date_gmt":"2021-08-20T13:12:22","guid":{"rendered":"https:\/\/pern.pl\/?p=21716"},"modified":"2023-06-22T12:29:09","modified_gmt":"2023-06-22T10:29:09","slug":"pern-stawia-na-ekologie","status":"publish","type":"post","link":"https:\/\/www.pern.pl\/en\/2021\/08\/20\/pern-stawia-na-ekologie\/","title":{"rendered":"PERN stawia na ekologi\u0119"},"content":{"rendered":"<p>PERN stawia na ekologi\u0119<\/p>\n<p>Ograniczenie \u015bladu w\u0119glowego, obni\u017cenie koszt\u00f3w zu\u017cycia wody, a tak\u017ce zmiana sposobu zagospodarowania w\u00f3d opadowych i odpad\u00f3w p\u0142ynnych powstaj\u0105cych podczas czyszczenia zbiornik\u00f3w ropy naftowej \u2013 to tylko niekt\u00f3re efekty jakie przynios\u0105 inicjatywy proekologiczne, realizowane obecnie w PERN. Celem tych dzia\u0142a\u0144 jest zmniejszenie negatywnego wp\u0142ywu sp\u00f3\u0142ki na \u015brodowisko naturalne. Znaczenie ochrony \u015brodowiska zosta\u0142o podkre\u015blone w strategii PERN do 2024 roku.<\/p>\n<p>PERN w perspektywie do 2024 roku przewiduje m.in. budow\u0119 nowych instalacji odzysku par benzyn, oczyszczalni \u015bciek\u00f3w, przebudow\u0119 system\u00f3w kanalizacji deszczowo \u2013 przemys\u0142owych, jak r\u00f3wnie\u017c modernizacj\u0119 o\u015bwietlenia. Uruchomienie nowych instalacji odzysku par benzyn planowane jest do ko\u0144ca II kwarta\u0142u przysz\u0142ego roku. W efekcie budowy wska\u017aniki emisji w\u0119glowodor\u00f3w nie b\u0119d\u0105 przekracza\u0142y 10 g\/Nm3, a taki pu\u0142ap wyznaczaj\u0105 przepisy \u015brodowiskowe w wielu krajach Unii Europejskiej. Na inwestycje ekologiczne PERN przeznaczy w najbli\u017cszym czasie ponad 23 mln z\u0142.<\/p>\n<p>Kluczowe za\u0142o\u017cenia strategii PERN do 2024 roku<\/p>\n<ul>\n<li>Zapewnienie sprawnego funkcjonowania polskiej gospodarce dzi\u0119ki realizacji programu Megainwestycje na rynku ropy i paliw oraz poprawie konkurencyjno\u015bci baz PERN,<\/li>\n<li>ograniczenie wp\u0142ywu PERN na otoczenie \u2013 poprzez rozwi\u0105zania chroni\u0105ce \u015brodowisko, a tak\u017ce zmniejszenie zu\u017cycia wody, plastiku i papieru oraz ilo\u015bci odpad\u00f3w,<\/li>\n<li>inwestycje w badania i rozw\u00f3j oraz wsp\u00f3\u0142praca ze start-upami, m.in. w zakresie odnawialnych \u017ar\u00f3de\u0142 energii.<\/li>\n<\/ul>\n<p>PERN od wielu lat prowadzi szeroki program inwestycji ekologicznych, polegaj\u0105cych mi\u0119dzy innymi na ograniczaniu wp\u0142ywu dzia\u0142alno\u015bci eksploatacyjnej na \u015brodowisko. Ryzyko wyst\u0105pienia wyciek\u00f3w i zanieczyszcze\u0144 podlega ci\u0105g\u0142ej analizie, co monitoruj\u0105 zaawansowane systemy automatyki. Pod \u015bcis\u0142\u0105 kontrol\u0105 s\u0105 tak\u017ce nowe inwestycje. Budowa kolejnych zbiornik\u00f3w na rop\u0119 naftow\u0105 i paliwa odbywa si\u0119 w oparciu o najwy\u017csze standardy bezpiecze\u0144stwa ekologicznego z zastosowaniem podw\u00f3jnych p\u0142aszczy, podw\u00f3jnego dna i specjalnych geomembran, kt\u00f3rych celem jest ograniczenie ryzyka wyciek\u00f3w ropy naftowej lub paliw do \u015brodowiska.<\/p>\n<p>&nbsp;<\/p>\n\n","protected":false},"excerpt":{"rendered":"<p>PERN stawia na ekologi\u0119 Ograniczenie \u015bladu w\u0119glowego, obni\u017cenie koszt\u00f3w zu\u017cycia wody, a tak\u017ce zmiana sposobu zagospodarowania w\u00f3d opadowych i odpad\u00f3w p\u0142ynnych powstaj\u0105cych podczas czyszczenia zbiornik\u00f3w ropy naftowej \u2013 to tylko niekt\u00f3re efekty jakie przynios\u0105 inicjatywy &hellip; <a href=\"https:\/\/www.pern.pl\/en\/2021\/08\/20\/pern-stawia-na-ekologie\/\" class=\"more-link\">Continue reading<span class=\"screen-reader-text\"> &#8220;PERN stawia na ekologi\u0119&#8221;<\/span><\/a><\/p>\n","protected":false},"author":6,"featured_media":43998,"comment_status":"closed","ping_status":"closed","sticky":false,"template":"","format":"standard","meta":{"_acf_changed":false,"inline_featured_image":false,"footnotes":""},"categories":[7,8],"tags":[],"class_list":["post-21716","post","type-post","status-publish","format-standard","has-post-thumbnail","hentry","category-komunikaty","category-aktualnosci"],"acf":[],"yoast_head":"<!-- This site is optimized with the Yoast SEO plugin v26.9 - https:\/\/yoast.com\/product\/yoast-seo-wordpress\/ -->\n<title>PERN stawia na ekologi\u0119 - PERN<\/title>\n<meta name=\"robots\" content=\"index, follow, max-snippet:-1, max-image-preview:large, max-video-preview:-1\" \/>\n<link rel=\"canonical\" href=\"https:\/\/www.pern.pl\/en\/2021\/08\/20\/pern-stawia-na-ekologie\/\" \/>\n<meta property=\"og:locale\" content=\"en_US\" \/>\n<meta property=\"og:type\" content=\"article\" \/>\n<meta property=\"og:title\" content=\"PERN stawia na ekologi\u0119 - PERN\" \/>\n<meta property=\"og:description\" content=\"PERN stawia na ekologi\u0119 Ograniczenie \u015bladu w\u0119glowego, obni\u017cenie koszt\u00f3w zu\u017cycia wody, a tak\u017ce zmiana sposobu zagospodarowania w\u00f3d opadowych i odpad\u00f3w p\u0142ynnych powstaj\u0105cych podczas czyszczenia zbiornik\u00f3w ropy naftowej \u2013 to tylko niekt\u00f3re efekty jakie przynios\u0105 inicjatywy &hellip; Continue reading &quot;PERN stawia na ekologi\u0119&quot;\" \/>\n<meta property=\"og:url\" content=\"https:\/\/www.pern.pl\/en\/2021\/08\/20\/pern-stawia-na-ekologie\/\" \/>\n<meta property=\"og:site_name\" content=\"PERN\" \/>\n<meta property=\"article:published_time\" content=\"2021-08-20T13:12:22+00:00\" \/>\n<meta property=\"article:modified_time\" content=\"2023-06-22T10:29:09+00:00\" \/>\n<meta property=\"og:image\" content=\"https:\/\/www.pern.pl\/wp-content\/uploads\/2021\/08\/38a39698ba53ab291dc0b1e725f894d9-28-scaled.jpg\" \/>\n\t<meta property=\"og:image:width\" content=\"2560\" \/>\n\t<meta property=\"og:image:height\" content=\"1280\" \/>\n\t<meta property=\"og:image:type\" content=\"image\/jpeg\" \/>\n<meta name=\"author\" content=\"Centrum Prasowe PERN S.A.\" \/>\n<meta name=\"twitter:card\" content=\"summary_large_image\" \/>\n<meta name=\"twitter:label1\" content=\"Written by\" \/>\n\t<meta name=\"twitter:data1\" content=\"Centrum Prasowe PERN S.A.\" \/>\n\t<meta name=\"twitter:label2\" content=\"Est. reading time\" \/>\n\t<meta name=\"twitter:data2\" content=\"2 minutes\" \/>\n<script type=\"application\/ld+json\" class=\"yoast-schema-graph\">{\"@context\":\"https:\/\/schema.org\",\"@graph\":[{\"@type\":\"Article\",\"@id\":\"https:\/\/www.pern.pl\/en\/2021\/08\/20\/pern-stawia-na-ekologie\/#article\",\"isPartOf\":{\"@id\":\"https:\/\/www.pern.pl\/en\/2021\/08\/20\/pern-stawia-na-ekologie\/\"},\"author\":{\"name\":\"Centrum Prasowe PERN S.A.\",\"@id\":\"https:\/\/www.pern.pl\/en\/#\/schema\/person\/f31c4cc0c1be42f0cb9d1a055b3e0996\"},\"headline\":\"PERN stawia na ekologi\u0119\",\"datePublished\":\"2021-08-20T13:12:22+00:00\",\"dateModified\":\"2023-06-22T10:29:09+00:00\",\"mainEntityOfPage\":{\"@id\":\"https:\/\/www.pern.pl\/en\/2021\/08\/20\/pern-stawia-na-ekologie\/\"},\"wordCount\":341,\"image\":{\"@id\":\"https:\/\/www.pern.pl\/en\/2021\/08\/20\/pern-stawia-na-ekologie\/#primaryimage\"},\"thumbnailUrl\":\"https:\/\/www.pern.pl\/wp-content\/uploads\/2021\/08\/38a39698ba53ab291dc0b1e725f894d9-28-scaled.jpg\",\"articleSection\":[\"Komunikaty\",\"Aktualno\u015bci\"],\"inLanguage\":\"en-US\"},{\"@type\":\"WebPage\",\"@id\":\"https:\/\/www.pern.pl\/en\/2021\/08\/20\/pern-stawia-na-ekologie\/\",\"url\":\"https:\/\/www.pern.pl\/en\/2021\/08\/20\/pern-stawia-na-ekologie\/\",\"name\":\"PERN stawia na ekologi\u0119 - PERN\",\"isPartOf\":{\"@id\":\"https:\/\/www.pern.pl\/en\/#website\"},\"primaryImageOfPage\":{\"@id\":\"https:\/\/www.pern.pl\/en\/2021\/08\/20\/pern-stawia-na-ekologie\/#primaryimage\"},\"image\":{\"@id\":\"https:\/\/www.pern.pl\/en\/2021\/08\/20\/pern-stawia-na-ekologie\/#primaryimage\"},\"thumbnailUrl\":\"https:\/\/www.pern.pl\/wp-content\/uploads\/2021\/08\/38a39698ba53ab291dc0b1e725f894d9-28-scaled.jpg\",\"datePublished\":\"2021-08-20T13:12:22+00:00\",\"dateModified\":\"2023-06-22T10:29:09+00:00\",\"author\":{\"@id\":\"https:\/\/www.pern.pl\/en\/#\/schema\/person\/f31c4cc0c1be42f0cb9d1a055b3e0996\"},\"breadcrumb\":{\"@id\":\"https:\/\/www.pern.pl\/en\/2021\/08\/20\/pern-stawia-na-ekologie\/#breadcrumb\"},\"inLanguage\":\"en-US\",\"potentialAction\":[{\"@type\":\"ReadAction\",\"target\":[\"https:\/\/www.pern.pl\/en\/2021\/08\/20\/pern-stawia-na-ekologie\/\"]}]},{\"@type\":\"ImageObject\",\"inLanguage\":\"en-US\",\"@id\":\"https:\/\/www.pern.pl\/en\/2021\/08\/20\/pern-stawia-na-ekologie\/#primaryimage\",\"url\":\"https:\/\/www.pern.pl\/wp-content\/uploads\/2021\/08\/38a39698ba53ab291dc0b1e725f894d9-28-scaled.jpg\",\"contentUrl\":\"https:\/\/www.pern.pl\/wp-content\/uploads\/2021\/08\/38a39698ba53ab291dc0b1e725f894d9-28-scaled.jpg\",\"width\":2560,\"height\":1280},{\"@type\":\"BreadcrumbList\",\"@id\":\"https:\/\/www.pern.pl\/en\/2021\/08\/20\/pern-stawia-na-ekologie\/#breadcrumb\",\"itemListElement\":[{\"@type\":\"ListItem\",\"position\":1,\"name\":\"Home\",\"item\":\"https:\/\/www.pern.pl\/en\/\"},{\"@type\":\"ListItem\",\"position\":2,\"name\":\"PERN stawia na ekologi\u0119\"}]},{\"@type\":\"WebSite\",\"@id\":\"https:\/\/www.pern.pl\/en\/#website\",\"url\":\"https:\/\/www.pern.pl\/en\/\",\"name\":\"PERN\",\"description\":\"\",\"potentialAction\":[{\"@type\":\"SearchAction\",\"target\":{\"@type\":\"EntryPoint\",\"urlTemplate\":\"https:\/\/www.pern.pl\/en\/?s={search_term_string}\"},\"query-input\":{\"@type\":\"PropertyValueSpecification\",\"valueRequired\":true,\"valueName\":\"search_term_string\"}}],\"inLanguage\":\"en-US\"},{\"@type\":\"Person\",\"@id\":\"https:\/\/www.pern.pl\/en\/#\/schema\/person\/f31c4cc0c1be42f0cb9d1a055b3e0996\",\"name\":\"Centrum Prasowe PERN S.A.\",\"image\":{\"@type\":\"ImageObject\",\"inLanguage\":\"en-US\",\"@id\":\"https:\/\/www.pern.pl\/en\/#\/schema\/person\/image\/\",\"url\":\"https:\/\/secure.gravatar.com\/avatar\/18e99c3405834609f4541514431875a8a466a6bf795000d784439f961b106e8a?s=96&d=mm&r=g\",\"contentUrl\":\"https:\/\/secure.gravatar.com\/avatar\/18e99c3405834609f4541514431875a8a466a6bf795000d784439f961b106e8a?s=96&d=mm&r=g\",\"caption\":\"Centrum Prasowe PERN S.A.\"},\"url\":\"https:\/\/www.pern.pl\/en\/author\/pern-katarzyna-krasinska\/\"}]}<\/script>\n<!-- \/ Yoast SEO plugin. -->","yoast_head_json":{"title":"PERN stawia na ekologi\u0119 - PERN","robots":{"index":"index","follow":"follow","max-snippet":"max-snippet:-1","max-image-preview":"max-image-preview:large","max-video-preview":"max-video-preview:-1"},"canonical":"https:\/\/www.pern.pl\/en\/2021\/08\/20\/pern-stawia-na-ekologie\/","og_locale":"en_US","og_type":"article","og_title":"PERN stawia na ekologi\u0119 - PERN","og_description":"PERN stawia na ekologi\u0119 Ograniczenie \u015bladu w\u0119glowego, obni\u017cenie koszt\u00f3w zu\u017cycia wody, a tak\u017ce zmiana sposobu zagospodarowania w\u00f3d opadowych i odpad\u00f3w p\u0142ynnych powstaj\u0105cych podczas czyszczenia zbiornik\u00f3w ropy naftowej \u2013 to tylko niekt\u00f3re efekty jakie przynios\u0105 inicjatywy &hellip; Continue reading \"PERN stawia na ekologi\u0119\"","og_url":"https:\/\/www.pern.pl\/en\/2021\/08\/20\/pern-stawia-na-ekologie\/","og_site_name":"PERN","article_published_time":"2021-08-20T13:12:22+00:00","article_modified_time":"2023-06-22T10:29:09+00:00","og_image":[{"width":2560,"height":1280,"url":"https:\/\/www.pern.pl\/wp-content\/uploads\/2021\/08\/38a39698ba53ab291dc0b1e725f894d9-28-scaled.jpg","type":"image\/jpeg"}],"author":"Centrum Prasowe PERN S.A.","twitter_card":"summary_large_image","twitter_misc":{"Written by":"Centrum Prasowe PERN S.A.","Est. reading time":"2 minutes"},"schema":{"@context":"https:\/\/schema.org","@graph":[{"@type":"Article","@id":"https:\/\/www.pern.pl\/en\/2021\/08\/20\/pern-stawia-na-ekologie\/#article","isPartOf":{"@id":"https:\/\/www.pern.pl\/en\/2021\/08\/20\/pern-stawia-na-ekologie\/"},"author":{"name":"Centrum Prasowe PERN S.A.","@id":"https:\/\/www.pern.pl\/en\/#\/schema\/person\/f31c4cc0c1be42f0cb9d1a055b3e0996"},"headline":"PERN stawia na ekologi\u0119","datePublished":"2021-08-20T13:12:22+00:00","dateModified":"2023-06-22T10:29:09+00:00","mainEntityOfPage":{"@id":"https:\/\/www.pern.pl\/en\/2021\/08\/20\/pern-stawia-na-ekologie\/"},"wordCount":341,"image":{"@id":"https:\/\/www.pern.pl\/en\/2021\/08\/20\/pern-stawia-na-ekologie\/#primaryimage"},"thumbnailUrl":"https:\/\/www.pern.pl\/wp-content\/uploads\/2021\/08\/38a39698ba53ab291dc0b1e725f894d9-28-scaled.jpg","articleSection":["Komunikaty","Aktualno\u015bci"],"inLanguage":"en-US"},{"@type":"WebPage","@id":"https:\/\/www.pern.pl\/en\/2021\/08\/20\/pern-stawia-na-ekologie\/","url":"https:\/\/www.pern.pl\/en\/2021\/08\/20\/pern-stawia-na-ekologie\/","name":"PERN stawia na ekologi\u0119 - PERN","isPartOf":{"@id":"https:\/\/www.pern.pl\/en\/#website"},"primaryImageOfPage":{"@id":"https:\/\/www.pern.pl\/en\/2021\/08\/20\/pern-stawia-na-ekologie\/#primaryimage"},"image":{"@id":"https:\/\/www.pern.pl\/en\/2021\/08\/20\/pern-stawia-na-ekologie\/#primaryimage"},"thumbnailUrl":"https:\/\/www.pern.pl\/wp-content\/uploads\/2021\/08\/38a39698ba53ab291dc0b1e725f894d9-28-scaled.jpg","datePublished":"2021-08-20T13:12:22+00:00","dateModified":"2023-06-22T10:29:09+00:00","author":{"@id":"https:\/\/www.pern.pl\/en\/#\/schema\/person\/f31c4cc0c1be42f0cb9d1a055b3e0996"},"breadcrumb":{"@id":"https:\/\/www.pern.pl\/en\/2021\/08\/20\/pern-stawia-na-ekologie\/#breadcrumb"},"inLanguage":"en-US","potentialAction":[{"@type":"ReadAction","target":["https:\/\/www.pern.pl\/en\/2021\/08\/20\/pern-stawia-na-ekologie\/"]}]},{"@type":"ImageObject","inLanguage":"en-US","@id":"https:\/\/www.pern.pl\/en\/2021\/08\/20\/pern-stawia-na-ekologie\/#primaryimage","url":"https:\/\/www.pern.pl\/wp-content\/uploads\/2021\/08\/38a39698ba53ab291dc0b1e725f894d9-28-scaled.jpg","contentUrl":"https:\/\/www.pern.pl\/wp-content\/uploads\/2021\/08\/38a39698ba53ab291dc0b1e725f894d9-28-scaled.jpg","width":2560,"height":1280},{"@type":"BreadcrumbList","@id":"https:\/\/www.pern.pl\/en\/2021\/08\/20\/pern-stawia-na-ekologie\/#breadcrumb","itemListElement":[{"@type":"ListItem","position":1,"name":"Home","item":"https:\/\/www.pern.pl\/en\/"},{"@type":"ListItem","position":2,"name":"PERN stawia na ekologi\u0119"}]},{"@type":"WebSite","@id":"https:\/\/www.pern.pl\/en\/#website","url":"https:\/\/www.pern.pl\/en\/","name":"PERN","description":"","potentialAction":[{"@type":"SearchAction","target":{"@type":"EntryPoint","urlTemplate":"https:\/\/www.pern.pl\/en\/?s={search_term_string}"},"query-input":{"@type":"PropertyValueSpecification","valueRequired":true,"valueName":"search_term_string"}}],"inLanguage":"en-US"},{"@type":"Person","@id":"https:\/\/www.pern.pl\/en\/#\/schema\/person\/f31c4cc0c1be42f0cb9d1a055b3e0996","name":"Centrum Prasowe PERN S.A.","image":{"@type":"ImageObject","inLanguage":"en-US","@id":"https:\/\/www.pern.pl\/en\/#\/schema\/person\/image\/","url":"https:\/\/secure.gravatar.com\/avatar\/18e99c3405834609f4541514431875a8a466a6bf795000d784439f961b106e8a?s=96&d=mm&r=g","contentUrl":"https:\/\/secure.gravatar.com\/avatar\/18e99c3405834609f4541514431875a8a466a6bf795000d784439f961b106e8a?s=96&d=mm&r=g","caption":"Centrum Prasowe PERN S.A."},"url":"https:\/\/www.pern.pl\/en\/author\/pern-katarzyna-krasinska\/"}]}},"_links":{"self":[{"href":"https:\/\/www.pern.pl\/en\/wp-json\/wp\/v2\/posts\/21716","targetHints":{"allow":["GET"]}}],"collection":[{"href":"https:\/\/www.pern.pl\/en\/wp-json\/wp\/v2\/posts"}],"about":[{"href":"https:\/\/www.pern.pl\/en\/wp-json\/wp\/v2\/types\/post"}],"author":[{"embeddable":true,"href":"https:\/\/www.pern.pl\/en\/wp-json\/wp\/v2\/users\/6"}],"replies":[{"embeddable":true,"href":"https:\/\/www.pern.pl\/en\/wp-json\/wp\/v2\/comments?post=21716"}],"version-history":[{"count":0,"href":"https:\/\/www.pern.pl\/en\/wp-json\/wp\/v2\/posts\/21716\/revisions"}],"wp:featuredmedia":[{"embeddable":true,"href":"https:\/\/www.pern.pl\/en\/wp-json\/wp\/v2\/media\/43998"}],"wp:attachment":[{"href":"https:\/\/www.pern.pl\/en\/wp-json\/wp\/v2\/media?parent=21716"}],"wp:term":[{"taxonomy":"category","embeddable":true,"href":"https:\/\/www.pern.pl\/en\/wp-json\/wp\/v2\/categories?post=21716"},{"taxonomy":"post_tag","embeddable":true,"href":"https:\/\/www.pern.pl\/en\/wp-json\/wp\/v2\/tags?post=21716"}],"curies":[{"name":"wp","href":"https:\/\/api.w.org\/{rel}","templated":true}]}}