{"id":20903,"date":"2021-02-11T11:41:05","date_gmt":"2021-02-11T10:41:05","guid":{"rendered":"https:\/\/pern.pl\/?p=20903"},"modified":"2023-06-22T12:29:00","modified_gmt":"2023-06-22T10:29:00","slug":"pern-ma-zielone-swiatlo-na-rozpoczecie-budowy-rurociagu-boronow-trzebinia","status":"publish","type":"post","link":"https:\/\/www.pern.pl\/en\/2021\/02\/11\/pern-ma-zielone-swiatlo-na-rozpoczecie-budowy-rurociagu-boronow-trzebinia\/","title":{"rendered":"PERN ma zielone \u015bwiat\u0142o na rozpocz\u0119cie budowy ruroci\u0105gu Boron\u00f3w\u2013Trzebinia"},"content":{"rendered":"<p>PERN ma zielone \u015bwiat\u0142o na rozpocz\u0119cie budowy ruroci\u0105gu Boron\u00f3w\u2013Trzebinia<\/p>\n<p>Kluczowa dla po\u0142udnia Polski inwestycja \u2013 ruroci\u0105g produktowy Boron\u00f3w\u2013Trzebinia \u2013 wchodzi w zasadnicz\u0105 faz\u0119 realizacji. PERN w\u0142a\u015bnie uzyska\u0142 ostatnie dla cz\u0119\u015bci liniowej pozwolenie na budow\u0119 \u2013 w wojew\u00f3dztwie ma\u0142opolskim i tym samym zako\u0144czy\u0142 etap kompletowania zg\u00f3d administracyjnych potrzebnych do rozpocz\u0119cia jego budowy. Projekt jest elementem programu Megainwestycji PERN.<\/p>\n<p>Przed\u0142u\u017cenie ruroci\u0105gu to ograniczenie transportu produkt\u00f3w naftowych lokalnymi drogami, co prze\u0142o\u017cy si\u0119 na mniejsz\u0105 liczb\u0119 autocystern, a \u00a0w efekcie na mniej spalin i ha\u0142asu, tak uci\u0105\u017cliwych dla okolicznych mieszka\u0144c\u00f3w. To tak\u017ce wi\u0119ksze bezpiecze\u0144stwo na drogach, nie tylko dla lokalnych mieszka\u0144c\u00f3w. Dodatkow\u0105 korzy\u015bci\u0105 z inwestycji jest r\u00f3wnie\u017c zwi\u0119kszenie bud\u017cetu gmin \u2013 o 2% podatek roczny od warto\u015bci wybudowanej infrastruktury.<\/p>\n<p>Ruroci\u0105g b\u0119dzie przebiega\u0142 przez tereny wojew\u00f3dztwa \u015bl\u0105skiego i ma\u0142opolskiego, w sumie jedena\u015bcie miast i gmin. Dzi\u0119ki temu projektowi istniej\u0105ca magistrala ruroci\u0105gowa P\u0142ock \u2013 Koluszki \u2013 Boron\u00f3w do Terminala Paliw PKN ORLEN S.A. w Trzebini zostanie przed\u0142u\u017cona a\u017c o ok. 97 km. Oznacza to popraw\u0119 bezpiecze\u0144stwa zaopatrzenia po\u0142udnia Polski w paliwa.<\/p>\n<p>Komplet decyzji administracyjnych<\/p>\n<p>W zesz\u0142ym roku PERN uzyska\u0142 decyzje \u015brodowiskowe (wskazuj\u0105, jak nale\u017cy zaprojektowa\u0107 i zrealizowa\u0107 przedsi\u0119wzi\u0119cie tak, aby w jak najmniejszym stopniu ingerowa\u0107 w \u015brodowisko naturalne) i lokalizacyjne dla tej inwestycji. Pozwolenie na budow\u0119 to ostatnia decyzja administracyjna, kt\u00f3ra jest niezb\u0119dna do rozpocz\u0119cia i prowadzenia budowy lub wykonywania rob\u00f3t budowlanych. Wydanie pozwole\u0144 na budow\u0119 dla cz\u0119\u015bci liniowej w wojew\u00f3dztwie \u015bl\u0105skim i ma\u0142opolskim oznacza, \u017ce wykonawca inwestycji mo\u017ce przyst\u0105pi\u0107 do prac.<\/p>\n<p>Przed ich rozpocz\u0119ciem, z odpowiednim wyprzedzeniem, gmina oraz jej mieszka\u0144cy zostan\u0105 o tym poinformowani. Ka\u017cdy dostanie zestaw niezb\u0119dnych informacji dotycz\u0105cych podstawowych spraw zwi\u0105zanych z projektem.<\/p>\n<p>Wykonawcy inwestycji<\/p>\n<p>Wykonawc\u0105 prac jest konsorcjum w sk\u0142adzie: Przedsi\u0119biorstwo AGAT S.A., z siedzib\u0105 w Koluszkach (lider), ZRUG Sp. z o.o., z siedzib\u0105 w Poznaniu (partner).<\/p>\n<p>Najwa\u017cniejsze informacje dotycz\u0105ce tej inwestycji s\u0105 dost\u0119pne na stronie internetowej: boronowtrzebinia.pl. Pytania prosimy przesy\u0142a\u0107 na adres: info@boronowtrzebinia.pl<\/p>\n<p>&nbsp;<\/p>\n\n","protected":false},"excerpt":{"rendered":"<p>PERN ma zielone \u015bwiat\u0142o na rozpocz\u0119cie budowy ruroci\u0105gu Boron\u00f3w\u2013Trzebinia Kluczowa dla po\u0142udnia Polski inwestycja \u2013 ruroci\u0105g produktowy Boron\u00f3w\u2013Trzebinia \u2013 wchodzi w zasadnicz\u0105 faz\u0119 realizacji. PERN w\u0142a\u015bnie uzyska\u0142 ostatnie dla cz\u0119\u015bci liniowej pozwolenie na budow\u0119 \u2013 &hellip; <a href=\"https:\/\/www.pern.pl\/en\/2021\/02\/11\/pern-ma-zielone-swiatlo-na-rozpoczecie-budowy-rurociagu-boronow-trzebinia\/\" class=\"more-link\">Continue reading<span class=\"screen-reader-text\"> &#8220;PERN ma zielone \u015bwiat\u0142o na rozpocz\u0119cie budowy ruroci\u0105gu Boron\u00f3w\u2013Trzebinia&#8221;<\/span><\/a><\/p>\n","protected":false},"author":6,"featured_media":44742,"comment_status":"closed","ping_status":"closed","sticky":false,"template":"","format":"standard","meta":{"_acf_changed":false,"inline_featured_image":false,"footnotes":""},"categories":[7,8],"tags":[],"class_list":["post-20903","post","type-post","status-publish","format-standard","has-post-thumbnail","hentry","category-komunikaty","category-aktualnosci"],"acf":[],"yoast_head":"<!-- This site is optimized with the Yoast SEO plugin v26.9 - https:\/\/yoast.com\/product\/yoast-seo-wordpress\/ -->\n<title>PERN ma zielone \u015bwiat\u0142o na rozpocz\u0119cie budowy ruroci\u0105gu Boron\u00f3w\u2013Trzebinia - PERN<\/title>\n<meta name=\"robots\" content=\"index, follow, max-snippet:-1, max-image-preview:large, max-video-preview:-1\" \/>\n<link rel=\"canonical\" href=\"https:\/\/www.pern.pl\/en\/2021\/02\/11\/pern-ma-zielone-swiatlo-na-rozpoczecie-budowy-rurociagu-boronow-trzebinia\/\" \/>\n<meta property=\"og:locale\" content=\"en_US\" \/>\n<meta property=\"og:type\" content=\"article\" \/>\n<meta property=\"og:title\" content=\"PERN ma zielone \u015bwiat\u0142o na rozpocz\u0119cie budowy ruroci\u0105gu Boron\u00f3w\u2013Trzebinia - PERN\" \/>\n<meta property=\"og:description\" content=\"PERN ma zielone \u015bwiat\u0142o na rozpocz\u0119cie budowy ruroci\u0105gu Boron\u00f3w\u2013Trzebinia Kluczowa dla po\u0142udnia Polski inwestycja \u2013 ruroci\u0105g produktowy Boron\u00f3w\u2013Trzebinia \u2013 wchodzi w zasadnicz\u0105 faz\u0119 realizacji. PERN w\u0142a\u015bnie uzyska\u0142 ostatnie dla cz\u0119\u015bci liniowej pozwolenie na budow\u0119 \u2013 &hellip; Continue reading &quot;PERN ma zielone \u015bwiat\u0142o na rozpocz\u0119cie budowy ruroci\u0105gu Boron\u00f3w\u2013Trzebinia&quot;\" \/>\n<meta property=\"og:url\" content=\"https:\/\/www.pern.pl\/en\/2021\/02\/11\/pern-ma-zielone-swiatlo-na-rozpoczecie-budowy-rurociagu-boronow-trzebinia\/\" \/>\n<meta property=\"og:site_name\" content=\"PERN\" \/>\n<meta property=\"article:published_time\" content=\"2021-02-11T10:41:05+00:00\" \/>\n<meta property=\"article:modified_time\" content=\"2023-06-22T10:29:00+00:00\" \/>\n<meta property=\"og:image\" content=\"https:\/\/www.pern.pl\/wp-content\/uploads\/2021\/02\/e4df7956ef045bb03f667b3b506dde32-33-scaled.jpg\" \/>\n\t<meta property=\"og:image:width\" content=\"2560\" \/>\n\t<meta property=\"og:image:height\" content=\"1280\" \/>\n\t<meta property=\"og:image:type\" content=\"image\/jpeg\" \/>\n<meta name=\"author\" content=\"Centrum Prasowe PERN S.A.\" \/>\n<meta name=\"twitter:card\" content=\"summary_large_image\" \/>\n<meta name=\"twitter:label1\" content=\"Written by\" \/>\n\t<meta name=\"twitter:data1\" content=\"Centrum Prasowe PERN S.A.\" \/>\n\t<meta name=\"twitter:label2\" content=\"Est. reading time\" \/>\n\t<meta name=\"twitter:data2\" content=\"2 minutes\" \/>\n<script type=\"application\/ld+json\" class=\"yoast-schema-graph\">{\"@context\":\"https:\/\/schema.org\",\"@graph\":[{\"@type\":\"Article\",\"@id\":\"https:\/\/www.pern.pl\/en\/2021\/02\/11\/pern-ma-zielone-swiatlo-na-rozpoczecie-budowy-rurociagu-boronow-trzebinia\/#article\",\"isPartOf\":{\"@id\":\"https:\/\/www.pern.pl\/en\/2021\/02\/11\/pern-ma-zielone-swiatlo-na-rozpoczecie-budowy-rurociagu-boronow-trzebinia\/\"},\"author\":{\"name\":\"Centrum Prasowe PERN S.A.\",\"@id\":\"https:\/\/www.pern.pl\/en\/#\/schema\/person\/f31c4cc0c1be42f0cb9d1a055b3e0996\"},\"headline\":\"PERN ma zielone \u015bwiat\u0142o na rozpocz\u0119cie budowy ruroci\u0105gu Boron\u00f3w\u2013Trzebinia\",\"datePublished\":\"2021-02-11T10:41:05+00:00\",\"dateModified\":\"2023-06-22T10:29:00+00:00\",\"mainEntityOfPage\":{\"@id\":\"https:\/\/www.pern.pl\/en\/2021\/02\/11\/pern-ma-zielone-swiatlo-na-rozpoczecie-budowy-rurociagu-boronow-trzebinia\/\"},\"wordCount\":397,\"image\":{\"@id\":\"https:\/\/www.pern.pl\/en\/2021\/02\/11\/pern-ma-zielone-swiatlo-na-rozpoczecie-budowy-rurociagu-boronow-trzebinia\/#primaryimage\"},\"thumbnailUrl\":\"https:\/\/www.pern.pl\/wp-content\/uploads\/2021\/02\/e4df7956ef045bb03f667b3b506dde32-33-scaled.jpg\",\"articleSection\":[\"Komunikaty\",\"Aktualno\u015bci\"],\"inLanguage\":\"en-US\"},{\"@type\":\"WebPage\",\"@id\":\"https:\/\/www.pern.pl\/en\/2021\/02\/11\/pern-ma-zielone-swiatlo-na-rozpoczecie-budowy-rurociagu-boronow-trzebinia\/\",\"url\":\"https:\/\/www.pern.pl\/en\/2021\/02\/11\/pern-ma-zielone-swiatlo-na-rozpoczecie-budowy-rurociagu-boronow-trzebinia\/\",\"name\":\"PERN ma zielone \u015bwiat\u0142o na rozpocz\u0119cie budowy ruroci\u0105gu Boron\u00f3w\u2013Trzebinia - PERN\",\"isPartOf\":{\"@id\":\"https:\/\/www.pern.pl\/en\/#website\"},\"primaryImageOfPage\":{\"@id\":\"https:\/\/www.pern.pl\/en\/2021\/02\/11\/pern-ma-zielone-swiatlo-na-rozpoczecie-budowy-rurociagu-boronow-trzebinia\/#primaryimage\"},\"image\":{\"@id\":\"https:\/\/www.pern.pl\/en\/2021\/02\/11\/pern-ma-zielone-swiatlo-na-rozpoczecie-budowy-rurociagu-boronow-trzebinia\/#primaryimage\"},\"thumbnailUrl\":\"https:\/\/www.pern.pl\/wp-content\/uploads\/2021\/02\/e4df7956ef045bb03f667b3b506dde32-33-scaled.jpg\",\"datePublished\":\"2021-02-11T10:41:05+00:00\",\"dateModified\":\"2023-06-22T10:29:00+00:00\",\"author\":{\"@id\":\"https:\/\/www.pern.pl\/en\/#\/schema\/person\/f31c4cc0c1be42f0cb9d1a055b3e0996\"},\"breadcrumb\":{\"@id\":\"https:\/\/www.pern.pl\/en\/2021\/02\/11\/pern-ma-zielone-swiatlo-na-rozpoczecie-budowy-rurociagu-boronow-trzebinia\/#breadcrumb\"},\"inLanguage\":\"en-US\",\"potentialAction\":[{\"@type\":\"ReadAction\",\"target\":[\"https:\/\/www.pern.pl\/en\/2021\/02\/11\/pern-ma-zielone-swiatlo-na-rozpoczecie-budowy-rurociagu-boronow-trzebinia\/\"]}]},{\"@type\":\"ImageObject\",\"inLanguage\":\"en-US\",\"@id\":\"https:\/\/www.pern.pl\/en\/2021\/02\/11\/pern-ma-zielone-swiatlo-na-rozpoczecie-budowy-rurociagu-boronow-trzebinia\/#primaryimage\",\"url\":\"https:\/\/www.pern.pl\/wp-content\/uploads\/2021\/02\/e4df7956ef045bb03f667b3b506dde32-33-scaled.jpg\",\"contentUrl\":\"https:\/\/www.pern.pl\/wp-content\/uploads\/2021\/02\/e4df7956ef045bb03f667b3b506dde32-33-scaled.jpg\",\"width\":2560,\"height\":1280},{\"@type\":\"BreadcrumbList\",\"@id\":\"https:\/\/www.pern.pl\/en\/2021\/02\/11\/pern-ma-zielone-swiatlo-na-rozpoczecie-budowy-rurociagu-boronow-trzebinia\/#breadcrumb\",\"itemListElement\":[{\"@type\":\"ListItem\",\"position\":1,\"name\":\"Home\",\"item\":\"https:\/\/www.pern.pl\/en\/\"},{\"@type\":\"ListItem\",\"position\":2,\"name\":\"PERN ma zielone \u015bwiat\u0142o na rozpocz\u0119cie budowy ruroci\u0105gu Boron\u00f3w\u2013Trzebinia\"}]},{\"@type\":\"WebSite\",\"@id\":\"https:\/\/www.pern.pl\/en\/#website\",\"url\":\"https:\/\/www.pern.pl\/en\/\",\"name\":\"PERN\",\"description\":\"\",\"potentialAction\":[{\"@type\":\"SearchAction\",\"target\":{\"@type\":\"EntryPoint\",\"urlTemplate\":\"https:\/\/www.pern.pl\/en\/?s={search_term_string}\"},\"query-input\":{\"@type\":\"PropertyValueSpecification\",\"valueRequired\":true,\"valueName\":\"search_term_string\"}}],\"inLanguage\":\"en-US\"},{\"@type\":\"Person\",\"@id\":\"https:\/\/www.pern.pl\/en\/#\/schema\/person\/f31c4cc0c1be42f0cb9d1a055b3e0996\",\"name\":\"Centrum Prasowe PERN S.A.\",\"image\":{\"@type\":\"ImageObject\",\"inLanguage\":\"en-US\",\"@id\":\"https:\/\/www.pern.pl\/en\/#\/schema\/person\/image\/\",\"url\":\"https:\/\/secure.gravatar.com\/avatar\/18e99c3405834609f4541514431875a8a466a6bf795000d784439f961b106e8a?s=96&d=mm&r=g\",\"contentUrl\":\"https:\/\/secure.gravatar.com\/avatar\/18e99c3405834609f4541514431875a8a466a6bf795000d784439f961b106e8a?s=96&d=mm&r=g\",\"caption\":\"Centrum Prasowe PERN S.A.\"},\"url\":\"https:\/\/www.pern.pl\/en\/author\/pern-katarzyna-krasinska\/\"}]}<\/script>\n<!-- \/ Yoast SEO plugin. -->","yoast_head_json":{"title":"PERN ma zielone \u015bwiat\u0142o na rozpocz\u0119cie budowy ruroci\u0105gu Boron\u00f3w\u2013Trzebinia - PERN","robots":{"index":"index","follow":"follow","max-snippet":"max-snippet:-1","max-image-preview":"max-image-preview:large","max-video-preview":"max-video-preview:-1"},"canonical":"https:\/\/www.pern.pl\/en\/2021\/02\/11\/pern-ma-zielone-swiatlo-na-rozpoczecie-budowy-rurociagu-boronow-trzebinia\/","og_locale":"en_US","og_type":"article","og_title":"PERN ma zielone \u015bwiat\u0142o na rozpocz\u0119cie budowy ruroci\u0105gu Boron\u00f3w\u2013Trzebinia - PERN","og_description":"PERN ma zielone \u015bwiat\u0142o na rozpocz\u0119cie budowy ruroci\u0105gu Boron\u00f3w\u2013Trzebinia Kluczowa dla po\u0142udnia Polski inwestycja \u2013 ruroci\u0105g produktowy Boron\u00f3w\u2013Trzebinia \u2013 wchodzi w zasadnicz\u0105 faz\u0119 realizacji. PERN w\u0142a\u015bnie uzyska\u0142 ostatnie dla cz\u0119\u015bci liniowej pozwolenie na budow\u0119 \u2013 &hellip; Continue reading \"PERN ma zielone \u015bwiat\u0142o na rozpocz\u0119cie budowy ruroci\u0105gu Boron\u00f3w\u2013Trzebinia\"","og_url":"https:\/\/www.pern.pl\/en\/2021\/02\/11\/pern-ma-zielone-swiatlo-na-rozpoczecie-budowy-rurociagu-boronow-trzebinia\/","og_site_name":"PERN","article_published_time":"2021-02-11T10:41:05+00:00","article_modified_time":"2023-06-22T10:29:00+00:00","og_image":[{"width":2560,"height":1280,"url":"https:\/\/www.pern.pl\/wp-content\/uploads\/2021\/02\/e4df7956ef045bb03f667b3b506dde32-33-scaled.jpg","type":"image\/jpeg"}],"author":"Centrum Prasowe PERN S.A.","twitter_card":"summary_large_image","twitter_misc":{"Written by":"Centrum Prasowe PERN S.A.","Est. reading time":"2 minutes"},"schema":{"@context":"https:\/\/schema.org","@graph":[{"@type":"Article","@id":"https:\/\/www.pern.pl\/en\/2021\/02\/11\/pern-ma-zielone-swiatlo-na-rozpoczecie-budowy-rurociagu-boronow-trzebinia\/#article","isPartOf":{"@id":"https:\/\/www.pern.pl\/en\/2021\/02\/11\/pern-ma-zielone-swiatlo-na-rozpoczecie-budowy-rurociagu-boronow-trzebinia\/"},"author":{"name":"Centrum Prasowe PERN S.A.","@id":"https:\/\/www.pern.pl\/en\/#\/schema\/person\/f31c4cc0c1be42f0cb9d1a055b3e0996"},"headline":"PERN ma zielone \u015bwiat\u0142o na rozpocz\u0119cie budowy ruroci\u0105gu Boron\u00f3w\u2013Trzebinia","datePublished":"2021-02-11T10:41:05+00:00","dateModified":"2023-06-22T10:29:00+00:00","mainEntityOfPage":{"@id":"https:\/\/www.pern.pl\/en\/2021\/02\/11\/pern-ma-zielone-swiatlo-na-rozpoczecie-budowy-rurociagu-boronow-trzebinia\/"},"wordCount":397,"image":{"@id":"https:\/\/www.pern.pl\/en\/2021\/02\/11\/pern-ma-zielone-swiatlo-na-rozpoczecie-budowy-rurociagu-boronow-trzebinia\/#primaryimage"},"thumbnailUrl":"https:\/\/www.pern.pl\/wp-content\/uploads\/2021\/02\/e4df7956ef045bb03f667b3b506dde32-33-scaled.jpg","articleSection":["Komunikaty","Aktualno\u015bci"],"inLanguage":"en-US"},{"@type":"WebPage","@id":"https:\/\/www.pern.pl\/en\/2021\/02\/11\/pern-ma-zielone-swiatlo-na-rozpoczecie-budowy-rurociagu-boronow-trzebinia\/","url":"https:\/\/www.pern.pl\/en\/2021\/02\/11\/pern-ma-zielone-swiatlo-na-rozpoczecie-budowy-rurociagu-boronow-trzebinia\/","name":"PERN ma zielone \u015bwiat\u0142o na rozpocz\u0119cie budowy ruroci\u0105gu Boron\u00f3w\u2013Trzebinia - PERN","isPartOf":{"@id":"https:\/\/www.pern.pl\/en\/#website"},"primaryImageOfPage":{"@id":"https:\/\/www.pern.pl\/en\/2021\/02\/11\/pern-ma-zielone-swiatlo-na-rozpoczecie-budowy-rurociagu-boronow-trzebinia\/#primaryimage"},"image":{"@id":"https:\/\/www.pern.pl\/en\/2021\/02\/11\/pern-ma-zielone-swiatlo-na-rozpoczecie-budowy-rurociagu-boronow-trzebinia\/#primaryimage"},"thumbnailUrl":"https:\/\/www.pern.pl\/wp-content\/uploads\/2021\/02\/e4df7956ef045bb03f667b3b506dde32-33-scaled.jpg","datePublished":"2021-02-11T10:41:05+00:00","dateModified":"2023-06-22T10:29:00+00:00","author":{"@id":"https:\/\/www.pern.pl\/en\/#\/schema\/person\/f31c4cc0c1be42f0cb9d1a055b3e0996"},"breadcrumb":{"@id":"https:\/\/www.pern.pl\/en\/2021\/02\/11\/pern-ma-zielone-swiatlo-na-rozpoczecie-budowy-rurociagu-boronow-trzebinia\/#breadcrumb"},"inLanguage":"en-US","potentialAction":[{"@type":"ReadAction","target":["https:\/\/www.pern.pl\/en\/2021\/02\/11\/pern-ma-zielone-swiatlo-na-rozpoczecie-budowy-rurociagu-boronow-trzebinia\/"]}]},{"@type":"ImageObject","inLanguage":"en-US","@id":"https:\/\/www.pern.pl\/en\/2021\/02\/11\/pern-ma-zielone-swiatlo-na-rozpoczecie-budowy-rurociagu-boronow-trzebinia\/#primaryimage","url":"https:\/\/www.pern.pl\/wp-content\/uploads\/2021\/02\/e4df7956ef045bb03f667b3b506dde32-33-scaled.jpg","contentUrl":"https:\/\/www.pern.pl\/wp-content\/uploads\/2021\/02\/e4df7956ef045bb03f667b3b506dde32-33-scaled.jpg","width":2560,"height":1280},{"@type":"BreadcrumbList","@id":"https:\/\/www.pern.pl\/en\/2021\/02\/11\/pern-ma-zielone-swiatlo-na-rozpoczecie-budowy-rurociagu-boronow-trzebinia\/#breadcrumb","itemListElement":[{"@type":"ListItem","position":1,"name":"Home","item":"https:\/\/www.pern.pl\/en\/"},{"@type":"ListItem","position":2,"name":"PERN ma zielone \u015bwiat\u0142o na rozpocz\u0119cie budowy ruroci\u0105gu Boron\u00f3w\u2013Trzebinia"}]},{"@type":"WebSite","@id":"https:\/\/www.pern.pl\/en\/#website","url":"https:\/\/www.pern.pl\/en\/","name":"PERN","description":"","potentialAction":[{"@type":"SearchAction","target":{"@type":"EntryPoint","urlTemplate":"https:\/\/www.pern.pl\/en\/?s={search_term_string}"},"query-input":{"@type":"PropertyValueSpecification","valueRequired":true,"valueName":"search_term_string"}}],"inLanguage":"en-US"},{"@type":"Person","@id":"https:\/\/www.pern.pl\/en\/#\/schema\/person\/f31c4cc0c1be42f0cb9d1a055b3e0996","name":"Centrum Prasowe PERN S.A.","image":{"@type":"ImageObject","inLanguage":"en-US","@id":"https:\/\/www.pern.pl\/en\/#\/schema\/person\/image\/","url":"https:\/\/secure.gravatar.com\/avatar\/18e99c3405834609f4541514431875a8a466a6bf795000d784439f961b106e8a?s=96&d=mm&r=g","contentUrl":"https:\/\/secure.gravatar.com\/avatar\/18e99c3405834609f4541514431875a8a466a6bf795000d784439f961b106e8a?s=96&d=mm&r=g","caption":"Centrum Prasowe PERN S.A."},"url":"https:\/\/www.pern.pl\/en\/author\/pern-katarzyna-krasinska\/"}]}},"_links":{"self":[{"href":"https:\/\/www.pern.pl\/en\/wp-json\/wp\/v2\/posts\/20903","targetHints":{"allow":["GET"]}}],"collection":[{"href":"https:\/\/www.pern.pl\/en\/wp-json\/wp\/v2\/posts"}],"about":[{"href":"https:\/\/www.pern.pl\/en\/wp-json\/wp\/v2\/types\/post"}],"author":[{"embeddable":true,"href":"https:\/\/www.pern.pl\/en\/wp-json\/wp\/v2\/users\/6"}],"replies":[{"embeddable":true,"href":"https:\/\/www.pern.pl\/en\/wp-json\/wp\/v2\/comments?post=20903"}],"version-history":[{"count":0,"href":"https:\/\/www.pern.pl\/en\/wp-json\/wp\/v2\/posts\/20903\/revisions"}],"wp:featuredmedia":[{"embeddable":true,"href":"https:\/\/www.pern.pl\/en\/wp-json\/wp\/v2\/media\/44742"}],"wp:attachment":[{"href":"https:\/\/www.pern.pl\/en\/wp-json\/wp\/v2\/media?parent=20903"}],"wp:term":[{"taxonomy":"category","embeddable":true,"href":"https:\/\/www.pern.pl\/en\/wp-json\/wp\/v2\/categories?post=20903"},{"taxonomy":"post_tag","embeddable":true,"href":"https:\/\/www.pern.pl\/en\/wp-json\/wp\/v2\/tags?post=20903"}],"curies":[{"name":"wp","href":"https:\/\/api.w.org\/{rel}","templated":true}]}}