{"id":18152,"date":"2020-04-07T11:56:56","date_gmt":"2020-04-07T09:56:56","guid":{"rendered":"https:\/\/pern.pl\/pern-5-aut-dla-wojskowego-instytutu-medycznego\/"},"modified":"2023-06-22T12:06:42","modified_gmt":"2023-06-22T10:06:42","slug":"pern-5-aut-dla-wojskowego-instytutu-medycznego","status":"publish","type":"post","link":"https:\/\/www.pern.pl\/en\/2020\/04\/07\/pern-5-aut-dla-wojskowego-instytutu-medycznego\/","title":{"rendered":"PERN: 5 aut dla Wojskowego Instytutu Medycznego"},"content":{"rendered":"<p>PERN: 5 aut dla Wojskowego Instytutu Medycznego<\/p>\n<p>PERN przekaza\u0142 w formie darowizny 5 samochod\u00f3w na rzecz Wojskowego Instytutu Medycznego. Auta wespr\u0105 Instytut w walce z epidemi\u0105 koronawirusa. Warto\u015b\u0107 rynkowa samochod\u00f3w to blisko 150 tys. z\u0142 brutto. Wcze\u015bniej Fundacja Grupy PERN przekaza\u0142a ponad 1,2 mln z\u0142 na rzecz innych plac\u00f3wek medycznych.<\/p>\n<p>Na pocz\u0105tku kwietnia Sp\u00f3\u0142ka przekaza\u0142a tak\u017ce na rzecz P\u0142ockiego Wolontariatu wsparcie w formie zakupionych tkanin bawe\u0142nianych \u2013 200 metr\u00f3w bie\u017c\u0105cych. Materia\u0142 zostanie wykorzystany do uszycia maseczek ochrony osobistej dla potrzebuj\u0105cych instytucji i wolontariuszy. Z przekazanego materia\u0142u zostanie wykonanych ok. 3700 maseczek.<\/p>\n<p>&nbsp;<\/p>\n\n","protected":false},"excerpt":{"rendered":"<p>PERN: 5 aut dla Wojskowego Instytutu Medycznego PERN przekaza\u0142 w formie darowizny 5 samochod\u00f3w na rzecz Wojskowego Instytutu Medycznego. Auta wespr\u0105 Instytut w walce z epidemi\u0105 koronawirusa. Warto\u015b\u0107 rynkowa samochod\u00f3w to blisko 150 tys. z\u0142 &hellip; <a href=\"https:\/\/www.pern.pl\/en\/2020\/04\/07\/pern-5-aut-dla-wojskowego-instytutu-medycznego\/\" class=\"more-link\">Continue reading<span class=\"screen-reader-text\"> &#8220;PERN: 5 aut dla Wojskowego Instytutu Medycznego&#8221;<\/span><\/a><\/p>\n","protected":false},"author":6,"featured_media":44664,"comment_status":"closed","ping_status":"closed","sticky":false,"template":"","format":"standard","meta":{"_acf_changed":false,"inline_featured_image":false,"footnotes":""},"categories":[7,8],"tags":[],"class_list":["post-18152","post","type-post","status-publish","format-standard","has-post-thumbnail","hentry","category-komunikaty","category-aktualnosci"],"acf":[],"yoast_head":"<!-- This site is optimized with the Yoast SEO plugin v26.9 - https:\/\/yoast.com\/product\/yoast-seo-wordpress\/ -->\n<title>PERN: 5 aut dla Wojskowego Instytutu Medycznego - PERN<\/title>\n<meta name=\"robots\" content=\"index, follow, max-snippet:-1, max-image-preview:large, max-video-preview:-1\" \/>\n<link rel=\"canonical\" href=\"https:\/\/www.pern.pl\/en\/2020\/04\/07\/pern-5-aut-dla-wojskowego-instytutu-medycznego\/\" \/>\n<meta property=\"og:locale\" content=\"en_US\" \/>\n<meta property=\"og:type\" content=\"article\" \/>\n<meta property=\"og:title\" content=\"PERN: 5 aut dla Wojskowego Instytutu Medycznego - PERN\" \/>\n<meta property=\"og:description\" content=\"PERN: 5 aut dla Wojskowego Instytutu Medycznego PERN przekaza\u0142 w formie darowizny 5 samochod\u00f3w na rzecz Wojskowego Instytutu Medycznego. Auta wespr\u0105 Instytut w walce z epidemi\u0105 koronawirusa. Warto\u015b\u0107 rynkowa samochod\u00f3w to blisko 150 tys. z\u0142 &hellip; Continue reading &quot;PERN: 5 aut dla Wojskowego Instytutu Medycznego&quot;\" \/>\n<meta property=\"og:url\" content=\"https:\/\/www.pern.pl\/en\/2020\/04\/07\/pern-5-aut-dla-wojskowego-instytutu-medycznego\/\" \/>\n<meta property=\"og:site_name\" content=\"PERN\" \/>\n<meta property=\"article:published_time\" content=\"2020-04-07T09:56:56+00:00\" \/>\n<meta property=\"article:modified_time\" content=\"2023-06-22T10:06:42+00:00\" \/>\n<meta property=\"og:image\" content=\"https:\/\/www.pern.pl\/wp-content\/uploads\/2020\/04\/eb15513a6356c2ec9a0a59303147828b-27-scaled.jpg\" \/>\n\t<meta property=\"og:image:width\" content=\"2560\" \/>\n\t<meta property=\"og:image:height\" content=\"1280\" \/>\n\t<meta property=\"og:image:type\" content=\"image\/jpeg\" \/>\n<meta name=\"author\" content=\"Centrum Prasowe PERN S.A.\" \/>\n<meta name=\"twitter:card\" content=\"summary_large_image\" \/>\n<meta name=\"twitter:label1\" content=\"Written by\" \/>\n\t<meta name=\"twitter:data1\" content=\"Centrum Prasowe PERN S.A.\" \/>\n\t<meta name=\"twitter:label2\" content=\"Est. reading time\" \/>\n\t<meta name=\"twitter:data2\" content=\"1 minute\" \/>\n<script type=\"application\/ld+json\" class=\"yoast-schema-graph\">{\"@context\":\"https:\/\/schema.org\",\"@graph\":[{\"@type\":\"Article\",\"@id\":\"https:\/\/www.pern.pl\/en\/2020\/04\/07\/pern-5-aut-dla-wojskowego-instytutu-medycznego\/#article\",\"isPartOf\":{\"@id\":\"https:\/\/www.pern.pl\/en\/2020\/04\/07\/pern-5-aut-dla-wojskowego-instytutu-medycznego\/\"},\"author\":{\"name\":\"Centrum Prasowe PERN S.A.\",\"@id\":\"https:\/\/www.pern.pl\/en\/#\/schema\/person\/f31c4cc0c1be42f0cb9d1a055b3e0996\"},\"headline\":\"PERN: 5 aut dla Wojskowego Instytutu Medycznego\",\"datePublished\":\"2020-04-07T09:56:56+00:00\",\"dateModified\":\"2023-06-22T10:06:42+00:00\",\"mainEntityOfPage\":{\"@id\":\"https:\/\/www.pern.pl\/en\/2020\/04\/07\/pern-5-aut-dla-wojskowego-instytutu-medycznego\/\"},\"wordCount\":109,\"image\":{\"@id\":\"https:\/\/www.pern.pl\/en\/2020\/04\/07\/pern-5-aut-dla-wojskowego-instytutu-medycznego\/#primaryimage\"},\"thumbnailUrl\":\"https:\/\/www.pern.pl\/wp-content\/uploads\/2020\/04\/eb15513a6356c2ec9a0a59303147828b-27-scaled.jpg\",\"articleSection\":[\"Komunikaty\",\"Aktualno\u015bci\"],\"inLanguage\":\"en-US\"},{\"@type\":\"WebPage\",\"@id\":\"https:\/\/www.pern.pl\/en\/2020\/04\/07\/pern-5-aut-dla-wojskowego-instytutu-medycznego\/\",\"url\":\"https:\/\/www.pern.pl\/en\/2020\/04\/07\/pern-5-aut-dla-wojskowego-instytutu-medycznego\/\",\"name\":\"PERN: 5 aut dla Wojskowego Instytutu Medycznego - PERN\",\"isPartOf\":{\"@id\":\"https:\/\/www.pern.pl\/en\/#website\"},\"primaryImageOfPage\":{\"@id\":\"https:\/\/www.pern.pl\/en\/2020\/04\/07\/pern-5-aut-dla-wojskowego-instytutu-medycznego\/#primaryimage\"},\"image\":{\"@id\":\"https:\/\/www.pern.pl\/en\/2020\/04\/07\/pern-5-aut-dla-wojskowego-instytutu-medycznego\/#primaryimage\"},\"thumbnailUrl\":\"https:\/\/www.pern.pl\/wp-content\/uploads\/2020\/04\/eb15513a6356c2ec9a0a59303147828b-27-scaled.jpg\",\"datePublished\":\"2020-04-07T09:56:56+00:00\",\"dateModified\":\"2023-06-22T10:06:42+00:00\",\"author\":{\"@id\":\"https:\/\/www.pern.pl\/en\/#\/schema\/person\/f31c4cc0c1be42f0cb9d1a055b3e0996\"},\"breadcrumb\":{\"@id\":\"https:\/\/www.pern.pl\/en\/2020\/04\/07\/pern-5-aut-dla-wojskowego-instytutu-medycznego\/#breadcrumb\"},\"inLanguage\":\"en-US\",\"potentialAction\":[{\"@type\":\"ReadAction\",\"target\":[\"https:\/\/www.pern.pl\/en\/2020\/04\/07\/pern-5-aut-dla-wojskowego-instytutu-medycznego\/\"]}]},{\"@type\":\"ImageObject\",\"inLanguage\":\"en-US\",\"@id\":\"https:\/\/www.pern.pl\/en\/2020\/04\/07\/pern-5-aut-dla-wojskowego-instytutu-medycznego\/#primaryimage\",\"url\":\"https:\/\/www.pern.pl\/wp-content\/uploads\/2020\/04\/eb15513a6356c2ec9a0a59303147828b-27-scaled.jpg\",\"contentUrl\":\"https:\/\/www.pern.pl\/wp-content\/uploads\/2020\/04\/eb15513a6356c2ec9a0a59303147828b-27-scaled.jpg\",\"width\":2560,\"height\":1280},{\"@type\":\"BreadcrumbList\",\"@id\":\"https:\/\/www.pern.pl\/en\/2020\/04\/07\/pern-5-aut-dla-wojskowego-instytutu-medycznego\/#breadcrumb\",\"itemListElement\":[{\"@type\":\"ListItem\",\"position\":1,\"name\":\"Home\",\"item\":\"https:\/\/www.pern.pl\/en\/\"},{\"@type\":\"ListItem\",\"position\":2,\"name\":\"PERN: 5 aut dla Wojskowego Instytutu Medycznego\"}]},{\"@type\":\"WebSite\",\"@id\":\"https:\/\/www.pern.pl\/en\/#website\",\"url\":\"https:\/\/www.pern.pl\/en\/\",\"name\":\"PERN\",\"description\":\"\",\"potentialAction\":[{\"@type\":\"SearchAction\",\"target\":{\"@type\":\"EntryPoint\",\"urlTemplate\":\"https:\/\/www.pern.pl\/en\/?s={search_term_string}\"},\"query-input\":{\"@type\":\"PropertyValueSpecification\",\"valueRequired\":true,\"valueName\":\"search_term_string\"}}],\"inLanguage\":\"en-US\"},{\"@type\":\"Person\",\"@id\":\"https:\/\/www.pern.pl\/en\/#\/schema\/person\/f31c4cc0c1be42f0cb9d1a055b3e0996\",\"name\":\"Centrum Prasowe PERN S.A.\",\"image\":{\"@type\":\"ImageObject\",\"inLanguage\":\"en-US\",\"@id\":\"https:\/\/www.pern.pl\/en\/#\/schema\/person\/image\/\",\"url\":\"https:\/\/secure.gravatar.com\/avatar\/18e99c3405834609f4541514431875a8a466a6bf795000d784439f961b106e8a?s=96&d=mm&r=g\",\"contentUrl\":\"https:\/\/secure.gravatar.com\/avatar\/18e99c3405834609f4541514431875a8a466a6bf795000d784439f961b106e8a?s=96&d=mm&r=g\",\"caption\":\"Centrum Prasowe PERN S.A.\"},\"url\":\"https:\/\/www.pern.pl\/en\/author\/pern-katarzyna-krasinska\/\"}]}<\/script>\n<!-- \/ Yoast SEO plugin. -->","yoast_head_json":{"title":"PERN: 5 aut dla Wojskowego Instytutu Medycznego - PERN","robots":{"index":"index","follow":"follow","max-snippet":"max-snippet:-1","max-image-preview":"max-image-preview:large","max-video-preview":"max-video-preview:-1"},"canonical":"https:\/\/www.pern.pl\/en\/2020\/04\/07\/pern-5-aut-dla-wojskowego-instytutu-medycznego\/","og_locale":"en_US","og_type":"article","og_title":"PERN: 5 aut dla Wojskowego Instytutu Medycznego - PERN","og_description":"PERN: 5 aut dla Wojskowego Instytutu Medycznego PERN przekaza\u0142 w formie darowizny 5 samochod\u00f3w na rzecz Wojskowego Instytutu Medycznego. Auta wespr\u0105 Instytut w walce z epidemi\u0105 koronawirusa. Warto\u015b\u0107 rynkowa samochod\u00f3w to blisko 150 tys. z\u0142 &hellip; Continue reading \"PERN: 5 aut dla Wojskowego Instytutu Medycznego\"","og_url":"https:\/\/www.pern.pl\/en\/2020\/04\/07\/pern-5-aut-dla-wojskowego-instytutu-medycznego\/","og_site_name":"PERN","article_published_time":"2020-04-07T09:56:56+00:00","article_modified_time":"2023-06-22T10:06:42+00:00","og_image":[{"width":2560,"height":1280,"url":"https:\/\/www.pern.pl\/wp-content\/uploads\/2020\/04\/eb15513a6356c2ec9a0a59303147828b-27-scaled.jpg","type":"image\/jpeg"}],"author":"Centrum Prasowe PERN S.A.","twitter_card":"summary_large_image","twitter_misc":{"Written by":"Centrum Prasowe PERN S.A.","Est. reading time":"1 minute"},"schema":{"@context":"https:\/\/schema.org","@graph":[{"@type":"Article","@id":"https:\/\/www.pern.pl\/en\/2020\/04\/07\/pern-5-aut-dla-wojskowego-instytutu-medycznego\/#article","isPartOf":{"@id":"https:\/\/www.pern.pl\/en\/2020\/04\/07\/pern-5-aut-dla-wojskowego-instytutu-medycznego\/"},"author":{"name":"Centrum Prasowe PERN S.A.","@id":"https:\/\/www.pern.pl\/en\/#\/schema\/person\/f31c4cc0c1be42f0cb9d1a055b3e0996"},"headline":"PERN: 5 aut dla Wojskowego Instytutu Medycznego","datePublished":"2020-04-07T09:56:56+00:00","dateModified":"2023-06-22T10:06:42+00:00","mainEntityOfPage":{"@id":"https:\/\/www.pern.pl\/en\/2020\/04\/07\/pern-5-aut-dla-wojskowego-instytutu-medycznego\/"},"wordCount":109,"image":{"@id":"https:\/\/www.pern.pl\/en\/2020\/04\/07\/pern-5-aut-dla-wojskowego-instytutu-medycznego\/#primaryimage"},"thumbnailUrl":"https:\/\/www.pern.pl\/wp-content\/uploads\/2020\/04\/eb15513a6356c2ec9a0a59303147828b-27-scaled.jpg","articleSection":["Komunikaty","Aktualno\u015bci"],"inLanguage":"en-US"},{"@type":"WebPage","@id":"https:\/\/www.pern.pl\/en\/2020\/04\/07\/pern-5-aut-dla-wojskowego-instytutu-medycznego\/","url":"https:\/\/www.pern.pl\/en\/2020\/04\/07\/pern-5-aut-dla-wojskowego-instytutu-medycznego\/","name":"PERN: 5 aut dla Wojskowego Instytutu Medycznego - PERN","isPartOf":{"@id":"https:\/\/www.pern.pl\/en\/#website"},"primaryImageOfPage":{"@id":"https:\/\/www.pern.pl\/en\/2020\/04\/07\/pern-5-aut-dla-wojskowego-instytutu-medycznego\/#primaryimage"},"image":{"@id":"https:\/\/www.pern.pl\/en\/2020\/04\/07\/pern-5-aut-dla-wojskowego-instytutu-medycznego\/#primaryimage"},"thumbnailUrl":"https:\/\/www.pern.pl\/wp-content\/uploads\/2020\/04\/eb15513a6356c2ec9a0a59303147828b-27-scaled.jpg","datePublished":"2020-04-07T09:56:56+00:00","dateModified":"2023-06-22T10:06:42+00:00","author":{"@id":"https:\/\/www.pern.pl\/en\/#\/schema\/person\/f31c4cc0c1be42f0cb9d1a055b3e0996"},"breadcrumb":{"@id":"https:\/\/www.pern.pl\/en\/2020\/04\/07\/pern-5-aut-dla-wojskowego-instytutu-medycznego\/#breadcrumb"},"inLanguage":"en-US","potentialAction":[{"@type":"ReadAction","target":["https:\/\/www.pern.pl\/en\/2020\/04\/07\/pern-5-aut-dla-wojskowego-instytutu-medycznego\/"]}]},{"@type":"ImageObject","inLanguage":"en-US","@id":"https:\/\/www.pern.pl\/en\/2020\/04\/07\/pern-5-aut-dla-wojskowego-instytutu-medycznego\/#primaryimage","url":"https:\/\/www.pern.pl\/wp-content\/uploads\/2020\/04\/eb15513a6356c2ec9a0a59303147828b-27-scaled.jpg","contentUrl":"https:\/\/www.pern.pl\/wp-content\/uploads\/2020\/04\/eb15513a6356c2ec9a0a59303147828b-27-scaled.jpg","width":2560,"height":1280},{"@type":"BreadcrumbList","@id":"https:\/\/www.pern.pl\/en\/2020\/04\/07\/pern-5-aut-dla-wojskowego-instytutu-medycznego\/#breadcrumb","itemListElement":[{"@type":"ListItem","position":1,"name":"Home","item":"https:\/\/www.pern.pl\/en\/"},{"@type":"ListItem","position":2,"name":"PERN: 5 aut dla Wojskowego Instytutu Medycznego"}]},{"@type":"WebSite","@id":"https:\/\/www.pern.pl\/en\/#website","url":"https:\/\/www.pern.pl\/en\/","name":"PERN","description":"","potentialAction":[{"@type":"SearchAction","target":{"@type":"EntryPoint","urlTemplate":"https:\/\/www.pern.pl\/en\/?s={search_term_string}"},"query-input":{"@type":"PropertyValueSpecification","valueRequired":true,"valueName":"search_term_string"}}],"inLanguage":"en-US"},{"@type":"Person","@id":"https:\/\/www.pern.pl\/en\/#\/schema\/person\/f31c4cc0c1be42f0cb9d1a055b3e0996","name":"Centrum Prasowe PERN S.A.","image":{"@type":"ImageObject","inLanguage":"en-US","@id":"https:\/\/www.pern.pl\/en\/#\/schema\/person\/image\/","url":"https:\/\/secure.gravatar.com\/avatar\/18e99c3405834609f4541514431875a8a466a6bf795000d784439f961b106e8a?s=96&d=mm&r=g","contentUrl":"https:\/\/secure.gravatar.com\/avatar\/18e99c3405834609f4541514431875a8a466a6bf795000d784439f961b106e8a?s=96&d=mm&r=g","caption":"Centrum Prasowe PERN S.A."},"url":"https:\/\/www.pern.pl\/en\/author\/pern-katarzyna-krasinska\/"}]}},"_links":{"self":[{"href":"https:\/\/www.pern.pl\/en\/wp-json\/wp\/v2\/posts\/18152","targetHints":{"allow":["GET"]}}],"collection":[{"href":"https:\/\/www.pern.pl\/en\/wp-json\/wp\/v2\/posts"}],"about":[{"href":"https:\/\/www.pern.pl\/en\/wp-json\/wp\/v2\/types\/post"}],"author":[{"embeddable":true,"href":"https:\/\/www.pern.pl\/en\/wp-json\/wp\/v2\/users\/6"}],"replies":[{"embeddable":true,"href":"https:\/\/www.pern.pl\/en\/wp-json\/wp\/v2\/comments?post=18152"}],"version-history":[{"count":0,"href":"https:\/\/www.pern.pl\/en\/wp-json\/wp\/v2\/posts\/18152\/revisions"}],"wp:featuredmedia":[{"embeddable":true,"href":"https:\/\/www.pern.pl\/en\/wp-json\/wp\/v2\/media\/44664"}],"wp:attachment":[{"href":"https:\/\/www.pern.pl\/en\/wp-json\/wp\/v2\/media?parent=18152"}],"wp:term":[{"taxonomy":"category","embeddable":true,"href":"https:\/\/www.pern.pl\/en\/wp-json\/wp\/v2\/categories?post=18152"},{"taxonomy":"post_tag","embeddable":true,"href":"https:\/\/www.pern.pl\/en\/wp-json\/wp\/v2\/tags?post=18152"}],"curies":[{"name":"wp","href":"https:\/\/api.w.org\/{rel}","templated":true}]}}