{"id":14076,"date":"2019-09-02T14:54:30","date_gmt":"2019-09-02T12:54:30","guid":{"rendered":"https:\/\/pern.pl\/pern-konsekwentnie-rozbudowuje-bazy-paliw\/"},"modified":"2023-06-22T12:16:44","modified_gmt":"2023-06-22T10:16:44","slug":"pern-konsekwentnie-rozbudowuje-bazy-paliw","status":"publish","type":"post","link":"https:\/\/www.pern.pl\/en\/2019\/09\/02\/pern-konsekwentnie-rozbudowuje-bazy-paliw\/","title":{"rendered":"PERN konsekwentnie rozbudowuje bazy paliw"},"content":{"rendered":"<p>PERN konsekwentnie rozbudowuje bazy paliw<\/p>\n<p>PERN og\u0142osi\u0142 przetarg na budow\u0119 dw\u00f3ch zbiornik\u00f3w oraz infrastruktury im towarzysz\u0105cej w bazie paliw w D\u0119bog\u00f3rzu. B\u0119d\u0105 w nich magazynowane produkty naftowe. Ka\u017cdy zbiornik ma mie\u0107 \u00a0pojemno\u015b\u0107 32 tys. m\u00b3. Termin sk\u0142adania ofert up\u0142ywa 10 pa\u017adziernika br.<\/p>\n<p>Rozbudowa pojemno\u015bci magazynowych w bazach paliw PERN to kolejna z wa\u017cnych dla Sp\u00f3\u0142ki inwestycji. Budowa zbiornik\u00f3w magazynowych w bazach paliw, to odpowied\u017a PERN na znacz\u0105cy wzrost popytu na \u015bwiadczone us\u0142ugi. Nowe zbiorniki m.in zostan\u0105 przeznaczone do obrotu paliwami, a tak\u017ce do magazynowania zapas\u00f3w interwencyjnych.<\/p>\n<p>W tym roku trafi\u0142y ju\u017c do eksploatacji dwa zbiorniki w Koluszkach i dwa zbiorniki w Nowej Wsi Wielkiej \u2013 ka\u017cdy po 32 tys. m\u00b3 &#8211; \u0142\u0105cznie 128 tys. m\u00b3. W drugim etapie rozbudowy wykonywane s\u0105 ju\u017c roboty budowlane zbiornika o pojemno\u015bci 32 tys. m\u00b3 w Koluszkach, a dla pozosta\u0142ych lokalizacji (bazy paliw: w Boronowie, w Rejowcu, w Emilianowie, w D\u0119bog\u00f3rzu i w Ma\u0142aszewiczach) trwaj\u0105 prace przygotowawcze, w tym wyb\u00f3r wykonawc\u00f3w poszczeg\u00f3lnych inwestycji. Drugi etap rozbudowy pojemno\u015bci na paliwa zwi\u0119kszy mo\u017cliwo\u015bci PERN o 222 tys. m\u00b3.<\/p>\n<p>&nbsp;<\/p>\n\n","protected":false},"excerpt":{"rendered":"<p>PERN konsekwentnie rozbudowuje bazy paliw PERN og\u0142osi\u0142 przetarg na budow\u0119 dw\u00f3ch zbiornik\u00f3w oraz infrastruktury im towarzysz\u0105cej w bazie paliw w D\u0119bog\u00f3rzu. B\u0119d\u0105 w nich magazynowane produkty naftowe. Ka\u017cdy zbiornik ma mie\u0107 \u00a0pojemno\u015b\u0107 32 tys. m\u00b3. &hellip; <a href=\"https:\/\/www.pern.pl\/en\/2019\/09\/02\/pern-konsekwentnie-rozbudowuje-bazy-paliw\/\" class=\"more-link\">Continue reading<span class=\"screen-reader-text\"> &#8220;PERN konsekwentnie rozbudowuje bazy paliw&#8221;<\/span><\/a><\/p>\n","protected":false},"author":6,"featured_media":45025,"comment_status":"closed","ping_status":"closed","sticky":false,"template":"","format":"standard","meta":{"_acf_changed":false,"inline_featured_image":false,"footnotes":""},"categories":[7,8],"tags":[],"class_list":["post-14076","post","type-post","status-publish","format-standard","has-post-thumbnail","hentry","category-komunikaty","category-aktualnosci"],"acf":[],"yoast_head":"<!-- This site is optimized with the Yoast SEO plugin v26.9 - https:\/\/yoast.com\/product\/yoast-seo-wordpress\/ -->\n<title>PERN konsekwentnie rozbudowuje bazy paliw - PERN<\/title>\n<meta name=\"robots\" content=\"index, follow, max-snippet:-1, max-image-preview:large, max-video-preview:-1\" \/>\n<link rel=\"canonical\" href=\"https:\/\/www.pern.pl\/en\/2019\/09\/02\/pern-konsekwentnie-rozbudowuje-bazy-paliw\/\" \/>\n<meta property=\"og:locale\" content=\"en_US\" \/>\n<meta property=\"og:type\" content=\"article\" \/>\n<meta property=\"og:title\" content=\"PERN konsekwentnie rozbudowuje bazy paliw - PERN\" \/>\n<meta property=\"og:description\" content=\"PERN konsekwentnie rozbudowuje bazy paliw PERN og\u0142osi\u0142 przetarg na budow\u0119 dw\u00f3ch zbiornik\u00f3w oraz infrastruktury im towarzysz\u0105cej w bazie paliw w D\u0119bog\u00f3rzu. B\u0119d\u0105 w nich magazynowane produkty naftowe. Ka\u017cdy zbiornik ma mie\u0107 \u00a0pojemno\u015b\u0107 32 tys. m\u00b3. &hellip; Continue reading &quot;PERN konsekwentnie rozbudowuje bazy paliw&quot;\" \/>\n<meta property=\"og:url\" content=\"https:\/\/www.pern.pl\/en\/2019\/09\/02\/pern-konsekwentnie-rozbudowuje-bazy-paliw\/\" \/>\n<meta property=\"og:site_name\" content=\"PERN\" \/>\n<meta property=\"article:published_time\" content=\"2019-09-02T12:54:30+00:00\" \/>\n<meta property=\"article:modified_time\" content=\"2023-06-22T10:16:44+00:00\" \/>\n<meta property=\"og:image\" content=\"https:\/\/www.pern.pl\/wp-content\/uploads\/2019\/09\/6a6962633669a3b41f792aa4205d628e-60-scaled.jpg\" \/>\n\t<meta property=\"og:image:width\" content=\"2560\" \/>\n\t<meta property=\"og:image:height\" content=\"1200\" \/>\n\t<meta property=\"og:image:type\" content=\"image\/jpeg\" \/>\n<meta name=\"author\" content=\"Centrum Prasowe PERN S.A.\" \/>\n<meta name=\"twitter:card\" content=\"summary_large_image\" \/>\n<meta name=\"twitter:label1\" content=\"Written by\" \/>\n\t<meta name=\"twitter:data1\" content=\"Centrum Prasowe PERN S.A.\" \/>\n\t<meta name=\"twitter:label2\" content=\"Est. reading time\" \/>\n\t<meta name=\"twitter:data2\" content=\"2 minutes\" \/>\n<script type=\"application\/ld+json\" class=\"yoast-schema-graph\">{\"@context\":\"https:\/\/schema.org\",\"@graph\":[{\"@type\":\"Article\",\"@id\":\"https:\/\/www.pern.pl\/en\/2019\/09\/02\/pern-konsekwentnie-rozbudowuje-bazy-paliw\/#article\",\"isPartOf\":{\"@id\":\"https:\/\/www.pern.pl\/en\/2019\/09\/02\/pern-konsekwentnie-rozbudowuje-bazy-paliw\/\"},\"author\":{\"name\":\"Centrum Prasowe PERN S.A.\",\"@id\":\"https:\/\/www.pern.pl\/en\/#\/schema\/person\/f31c4cc0c1be42f0cb9d1a055b3e0996\"},\"headline\":\"PERN konsekwentnie rozbudowuje bazy paliw\",\"datePublished\":\"2019-09-02T12:54:30+00:00\",\"dateModified\":\"2023-06-22T10:16:44+00:00\",\"mainEntityOfPage\":{\"@id\":\"https:\/\/www.pern.pl\/en\/2019\/09\/02\/pern-konsekwentnie-rozbudowuje-bazy-paliw\/\"},\"wordCount\":207,\"image\":{\"@id\":\"https:\/\/www.pern.pl\/en\/2019\/09\/02\/pern-konsekwentnie-rozbudowuje-bazy-paliw\/#primaryimage\"},\"thumbnailUrl\":\"https:\/\/www.pern.pl\/wp-content\/uploads\/2019\/09\/6a6962633669a3b41f792aa4205d628e-60-scaled.jpg\",\"articleSection\":[\"Komunikaty\",\"Aktualno\u015bci\"],\"inLanguage\":\"en-US\"},{\"@type\":\"WebPage\",\"@id\":\"https:\/\/www.pern.pl\/en\/2019\/09\/02\/pern-konsekwentnie-rozbudowuje-bazy-paliw\/\",\"url\":\"https:\/\/www.pern.pl\/en\/2019\/09\/02\/pern-konsekwentnie-rozbudowuje-bazy-paliw\/\",\"name\":\"PERN konsekwentnie rozbudowuje bazy paliw - PERN\",\"isPartOf\":{\"@id\":\"https:\/\/www.pern.pl\/en\/#website\"},\"primaryImageOfPage\":{\"@id\":\"https:\/\/www.pern.pl\/en\/2019\/09\/02\/pern-konsekwentnie-rozbudowuje-bazy-paliw\/#primaryimage\"},\"image\":{\"@id\":\"https:\/\/www.pern.pl\/en\/2019\/09\/02\/pern-konsekwentnie-rozbudowuje-bazy-paliw\/#primaryimage\"},\"thumbnailUrl\":\"https:\/\/www.pern.pl\/wp-content\/uploads\/2019\/09\/6a6962633669a3b41f792aa4205d628e-60-scaled.jpg\",\"datePublished\":\"2019-09-02T12:54:30+00:00\",\"dateModified\":\"2023-06-22T10:16:44+00:00\",\"author\":{\"@id\":\"https:\/\/www.pern.pl\/en\/#\/schema\/person\/f31c4cc0c1be42f0cb9d1a055b3e0996\"},\"breadcrumb\":{\"@id\":\"https:\/\/www.pern.pl\/en\/2019\/09\/02\/pern-konsekwentnie-rozbudowuje-bazy-paliw\/#breadcrumb\"},\"inLanguage\":\"en-US\",\"potentialAction\":[{\"@type\":\"ReadAction\",\"target\":[\"https:\/\/www.pern.pl\/en\/2019\/09\/02\/pern-konsekwentnie-rozbudowuje-bazy-paliw\/\"]}]},{\"@type\":\"ImageObject\",\"inLanguage\":\"en-US\",\"@id\":\"https:\/\/www.pern.pl\/en\/2019\/09\/02\/pern-konsekwentnie-rozbudowuje-bazy-paliw\/#primaryimage\",\"url\":\"https:\/\/www.pern.pl\/wp-content\/uploads\/2019\/09\/6a6962633669a3b41f792aa4205d628e-60-scaled.jpg\",\"contentUrl\":\"https:\/\/www.pern.pl\/wp-content\/uploads\/2019\/09\/6a6962633669a3b41f792aa4205d628e-60-scaled.jpg\",\"width\":2560,\"height\":1200},{\"@type\":\"BreadcrumbList\",\"@id\":\"https:\/\/www.pern.pl\/en\/2019\/09\/02\/pern-konsekwentnie-rozbudowuje-bazy-paliw\/#breadcrumb\",\"itemListElement\":[{\"@type\":\"ListItem\",\"position\":1,\"name\":\"Home\",\"item\":\"https:\/\/www.pern.pl\/en\/\"},{\"@type\":\"ListItem\",\"position\":2,\"name\":\"PERN konsekwentnie rozbudowuje bazy paliw\"}]},{\"@type\":\"WebSite\",\"@id\":\"https:\/\/www.pern.pl\/en\/#website\",\"url\":\"https:\/\/www.pern.pl\/en\/\",\"name\":\"PERN\",\"description\":\"\",\"potentialAction\":[{\"@type\":\"SearchAction\",\"target\":{\"@type\":\"EntryPoint\",\"urlTemplate\":\"https:\/\/www.pern.pl\/en\/?s={search_term_string}\"},\"query-input\":{\"@type\":\"PropertyValueSpecification\",\"valueRequired\":true,\"valueName\":\"search_term_string\"}}],\"inLanguage\":\"en-US\"},{\"@type\":\"Person\",\"@id\":\"https:\/\/www.pern.pl\/en\/#\/schema\/person\/f31c4cc0c1be42f0cb9d1a055b3e0996\",\"name\":\"Centrum Prasowe PERN S.A.\",\"image\":{\"@type\":\"ImageObject\",\"inLanguage\":\"en-US\",\"@id\":\"https:\/\/www.pern.pl\/en\/#\/schema\/person\/image\/\",\"url\":\"https:\/\/secure.gravatar.com\/avatar\/18e99c3405834609f4541514431875a8a466a6bf795000d784439f961b106e8a?s=96&d=mm&r=g\",\"contentUrl\":\"https:\/\/secure.gravatar.com\/avatar\/18e99c3405834609f4541514431875a8a466a6bf795000d784439f961b106e8a?s=96&d=mm&r=g\",\"caption\":\"Centrum Prasowe PERN S.A.\"},\"url\":\"https:\/\/www.pern.pl\/en\/author\/pern-katarzyna-krasinska\/\"}]}<\/script>\n<!-- \/ Yoast SEO plugin. -->","yoast_head_json":{"title":"PERN konsekwentnie rozbudowuje bazy paliw - PERN","robots":{"index":"index","follow":"follow","max-snippet":"max-snippet:-1","max-image-preview":"max-image-preview:large","max-video-preview":"max-video-preview:-1"},"canonical":"https:\/\/www.pern.pl\/en\/2019\/09\/02\/pern-konsekwentnie-rozbudowuje-bazy-paliw\/","og_locale":"en_US","og_type":"article","og_title":"PERN konsekwentnie rozbudowuje bazy paliw - PERN","og_description":"PERN konsekwentnie rozbudowuje bazy paliw PERN og\u0142osi\u0142 przetarg na budow\u0119 dw\u00f3ch zbiornik\u00f3w oraz infrastruktury im towarzysz\u0105cej w bazie paliw w D\u0119bog\u00f3rzu. B\u0119d\u0105 w nich magazynowane produkty naftowe. Ka\u017cdy zbiornik ma mie\u0107 \u00a0pojemno\u015b\u0107 32 tys. m\u00b3. &hellip; Continue reading \"PERN konsekwentnie rozbudowuje bazy paliw\"","og_url":"https:\/\/www.pern.pl\/en\/2019\/09\/02\/pern-konsekwentnie-rozbudowuje-bazy-paliw\/","og_site_name":"PERN","article_published_time":"2019-09-02T12:54:30+00:00","article_modified_time":"2023-06-22T10:16:44+00:00","og_image":[{"width":2560,"height":1200,"url":"https:\/\/www.pern.pl\/wp-content\/uploads\/2019\/09\/6a6962633669a3b41f792aa4205d628e-60-scaled.jpg","type":"image\/jpeg"}],"author":"Centrum Prasowe PERN S.A.","twitter_card":"summary_large_image","twitter_misc":{"Written by":"Centrum Prasowe PERN S.A.","Est. reading time":"2 minutes"},"schema":{"@context":"https:\/\/schema.org","@graph":[{"@type":"Article","@id":"https:\/\/www.pern.pl\/en\/2019\/09\/02\/pern-konsekwentnie-rozbudowuje-bazy-paliw\/#article","isPartOf":{"@id":"https:\/\/www.pern.pl\/en\/2019\/09\/02\/pern-konsekwentnie-rozbudowuje-bazy-paliw\/"},"author":{"name":"Centrum Prasowe PERN S.A.","@id":"https:\/\/www.pern.pl\/en\/#\/schema\/person\/f31c4cc0c1be42f0cb9d1a055b3e0996"},"headline":"PERN konsekwentnie rozbudowuje bazy paliw","datePublished":"2019-09-02T12:54:30+00:00","dateModified":"2023-06-22T10:16:44+00:00","mainEntityOfPage":{"@id":"https:\/\/www.pern.pl\/en\/2019\/09\/02\/pern-konsekwentnie-rozbudowuje-bazy-paliw\/"},"wordCount":207,"image":{"@id":"https:\/\/www.pern.pl\/en\/2019\/09\/02\/pern-konsekwentnie-rozbudowuje-bazy-paliw\/#primaryimage"},"thumbnailUrl":"https:\/\/www.pern.pl\/wp-content\/uploads\/2019\/09\/6a6962633669a3b41f792aa4205d628e-60-scaled.jpg","articleSection":["Komunikaty","Aktualno\u015bci"],"inLanguage":"en-US"},{"@type":"WebPage","@id":"https:\/\/www.pern.pl\/en\/2019\/09\/02\/pern-konsekwentnie-rozbudowuje-bazy-paliw\/","url":"https:\/\/www.pern.pl\/en\/2019\/09\/02\/pern-konsekwentnie-rozbudowuje-bazy-paliw\/","name":"PERN konsekwentnie rozbudowuje bazy paliw - PERN","isPartOf":{"@id":"https:\/\/www.pern.pl\/en\/#website"},"primaryImageOfPage":{"@id":"https:\/\/www.pern.pl\/en\/2019\/09\/02\/pern-konsekwentnie-rozbudowuje-bazy-paliw\/#primaryimage"},"image":{"@id":"https:\/\/www.pern.pl\/en\/2019\/09\/02\/pern-konsekwentnie-rozbudowuje-bazy-paliw\/#primaryimage"},"thumbnailUrl":"https:\/\/www.pern.pl\/wp-content\/uploads\/2019\/09\/6a6962633669a3b41f792aa4205d628e-60-scaled.jpg","datePublished":"2019-09-02T12:54:30+00:00","dateModified":"2023-06-22T10:16:44+00:00","author":{"@id":"https:\/\/www.pern.pl\/en\/#\/schema\/person\/f31c4cc0c1be42f0cb9d1a055b3e0996"},"breadcrumb":{"@id":"https:\/\/www.pern.pl\/en\/2019\/09\/02\/pern-konsekwentnie-rozbudowuje-bazy-paliw\/#breadcrumb"},"inLanguage":"en-US","potentialAction":[{"@type":"ReadAction","target":["https:\/\/www.pern.pl\/en\/2019\/09\/02\/pern-konsekwentnie-rozbudowuje-bazy-paliw\/"]}]},{"@type":"ImageObject","inLanguage":"en-US","@id":"https:\/\/www.pern.pl\/en\/2019\/09\/02\/pern-konsekwentnie-rozbudowuje-bazy-paliw\/#primaryimage","url":"https:\/\/www.pern.pl\/wp-content\/uploads\/2019\/09\/6a6962633669a3b41f792aa4205d628e-60-scaled.jpg","contentUrl":"https:\/\/www.pern.pl\/wp-content\/uploads\/2019\/09\/6a6962633669a3b41f792aa4205d628e-60-scaled.jpg","width":2560,"height":1200},{"@type":"BreadcrumbList","@id":"https:\/\/www.pern.pl\/en\/2019\/09\/02\/pern-konsekwentnie-rozbudowuje-bazy-paliw\/#breadcrumb","itemListElement":[{"@type":"ListItem","position":1,"name":"Home","item":"https:\/\/www.pern.pl\/en\/"},{"@type":"ListItem","position":2,"name":"PERN konsekwentnie rozbudowuje bazy paliw"}]},{"@type":"WebSite","@id":"https:\/\/www.pern.pl\/en\/#website","url":"https:\/\/www.pern.pl\/en\/","name":"PERN","description":"","potentialAction":[{"@type":"SearchAction","target":{"@type":"EntryPoint","urlTemplate":"https:\/\/www.pern.pl\/en\/?s={search_term_string}"},"query-input":{"@type":"PropertyValueSpecification","valueRequired":true,"valueName":"search_term_string"}}],"inLanguage":"en-US"},{"@type":"Person","@id":"https:\/\/www.pern.pl\/en\/#\/schema\/person\/f31c4cc0c1be42f0cb9d1a055b3e0996","name":"Centrum Prasowe PERN S.A.","image":{"@type":"ImageObject","inLanguage":"en-US","@id":"https:\/\/www.pern.pl\/en\/#\/schema\/person\/image\/","url":"https:\/\/secure.gravatar.com\/avatar\/18e99c3405834609f4541514431875a8a466a6bf795000d784439f961b106e8a?s=96&d=mm&r=g","contentUrl":"https:\/\/secure.gravatar.com\/avatar\/18e99c3405834609f4541514431875a8a466a6bf795000d784439f961b106e8a?s=96&d=mm&r=g","caption":"Centrum Prasowe PERN S.A."},"url":"https:\/\/www.pern.pl\/en\/author\/pern-katarzyna-krasinska\/"}]}},"_links":{"self":[{"href":"https:\/\/www.pern.pl\/en\/wp-json\/wp\/v2\/posts\/14076","targetHints":{"allow":["GET"]}}],"collection":[{"href":"https:\/\/www.pern.pl\/en\/wp-json\/wp\/v2\/posts"}],"about":[{"href":"https:\/\/www.pern.pl\/en\/wp-json\/wp\/v2\/types\/post"}],"author":[{"embeddable":true,"href":"https:\/\/www.pern.pl\/en\/wp-json\/wp\/v2\/users\/6"}],"replies":[{"embeddable":true,"href":"https:\/\/www.pern.pl\/en\/wp-json\/wp\/v2\/comments?post=14076"}],"version-history":[{"count":0,"href":"https:\/\/www.pern.pl\/en\/wp-json\/wp\/v2\/posts\/14076\/revisions"}],"wp:featuredmedia":[{"embeddable":true,"href":"https:\/\/www.pern.pl\/en\/wp-json\/wp\/v2\/media\/45025"}],"wp:attachment":[{"href":"https:\/\/www.pern.pl\/en\/wp-json\/wp\/v2\/media?parent=14076"}],"wp:term":[{"taxonomy":"category","embeddable":true,"href":"https:\/\/www.pern.pl\/en\/wp-json\/wp\/v2\/categories?post=14076"},{"taxonomy":"post_tag","embeddable":true,"href":"https:\/\/www.pern.pl\/en\/wp-json\/wp\/v2\/tags?post=14076"}],"curies":[{"name":"wp","href":"https:\/\/api.w.org\/{rel}","templated":true}]}}