{"id":13172,"date":"2019-07-03T15:47:20","date_gmt":"2019-07-03T13:47:20","guid":{"rendered":"https:\/\/pern.pl\/pern-zwiekszyl-pojemnosc-bazy-paliw-w-nowej-wsi-wielkiej\/"},"modified":"2023-06-22T13:09:29","modified_gmt":"2023-06-22T11:09:29","slug":"pern-zwiekszyl-pojemnosc-bazy-paliw-w-nowej-wsi-wielkiej","status":"publish","type":"post","link":"https:\/\/www.pern.pl\/en\/2019\/07\/03\/pern-zwiekszyl-pojemnosc-bazy-paliw-w-nowej-wsi-wielkiej\/","title":{"rendered":"PERN zwi\u0119kszy\u0142 pojemno\u015b\u0107 Bazy Paliw w Nowej Wsi Wielkiej"},"content":{"rendered":"<p>PERN zwi\u0119kszy\u0142 pojemno\u015b\u0107 Bazy Paliw w Nowej Wsi Wielkiej<\/p>\n<p>W bazie PERN w Nowej Wsi Wielkiej zako\u0144czy\u0142 si\u0119 w\u0142a\u015bnie proces budowy dw\u00f3ch nowych zbiornik\u00f3w na olej nap\u0119dowy o pojemno\u015bci 32 tys. m\u00b3 ka\u017cdy. Sp\u00f3\u0142ka finalizuje tym samym kolejn\u0105 inwestycj\u0119 dotycz\u0105c\u0105 magazynowania paliw. W Bazie w Koluszkach zosta\u0142y oddane do eksploatacji ju\u017c dwa podobne zbiorniki. Warto\u015b\u0107 obu inwestycji przekroczy\u0142a 130 mln z\u0142.<\/p>\n<p>Zako\u0144czenie projektu oznacza, \u017ce pojemno\u015b\u0107 bazy w Nowej Wsi Wielkiej wyniesie blisko 360 tys. m\u00b3.<\/p>\n<p>Budowa nowych pojemno\u015bci jest jedn\u0105 z kluczowych inicjatyw rozwojowych PERN w kontek\u015bcie wyzwa\u0144 rynkowych i oczekiwa\u0144 klient\u00f3w, a tak\u017ce zapewnienia bezpiecze\u0144stwa energetycznego pa\u0144stwa. W zwi\u0105zku z uszczelnieniem obrotu paliwami, w naszym kraju skokowo wzros\u0142o zapotrzebowanie na magazynowanie paliw.<br \/>\n-Tadeusz Zwierzy\u0144ski, wiceprezes PERN<\/p>\n<p>Baza Paliw nr 2 w Nowej Wsi Wielkiej powsta\u0142a w 1979 roku. Obiekt posiada 20 zbiornik\u00f3w i zajmuje si\u0119 przyjmowaniem produkt\u00f3w z ruroci\u0105gu dalekosi\u0119\u017cnego, cystern kolejowych i cystern drogowych, a tak\u017ce magazynowaniem oraz wydawaniem produkt\u00f3w na rynek.<\/p>\n<p>Jest to kolejny zrealizowany terminowo projekt w segmencie paliwowym naszej sp\u00f3\u0142ki Naftoremont-Naftobudowa. Inwestycja w Nowej Wsi Wielkiej wraz z rozbudow\u0105 Gda\u0144skiego Terminalu wpisuj\u0105 si\u0119 w strategi\u0119 Grupy Kapita\u0142owej Polimex Mostostal i potwierdzaj\u0105 du\u017c\u0105 aktywno\u015b\u0107 naszej firmy na rynku projekt\u00f3w przemys\u0142owych.<br \/>\n-Krzysztof Figat prezes Zarz\u0105du Polimex-Mostostal S.A.<\/p>\n<p>Filary inwestycyjne PERN<\/p>\n<p>Bior\u0105c pod uwag\u0119 trendy rynkowe i wyzwania stoj\u0105ce przed sektorem energetycznym, a tak\u017ce rz\u0105dow\u0105 polityk\u0119 dla sektora naftowego, PERN rozpocz\u0105\u0142 realizacj\u0119 szeregu projekt\u00f3w inwestycyjnych. \u00a0Sp\u00f3\u0142ka zamierza wybudowa\u0107 drugi ruroci\u0105g \u00a0surowcowy od portu Morza Ba\u0142tyckiego \u00a0do centrum Polski. Pozwoli on na pog\u0142\u0119bienie dywersyfikacji oraz pe\u0142n\u0105 separacj\u0119 jako\u015bciow\u0105 nowych gatunk\u00f3w ropy dla klient\u00f3w PERN.<\/p>\n<p>Firma jest w trakcie rozbudowy zbiornik\u00f3w magazynowych na rop\u0119: chodzi o 7 nowych zbiornik\u00f3w w gda\u0144skim Terminalu Naftowym oraz w Bazie w Gda\u0144sku. W sumie pojemno\u015b\u0107 magazynowa na rop\u0119 naftow\u0105 powi\u0119kszy si\u0119 o prawie 600 tys. m\u00b3, do poziomu 4,1 mln m\u00b3. Zar\u00f3wno budowa nowych zbiornik\u00f3w na rop\u0119 naftow\u0105 w Bazie Gda\u0144sk, jak i w TNG ju\u017c si\u0119 rozpocz\u0119\u0142a.<\/p>\n<p>W segmencie paliwowym PERN planuje wybudowa\u0107 nowe zbiorniki o \u0142\u0105cznej pojemno\u015bci 700 tys. m\u00b3 (I i II etap 350.000 m\u00b3; III etap 350.000 m\u00b3). Realizacja III etapu b\u0119dzie zale\u017cna od wzrostu konsumpcji w kraju i zapotrzebowania na magazynowanie oraz obr\u00f3t paliwami. Sp\u00f3\u0142ka wybuduje tak\u017ce ruroci\u0105g paliwowy z bazy PERN w Boronowie do bazy PKN Orlen w Trzebini (d\u0142ugo\u015b\u0107 ok. 100 km) oraz zwi\u0119kszy przepustowo\u015b\u0107 ruroci\u0105g\u00f3w paliwowych dla zaopatrzenia aglomeracji warszawskiej.<\/p>\n<p>&nbsp;<\/p>\n\n","protected":false},"excerpt":{"rendered":"<p>PERN zwi\u0119kszy\u0142 pojemno\u015b\u0107 Bazy Paliw w Nowej Wsi Wielkiej W bazie PERN w Nowej Wsi Wielkiej zako\u0144czy\u0142 si\u0119 w\u0142a\u015bnie proces budowy dw\u00f3ch nowych zbiornik\u00f3w na olej nap\u0119dowy o pojemno\u015bci 32 tys. m\u00b3 ka\u017cdy. Sp\u00f3\u0142ka finalizuje &hellip; <a href=\"https:\/\/www.pern.pl\/en\/2019\/07\/03\/pern-zwiekszyl-pojemnosc-bazy-paliw-w-nowej-wsi-wielkiej\/\" class=\"more-link\">Continue reading<span class=\"screen-reader-text\"> &#8220;PERN zwi\u0119kszy\u0142 pojemno\u015b\u0107 Bazy Paliw w Nowej Wsi Wielkiej&#8221;<\/span><\/a><\/p>\n","protected":false},"author":6,"featured_media":44976,"comment_status":"closed","ping_status":"closed","sticky":false,"template":"","format":"standard","meta":{"_acf_changed":false,"inline_featured_image":false,"footnotes":""},"categories":[7,8],"tags":[],"class_list":["post-13172","post","type-post","status-publish","format-standard","has-post-thumbnail","hentry","category-komunikaty","category-aktualnosci"],"acf":[],"yoast_head":"<!-- This site is optimized with the Yoast SEO plugin v26.9 - https:\/\/yoast.com\/product\/yoast-seo-wordpress\/ -->\n<title>PERN zwi\u0119kszy\u0142 pojemno\u015b\u0107 Bazy Paliw w Nowej Wsi Wielkiej - PERN<\/title>\n<meta name=\"robots\" content=\"index, follow, max-snippet:-1, max-image-preview:large, max-video-preview:-1\" \/>\n<link rel=\"canonical\" href=\"https:\/\/www.pern.pl\/en\/2019\/07\/03\/pern-zwiekszyl-pojemnosc-bazy-paliw-w-nowej-wsi-wielkiej\/\" \/>\n<meta property=\"og:locale\" content=\"en_US\" \/>\n<meta property=\"og:type\" content=\"article\" \/>\n<meta property=\"og:title\" content=\"PERN zwi\u0119kszy\u0142 pojemno\u015b\u0107 Bazy Paliw w Nowej Wsi Wielkiej - PERN\" \/>\n<meta property=\"og:description\" content=\"PERN zwi\u0119kszy\u0142 pojemno\u015b\u0107 Bazy Paliw w Nowej Wsi Wielkiej W bazie PERN w Nowej Wsi Wielkiej zako\u0144czy\u0142 si\u0119 w\u0142a\u015bnie proces budowy dw\u00f3ch nowych zbiornik\u00f3w na olej nap\u0119dowy o pojemno\u015bci 32 tys. m\u00b3 ka\u017cdy. Sp\u00f3\u0142ka finalizuje &hellip; Continue reading &quot;PERN zwi\u0119kszy\u0142 pojemno\u015b\u0107 Bazy Paliw w Nowej Wsi Wielkiej&quot;\" \/>\n<meta property=\"og:url\" content=\"https:\/\/www.pern.pl\/en\/2019\/07\/03\/pern-zwiekszyl-pojemnosc-bazy-paliw-w-nowej-wsi-wielkiej\/\" \/>\n<meta property=\"og:site_name\" content=\"PERN\" \/>\n<meta property=\"article:published_time\" content=\"2019-07-03T13:47:20+00:00\" \/>\n<meta property=\"article:modified_time\" content=\"2023-06-22T11:09:29+00:00\" \/>\n<meta property=\"og:image\" content=\"https:\/\/www.pern.pl\/wp-content\/uploads\/2019\/07\/9fb2e8199e4fc149f9cf665a9db482ae-53-scaled.jpg\" \/>\n\t<meta property=\"og:image:width\" content=\"2560\" \/>\n\t<meta property=\"og:image:height\" content=\"1200\" \/>\n\t<meta property=\"og:image:type\" content=\"image\/jpeg\" \/>\n<meta name=\"author\" content=\"Centrum Prasowe PERN S.A.\" \/>\n<meta name=\"twitter:card\" content=\"summary_large_image\" \/>\n<meta name=\"twitter:label1\" content=\"Written by\" \/>\n\t<meta name=\"twitter:data1\" content=\"Centrum Prasowe PERN S.A.\" \/>\n\t<meta name=\"twitter:label2\" content=\"Est. reading time\" \/>\n\t<meta name=\"twitter:data2\" content=\"3 minutes\" \/>\n<script type=\"application\/ld+json\" class=\"yoast-schema-graph\">{\"@context\":\"https:\/\/schema.org\",\"@graph\":[{\"@type\":\"Article\",\"@id\":\"https:\/\/www.pern.pl\/en\/2019\/07\/03\/pern-zwiekszyl-pojemnosc-bazy-paliw-w-nowej-wsi-wielkiej\/#article\",\"isPartOf\":{\"@id\":\"https:\/\/www.pern.pl\/en\/2019\/07\/03\/pern-zwiekszyl-pojemnosc-bazy-paliw-w-nowej-wsi-wielkiej\/\"},\"author\":{\"name\":\"Centrum Prasowe PERN S.A.\",\"@id\":\"https:\/\/www.pern.pl\/en\/#\/schema\/person\/f31c4cc0c1be42f0cb9d1a055b3e0996\"},\"headline\":\"PERN zwi\u0119kszy\u0142 pojemno\u015b\u0107 Bazy Paliw w Nowej Wsi Wielkiej\",\"datePublished\":\"2019-07-03T13:47:20+00:00\",\"dateModified\":\"2023-06-22T11:09:29+00:00\",\"mainEntityOfPage\":{\"@id\":\"https:\/\/www.pern.pl\/en\/2019\/07\/03\/pern-zwiekszyl-pojemnosc-bazy-paliw-w-nowej-wsi-wielkiej\/\"},\"wordCount\":456,\"image\":{\"@id\":\"https:\/\/www.pern.pl\/en\/2019\/07\/03\/pern-zwiekszyl-pojemnosc-bazy-paliw-w-nowej-wsi-wielkiej\/#primaryimage\"},\"thumbnailUrl\":\"https:\/\/www.pern.pl\/wp-content\/uploads\/2019\/07\/9fb2e8199e4fc149f9cf665a9db482ae-53-scaled.jpg\",\"articleSection\":[\"Komunikaty\",\"Aktualno\u015bci\"],\"inLanguage\":\"en-US\"},{\"@type\":\"WebPage\",\"@id\":\"https:\/\/www.pern.pl\/en\/2019\/07\/03\/pern-zwiekszyl-pojemnosc-bazy-paliw-w-nowej-wsi-wielkiej\/\",\"url\":\"https:\/\/www.pern.pl\/en\/2019\/07\/03\/pern-zwiekszyl-pojemnosc-bazy-paliw-w-nowej-wsi-wielkiej\/\",\"name\":\"PERN zwi\u0119kszy\u0142 pojemno\u015b\u0107 Bazy Paliw w Nowej Wsi Wielkiej - PERN\",\"isPartOf\":{\"@id\":\"https:\/\/www.pern.pl\/en\/#website\"},\"primaryImageOfPage\":{\"@id\":\"https:\/\/www.pern.pl\/en\/2019\/07\/03\/pern-zwiekszyl-pojemnosc-bazy-paliw-w-nowej-wsi-wielkiej\/#primaryimage\"},\"image\":{\"@id\":\"https:\/\/www.pern.pl\/en\/2019\/07\/03\/pern-zwiekszyl-pojemnosc-bazy-paliw-w-nowej-wsi-wielkiej\/#primaryimage\"},\"thumbnailUrl\":\"https:\/\/www.pern.pl\/wp-content\/uploads\/2019\/07\/9fb2e8199e4fc149f9cf665a9db482ae-53-scaled.jpg\",\"datePublished\":\"2019-07-03T13:47:20+00:00\",\"dateModified\":\"2023-06-22T11:09:29+00:00\",\"author\":{\"@id\":\"https:\/\/www.pern.pl\/en\/#\/schema\/person\/f31c4cc0c1be42f0cb9d1a055b3e0996\"},\"breadcrumb\":{\"@id\":\"https:\/\/www.pern.pl\/en\/2019\/07\/03\/pern-zwiekszyl-pojemnosc-bazy-paliw-w-nowej-wsi-wielkiej\/#breadcrumb\"},\"inLanguage\":\"en-US\",\"potentialAction\":[{\"@type\":\"ReadAction\",\"target\":[\"https:\/\/www.pern.pl\/en\/2019\/07\/03\/pern-zwiekszyl-pojemnosc-bazy-paliw-w-nowej-wsi-wielkiej\/\"]}]},{\"@type\":\"ImageObject\",\"inLanguage\":\"en-US\",\"@id\":\"https:\/\/www.pern.pl\/en\/2019\/07\/03\/pern-zwiekszyl-pojemnosc-bazy-paliw-w-nowej-wsi-wielkiej\/#primaryimage\",\"url\":\"https:\/\/www.pern.pl\/wp-content\/uploads\/2019\/07\/9fb2e8199e4fc149f9cf665a9db482ae-53-scaled.jpg\",\"contentUrl\":\"https:\/\/www.pern.pl\/wp-content\/uploads\/2019\/07\/9fb2e8199e4fc149f9cf665a9db482ae-53-scaled.jpg\",\"width\":2560,\"height\":1200},{\"@type\":\"BreadcrumbList\",\"@id\":\"https:\/\/www.pern.pl\/en\/2019\/07\/03\/pern-zwiekszyl-pojemnosc-bazy-paliw-w-nowej-wsi-wielkiej\/#breadcrumb\",\"itemListElement\":[{\"@type\":\"ListItem\",\"position\":1,\"name\":\"Home\",\"item\":\"https:\/\/www.pern.pl\/en\/\"},{\"@type\":\"ListItem\",\"position\":2,\"name\":\"PERN zwi\u0119kszy\u0142 pojemno\u015b\u0107 Bazy Paliw w Nowej Wsi Wielkiej\"}]},{\"@type\":\"WebSite\",\"@id\":\"https:\/\/www.pern.pl\/en\/#website\",\"url\":\"https:\/\/www.pern.pl\/en\/\",\"name\":\"PERN\",\"description\":\"\",\"potentialAction\":[{\"@type\":\"SearchAction\",\"target\":{\"@type\":\"EntryPoint\",\"urlTemplate\":\"https:\/\/www.pern.pl\/en\/?s={search_term_string}\"},\"query-input\":{\"@type\":\"PropertyValueSpecification\",\"valueRequired\":true,\"valueName\":\"search_term_string\"}}],\"inLanguage\":\"en-US\"},{\"@type\":\"Person\",\"@id\":\"https:\/\/www.pern.pl\/en\/#\/schema\/person\/f31c4cc0c1be42f0cb9d1a055b3e0996\",\"name\":\"Centrum Prasowe PERN S.A.\",\"image\":{\"@type\":\"ImageObject\",\"inLanguage\":\"en-US\",\"@id\":\"https:\/\/www.pern.pl\/en\/#\/schema\/person\/image\/\",\"url\":\"https:\/\/secure.gravatar.com\/avatar\/18e99c3405834609f4541514431875a8a466a6bf795000d784439f961b106e8a?s=96&d=mm&r=g\",\"contentUrl\":\"https:\/\/secure.gravatar.com\/avatar\/18e99c3405834609f4541514431875a8a466a6bf795000d784439f961b106e8a?s=96&d=mm&r=g\",\"caption\":\"Centrum Prasowe PERN S.A.\"},\"url\":\"https:\/\/www.pern.pl\/en\/author\/pern-katarzyna-krasinska\/\"}]}<\/script>\n<!-- \/ Yoast SEO plugin. -->","yoast_head_json":{"title":"PERN zwi\u0119kszy\u0142 pojemno\u015b\u0107 Bazy Paliw w Nowej Wsi Wielkiej - PERN","robots":{"index":"index","follow":"follow","max-snippet":"max-snippet:-1","max-image-preview":"max-image-preview:large","max-video-preview":"max-video-preview:-1"},"canonical":"https:\/\/www.pern.pl\/en\/2019\/07\/03\/pern-zwiekszyl-pojemnosc-bazy-paliw-w-nowej-wsi-wielkiej\/","og_locale":"en_US","og_type":"article","og_title":"PERN zwi\u0119kszy\u0142 pojemno\u015b\u0107 Bazy Paliw w Nowej Wsi Wielkiej - PERN","og_description":"PERN zwi\u0119kszy\u0142 pojemno\u015b\u0107 Bazy Paliw w Nowej Wsi Wielkiej W bazie PERN w Nowej Wsi Wielkiej zako\u0144czy\u0142 si\u0119 w\u0142a\u015bnie proces budowy dw\u00f3ch nowych zbiornik\u00f3w na olej nap\u0119dowy o pojemno\u015bci 32 tys. m\u00b3 ka\u017cdy. Sp\u00f3\u0142ka finalizuje &hellip; Continue reading \"PERN zwi\u0119kszy\u0142 pojemno\u015b\u0107 Bazy Paliw w Nowej Wsi Wielkiej\"","og_url":"https:\/\/www.pern.pl\/en\/2019\/07\/03\/pern-zwiekszyl-pojemnosc-bazy-paliw-w-nowej-wsi-wielkiej\/","og_site_name":"PERN","article_published_time":"2019-07-03T13:47:20+00:00","article_modified_time":"2023-06-22T11:09:29+00:00","og_image":[{"width":2560,"height":1200,"url":"https:\/\/www.pern.pl\/wp-content\/uploads\/2019\/07\/9fb2e8199e4fc149f9cf665a9db482ae-53-scaled.jpg","type":"image\/jpeg"}],"author":"Centrum Prasowe PERN S.A.","twitter_card":"summary_large_image","twitter_misc":{"Written by":"Centrum Prasowe PERN S.A.","Est. reading time":"3 minutes"},"schema":{"@context":"https:\/\/schema.org","@graph":[{"@type":"Article","@id":"https:\/\/www.pern.pl\/en\/2019\/07\/03\/pern-zwiekszyl-pojemnosc-bazy-paliw-w-nowej-wsi-wielkiej\/#article","isPartOf":{"@id":"https:\/\/www.pern.pl\/en\/2019\/07\/03\/pern-zwiekszyl-pojemnosc-bazy-paliw-w-nowej-wsi-wielkiej\/"},"author":{"name":"Centrum Prasowe PERN S.A.","@id":"https:\/\/www.pern.pl\/en\/#\/schema\/person\/f31c4cc0c1be42f0cb9d1a055b3e0996"},"headline":"PERN zwi\u0119kszy\u0142 pojemno\u015b\u0107 Bazy Paliw w Nowej Wsi Wielkiej","datePublished":"2019-07-03T13:47:20+00:00","dateModified":"2023-06-22T11:09:29+00:00","mainEntityOfPage":{"@id":"https:\/\/www.pern.pl\/en\/2019\/07\/03\/pern-zwiekszyl-pojemnosc-bazy-paliw-w-nowej-wsi-wielkiej\/"},"wordCount":456,"image":{"@id":"https:\/\/www.pern.pl\/en\/2019\/07\/03\/pern-zwiekszyl-pojemnosc-bazy-paliw-w-nowej-wsi-wielkiej\/#primaryimage"},"thumbnailUrl":"https:\/\/www.pern.pl\/wp-content\/uploads\/2019\/07\/9fb2e8199e4fc149f9cf665a9db482ae-53-scaled.jpg","articleSection":["Komunikaty","Aktualno\u015bci"],"inLanguage":"en-US"},{"@type":"WebPage","@id":"https:\/\/www.pern.pl\/en\/2019\/07\/03\/pern-zwiekszyl-pojemnosc-bazy-paliw-w-nowej-wsi-wielkiej\/","url":"https:\/\/www.pern.pl\/en\/2019\/07\/03\/pern-zwiekszyl-pojemnosc-bazy-paliw-w-nowej-wsi-wielkiej\/","name":"PERN zwi\u0119kszy\u0142 pojemno\u015b\u0107 Bazy Paliw w Nowej Wsi Wielkiej - PERN","isPartOf":{"@id":"https:\/\/www.pern.pl\/en\/#website"},"primaryImageOfPage":{"@id":"https:\/\/www.pern.pl\/en\/2019\/07\/03\/pern-zwiekszyl-pojemnosc-bazy-paliw-w-nowej-wsi-wielkiej\/#primaryimage"},"image":{"@id":"https:\/\/www.pern.pl\/en\/2019\/07\/03\/pern-zwiekszyl-pojemnosc-bazy-paliw-w-nowej-wsi-wielkiej\/#primaryimage"},"thumbnailUrl":"https:\/\/www.pern.pl\/wp-content\/uploads\/2019\/07\/9fb2e8199e4fc149f9cf665a9db482ae-53-scaled.jpg","datePublished":"2019-07-03T13:47:20+00:00","dateModified":"2023-06-22T11:09:29+00:00","author":{"@id":"https:\/\/www.pern.pl\/en\/#\/schema\/person\/f31c4cc0c1be42f0cb9d1a055b3e0996"},"breadcrumb":{"@id":"https:\/\/www.pern.pl\/en\/2019\/07\/03\/pern-zwiekszyl-pojemnosc-bazy-paliw-w-nowej-wsi-wielkiej\/#breadcrumb"},"inLanguage":"en-US","potentialAction":[{"@type":"ReadAction","target":["https:\/\/www.pern.pl\/en\/2019\/07\/03\/pern-zwiekszyl-pojemnosc-bazy-paliw-w-nowej-wsi-wielkiej\/"]}]},{"@type":"ImageObject","inLanguage":"en-US","@id":"https:\/\/www.pern.pl\/en\/2019\/07\/03\/pern-zwiekszyl-pojemnosc-bazy-paliw-w-nowej-wsi-wielkiej\/#primaryimage","url":"https:\/\/www.pern.pl\/wp-content\/uploads\/2019\/07\/9fb2e8199e4fc149f9cf665a9db482ae-53-scaled.jpg","contentUrl":"https:\/\/www.pern.pl\/wp-content\/uploads\/2019\/07\/9fb2e8199e4fc149f9cf665a9db482ae-53-scaled.jpg","width":2560,"height":1200},{"@type":"BreadcrumbList","@id":"https:\/\/www.pern.pl\/en\/2019\/07\/03\/pern-zwiekszyl-pojemnosc-bazy-paliw-w-nowej-wsi-wielkiej\/#breadcrumb","itemListElement":[{"@type":"ListItem","position":1,"name":"Home","item":"https:\/\/www.pern.pl\/en\/"},{"@type":"ListItem","position":2,"name":"PERN zwi\u0119kszy\u0142 pojemno\u015b\u0107 Bazy Paliw w Nowej Wsi Wielkiej"}]},{"@type":"WebSite","@id":"https:\/\/www.pern.pl\/en\/#website","url":"https:\/\/www.pern.pl\/en\/","name":"PERN","description":"","potentialAction":[{"@type":"SearchAction","target":{"@type":"EntryPoint","urlTemplate":"https:\/\/www.pern.pl\/en\/?s={search_term_string}"},"query-input":{"@type":"PropertyValueSpecification","valueRequired":true,"valueName":"search_term_string"}}],"inLanguage":"en-US"},{"@type":"Person","@id":"https:\/\/www.pern.pl\/en\/#\/schema\/person\/f31c4cc0c1be42f0cb9d1a055b3e0996","name":"Centrum Prasowe PERN S.A.","image":{"@type":"ImageObject","inLanguage":"en-US","@id":"https:\/\/www.pern.pl\/en\/#\/schema\/person\/image\/","url":"https:\/\/secure.gravatar.com\/avatar\/18e99c3405834609f4541514431875a8a466a6bf795000d784439f961b106e8a?s=96&d=mm&r=g","contentUrl":"https:\/\/secure.gravatar.com\/avatar\/18e99c3405834609f4541514431875a8a466a6bf795000d784439f961b106e8a?s=96&d=mm&r=g","caption":"Centrum Prasowe PERN S.A."},"url":"https:\/\/www.pern.pl\/en\/author\/pern-katarzyna-krasinska\/"}]}},"_links":{"self":[{"href":"https:\/\/www.pern.pl\/en\/wp-json\/wp\/v2\/posts\/13172","targetHints":{"allow":["GET"]}}],"collection":[{"href":"https:\/\/www.pern.pl\/en\/wp-json\/wp\/v2\/posts"}],"about":[{"href":"https:\/\/www.pern.pl\/en\/wp-json\/wp\/v2\/types\/post"}],"author":[{"embeddable":true,"href":"https:\/\/www.pern.pl\/en\/wp-json\/wp\/v2\/users\/6"}],"replies":[{"embeddable":true,"href":"https:\/\/www.pern.pl\/en\/wp-json\/wp\/v2\/comments?post=13172"}],"version-history":[{"count":0,"href":"https:\/\/www.pern.pl\/en\/wp-json\/wp\/v2\/posts\/13172\/revisions"}],"wp:featuredmedia":[{"embeddable":true,"href":"https:\/\/www.pern.pl\/en\/wp-json\/wp\/v2\/media\/44976"}],"wp:attachment":[{"href":"https:\/\/www.pern.pl\/en\/wp-json\/wp\/v2\/media?parent=13172"}],"wp:term":[{"taxonomy":"category","embeddable":true,"href":"https:\/\/www.pern.pl\/en\/wp-json\/wp\/v2\/categories?post=13172"},{"taxonomy":"post_tag","embeddable":true,"href":"https:\/\/www.pern.pl\/en\/wp-json\/wp\/v2\/tags?post=13172"}],"curies":[{"name":"wp","href":"https:\/\/api.w.org\/{rel}","templated":true}]}}