{"id":11262,"date":"2019-04-09T14:34:58","date_gmt":"2019-04-09T12:34:58","guid":{"rendered":"https:\/\/backup.pern.pl\/pern-inwestuje-w-automatyke-oraz-it\/"},"modified":"2023-06-22T13:09:19","modified_gmt":"2023-06-22T11:09:19","slug":"pern-inwestuje-w-automatyke-oraz-it","status":"publish","type":"post","link":"https:\/\/www.pern.pl\/en\/2019\/04\/09\/pern-inwestuje-w-automatyke-oraz-it\/","title":{"rendered":"PERN inwestuje w automatyk\u0119 oraz IT"},"content":{"rendered":"<p>PERN inwestuje w automatyk\u0119 oraz IT<\/p>\n<p>&#8211; W ci\u0105gu ostatnich dw\u00f3ch lat inwestycje PERN w automatyk\u0119 i informatyzacj\u0119 by\u0142y najwy\u017csze w historii &#8211; podkre\u015bli\u0142 Mateusz Wodejko, wiceprezes PERN w czasie debaty Gospodarka 4.0, kt\u00f3ra odby\u0142a si\u0119 w ramach Og\u00f3lnopolskiego Szczytu Energetycznego w Gda\u0144sku.<\/p>\n<p>Nasza firma to nie tylko ruroci\u0105gi i zbiorniki, ale tak\u017ce automatyka steruj\u0105ca ca\u0142ym systemem, monitoring infrastruktury i systemy komunikacji.<br \/>\n-Mateusz Wodejko, wiceprezes PERN<br \/>\nMateusz Wodejko, w czasie kolejnego panelu dotycz\u0105cego infrastruktury sieciowej w naszym kraju zwr\u00f3ci\u0142 tak\u017ce uwag\u0119, na fakt \u017ce 18 kwietnia wchodzi w \u017cycie specustawa naftowa. U\u0142atwi ona inwestycje liniowe realizowane przez PERN.<\/p>\n<p>Jest ona potwierdzeniem tego, \u017ce polski rz\u0105d wspiera sektor i kwestie bezpiecze\u0144stwa energetycznego.<br \/>\n-Mateusz Wodejko, wiceprezes PERN<br \/>\nOg\u00f3lnopolski Szczyt Energetyczny odby\u0142 si\u0119 ju\u017c po raz si\u00f3dmy. To wydarzenie, w kt\u00f3rym bior\u0105 udzia\u0142 mened\u017cerowie, politycy oraz przedstawiciele \u015bwiata nauki by dyskutowa\u0107 na temat reorganizacji polskiego rynku energii jako konsekwencji polityki surowcowej Pa\u0144stwa. Uniezale\u017cnienie gospodarcze i energetyczne, pewno\u015b\u0107 zaopatrzenia w surowce, stabilno\u015b\u0107 relacji mi\u0119dzynarodowych to tematy przewodnie, wok\u00f3\u0142 kt\u00f3rych koncentrowa\u0142y si\u0119 debaty organizowane w czasie szczytu.<\/p>\n<p>&nbsp;<\/p>\n\n","protected":false},"excerpt":{"rendered":"<p>PERN inwestuje w automatyk\u0119 oraz IT &#8211; W ci\u0105gu ostatnich dw\u00f3ch lat inwestycje PERN w automatyk\u0119 i informatyzacj\u0119 by\u0142y najwy\u017csze w historii &#8211; podkre\u015bli\u0142 Mateusz Wodejko, wiceprezes PERN w czasie debaty Gospodarka 4.0, kt\u00f3ra odby\u0142a &hellip; <a href=\"https:\/\/www.pern.pl\/en\/2019\/04\/09\/pern-inwestuje-w-automatyke-oraz-it\/\" class=\"more-link\">Continue reading<span class=\"screen-reader-text\"> &#8220;PERN inwestuje w automatyk\u0119 oraz IT&#8221;<\/span><\/a><\/p>\n","protected":false},"author":6,"featured_media":44020,"comment_status":"closed","ping_status":"closed","sticky":false,"template":"","format":"standard","meta":{"_acf_changed":false,"inline_featured_image":false,"footnotes":""},"categories":[7,8],"tags":[],"class_list":["post-11262","post","type-post","status-publish","format-standard","has-post-thumbnail","hentry","category-komunikaty","category-aktualnosci"],"acf":[],"yoast_head":"<!-- This site is optimized with the Yoast SEO plugin v26.9 - https:\/\/yoast.com\/product\/yoast-seo-wordpress\/ -->\n<title>PERN inwestuje w automatyk\u0119 oraz IT - PERN<\/title>\n<meta name=\"robots\" content=\"index, follow, max-snippet:-1, max-image-preview:large, max-video-preview:-1\" \/>\n<link rel=\"canonical\" href=\"https:\/\/www.pern.pl\/en\/2019\/04\/09\/pern-inwestuje-w-automatyke-oraz-it\/\" \/>\n<meta property=\"og:locale\" content=\"en_US\" \/>\n<meta property=\"og:type\" content=\"article\" \/>\n<meta property=\"og:title\" content=\"PERN inwestuje w automatyk\u0119 oraz IT - PERN\" \/>\n<meta property=\"og:description\" content=\"PERN inwestuje w automatyk\u0119 oraz IT &#8211; W ci\u0105gu ostatnich dw\u00f3ch lat inwestycje PERN w automatyk\u0119 i informatyzacj\u0119 by\u0142y najwy\u017csze w historii &#8211; podkre\u015bli\u0142 Mateusz Wodejko, wiceprezes PERN w czasie debaty Gospodarka 4.0, kt\u00f3ra odby\u0142a &hellip; Continue reading &quot;PERN inwestuje w automatyk\u0119 oraz IT&quot;\" \/>\n<meta property=\"og:url\" content=\"https:\/\/www.pern.pl\/en\/2019\/04\/09\/pern-inwestuje-w-automatyke-oraz-it\/\" \/>\n<meta property=\"og:site_name\" content=\"PERN\" \/>\n<meta property=\"article:published_time\" content=\"2019-04-09T12:34:58+00:00\" \/>\n<meta property=\"article:modified_time\" content=\"2023-06-22T11:09:19+00:00\" \/>\n<meta property=\"og:image\" content=\"https:\/\/www.pern.pl\/wp-content\/uploads\/2019\/04\/1fe247bb4e282c3fdb3dca7f240128da-20.jpg\" \/>\n\t<meta property=\"og:image:width\" content=\"640\" \/>\n\t<meta property=\"og:image:height\" content=\"320\" \/>\n\t<meta property=\"og:image:type\" content=\"image\/jpeg\" \/>\n<meta name=\"author\" content=\"Centrum Prasowe PERN S.A.\" \/>\n<meta name=\"twitter:card\" content=\"summary_large_image\" \/>\n<meta name=\"twitter:label1\" content=\"Written by\" \/>\n\t<meta name=\"twitter:data1\" content=\"Centrum Prasowe PERN S.A.\" \/>\n\t<meta name=\"twitter:label2\" content=\"Est. reading time\" \/>\n\t<meta name=\"twitter:data2\" content=\"2 minutes\" \/>\n<script type=\"application\/ld+json\" class=\"yoast-schema-graph\">{\"@context\":\"https:\/\/schema.org\",\"@graph\":[{\"@type\":\"Article\",\"@id\":\"https:\/\/www.pern.pl\/en\/2019\/04\/09\/pern-inwestuje-w-automatyke-oraz-it\/#article\",\"isPartOf\":{\"@id\":\"https:\/\/www.pern.pl\/en\/2019\/04\/09\/pern-inwestuje-w-automatyke-oraz-it\/\"},\"author\":{\"name\":\"Centrum Prasowe PERN S.A.\",\"@id\":\"https:\/\/www.pern.pl\/en\/#\/schema\/person\/f31c4cc0c1be42f0cb9d1a055b3e0996\"},\"headline\":\"PERN inwestuje w automatyk\u0119 oraz IT\",\"datePublished\":\"2019-04-09T12:34:58+00:00\",\"dateModified\":\"2023-06-22T11:09:19+00:00\",\"mainEntityOfPage\":{\"@id\":\"https:\/\/www.pern.pl\/en\/2019\/04\/09\/pern-inwestuje-w-automatyke-oraz-it\/\"},\"wordCount\":208,\"image\":{\"@id\":\"https:\/\/www.pern.pl\/en\/2019\/04\/09\/pern-inwestuje-w-automatyke-oraz-it\/#primaryimage\"},\"thumbnailUrl\":\"https:\/\/www.pern.pl\/wp-content\/uploads\/2019\/04\/1fe247bb4e282c3fdb3dca7f240128da-20.jpg\",\"articleSection\":[\"Komunikaty\",\"Aktualno\u015bci\"],\"inLanguage\":\"en-US\"},{\"@type\":\"WebPage\",\"@id\":\"https:\/\/www.pern.pl\/en\/2019\/04\/09\/pern-inwestuje-w-automatyke-oraz-it\/\",\"url\":\"https:\/\/www.pern.pl\/en\/2019\/04\/09\/pern-inwestuje-w-automatyke-oraz-it\/\",\"name\":\"PERN inwestuje w automatyk\u0119 oraz IT - PERN\",\"isPartOf\":{\"@id\":\"https:\/\/www.pern.pl\/en\/#website\"},\"primaryImageOfPage\":{\"@id\":\"https:\/\/www.pern.pl\/en\/2019\/04\/09\/pern-inwestuje-w-automatyke-oraz-it\/#primaryimage\"},\"image\":{\"@id\":\"https:\/\/www.pern.pl\/en\/2019\/04\/09\/pern-inwestuje-w-automatyke-oraz-it\/#primaryimage\"},\"thumbnailUrl\":\"https:\/\/www.pern.pl\/wp-content\/uploads\/2019\/04\/1fe247bb4e282c3fdb3dca7f240128da-20.jpg\",\"datePublished\":\"2019-04-09T12:34:58+00:00\",\"dateModified\":\"2023-06-22T11:09:19+00:00\",\"author\":{\"@id\":\"https:\/\/www.pern.pl\/en\/#\/schema\/person\/f31c4cc0c1be42f0cb9d1a055b3e0996\"},\"breadcrumb\":{\"@id\":\"https:\/\/www.pern.pl\/en\/2019\/04\/09\/pern-inwestuje-w-automatyke-oraz-it\/#breadcrumb\"},\"inLanguage\":\"en-US\",\"potentialAction\":[{\"@type\":\"ReadAction\",\"target\":[\"https:\/\/www.pern.pl\/en\/2019\/04\/09\/pern-inwestuje-w-automatyke-oraz-it\/\"]}]},{\"@type\":\"ImageObject\",\"inLanguage\":\"en-US\",\"@id\":\"https:\/\/www.pern.pl\/en\/2019\/04\/09\/pern-inwestuje-w-automatyke-oraz-it\/#primaryimage\",\"url\":\"https:\/\/www.pern.pl\/wp-content\/uploads\/2019\/04\/1fe247bb4e282c3fdb3dca7f240128da-20.jpg\",\"contentUrl\":\"https:\/\/www.pern.pl\/wp-content\/uploads\/2019\/04\/1fe247bb4e282c3fdb3dca7f240128da-20.jpg\",\"width\":640,\"height\":320},{\"@type\":\"BreadcrumbList\",\"@id\":\"https:\/\/www.pern.pl\/en\/2019\/04\/09\/pern-inwestuje-w-automatyke-oraz-it\/#breadcrumb\",\"itemListElement\":[{\"@type\":\"ListItem\",\"position\":1,\"name\":\"Home\",\"item\":\"https:\/\/www.pern.pl\/en\/\"},{\"@type\":\"ListItem\",\"position\":2,\"name\":\"PERN inwestuje w automatyk\u0119 oraz IT\"}]},{\"@type\":\"WebSite\",\"@id\":\"https:\/\/www.pern.pl\/en\/#website\",\"url\":\"https:\/\/www.pern.pl\/en\/\",\"name\":\"PERN\",\"description\":\"\",\"potentialAction\":[{\"@type\":\"SearchAction\",\"target\":{\"@type\":\"EntryPoint\",\"urlTemplate\":\"https:\/\/www.pern.pl\/en\/?s={search_term_string}\"},\"query-input\":{\"@type\":\"PropertyValueSpecification\",\"valueRequired\":true,\"valueName\":\"search_term_string\"}}],\"inLanguage\":\"en-US\"},{\"@type\":\"Person\",\"@id\":\"https:\/\/www.pern.pl\/en\/#\/schema\/person\/f31c4cc0c1be42f0cb9d1a055b3e0996\",\"name\":\"Centrum Prasowe PERN S.A.\",\"image\":{\"@type\":\"ImageObject\",\"inLanguage\":\"en-US\",\"@id\":\"https:\/\/www.pern.pl\/en\/#\/schema\/person\/image\/\",\"url\":\"https:\/\/secure.gravatar.com\/avatar\/18e99c3405834609f4541514431875a8a466a6bf795000d784439f961b106e8a?s=96&d=mm&r=g\",\"contentUrl\":\"https:\/\/secure.gravatar.com\/avatar\/18e99c3405834609f4541514431875a8a466a6bf795000d784439f961b106e8a?s=96&d=mm&r=g\",\"caption\":\"Centrum Prasowe PERN S.A.\"},\"url\":\"https:\/\/www.pern.pl\/en\/author\/pern-katarzyna-krasinska\/\"}]}<\/script>\n<!-- \/ Yoast SEO plugin. -->","yoast_head_json":{"title":"PERN inwestuje w automatyk\u0119 oraz IT - PERN","robots":{"index":"index","follow":"follow","max-snippet":"max-snippet:-1","max-image-preview":"max-image-preview:large","max-video-preview":"max-video-preview:-1"},"canonical":"https:\/\/www.pern.pl\/en\/2019\/04\/09\/pern-inwestuje-w-automatyke-oraz-it\/","og_locale":"en_US","og_type":"article","og_title":"PERN inwestuje w automatyk\u0119 oraz IT - PERN","og_description":"PERN inwestuje w automatyk\u0119 oraz IT &#8211; W ci\u0105gu ostatnich dw\u00f3ch lat inwestycje PERN w automatyk\u0119 i informatyzacj\u0119 by\u0142y najwy\u017csze w historii &#8211; podkre\u015bli\u0142 Mateusz Wodejko, wiceprezes PERN w czasie debaty Gospodarka 4.0, kt\u00f3ra odby\u0142a &hellip; Continue reading \"PERN inwestuje w automatyk\u0119 oraz IT\"","og_url":"https:\/\/www.pern.pl\/en\/2019\/04\/09\/pern-inwestuje-w-automatyke-oraz-it\/","og_site_name":"PERN","article_published_time":"2019-04-09T12:34:58+00:00","article_modified_time":"2023-06-22T11:09:19+00:00","og_image":[{"width":640,"height":320,"url":"https:\/\/www.pern.pl\/wp-content\/uploads\/2019\/04\/1fe247bb4e282c3fdb3dca7f240128da-20.jpg","type":"image\/jpeg"}],"author":"Centrum Prasowe PERN S.A.","twitter_card":"summary_large_image","twitter_misc":{"Written by":"Centrum Prasowe PERN S.A.","Est. reading time":"2 minutes"},"schema":{"@context":"https:\/\/schema.org","@graph":[{"@type":"Article","@id":"https:\/\/www.pern.pl\/en\/2019\/04\/09\/pern-inwestuje-w-automatyke-oraz-it\/#article","isPartOf":{"@id":"https:\/\/www.pern.pl\/en\/2019\/04\/09\/pern-inwestuje-w-automatyke-oraz-it\/"},"author":{"name":"Centrum Prasowe PERN S.A.","@id":"https:\/\/www.pern.pl\/en\/#\/schema\/person\/f31c4cc0c1be42f0cb9d1a055b3e0996"},"headline":"PERN inwestuje w automatyk\u0119 oraz IT","datePublished":"2019-04-09T12:34:58+00:00","dateModified":"2023-06-22T11:09:19+00:00","mainEntityOfPage":{"@id":"https:\/\/www.pern.pl\/en\/2019\/04\/09\/pern-inwestuje-w-automatyke-oraz-it\/"},"wordCount":208,"image":{"@id":"https:\/\/www.pern.pl\/en\/2019\/04\/09\/pern-inwestuje-w-automatyke-oraz-it\/#primaryimage"},"thumbnailUrl":"https:\/\/www.pern.pl\/wp-content\/uploads\/2019\/04\/1fe247bb4e282c3fdb3dca7f240128da-20.jpg","articleSection":["Komunikaty","Aktualno\u015bci"],"inLanguage":"en-US"},{"@type":"WebPage","@id":"https:\/\/www.pern.pl\/en\/2019\/04\/09\/pern-inwestuje-w-automatyke-oraz-it\/","url":"https:\/\/www.pern.pl\/en\/2019\/04\/09\/pern-inwestuje-w-automatyke-oraz-it\/","name":"PERN inwestuje w automatyk\u0119 oraz IT - PERN","isPartOf":{"@id":"https:\/\/www.pern.pl\/en\/#website"},"primaryImageOfPage":{"@id":"https:\/\/www.pern.pl\/en\/2019\/04\/09\/pern-inwestuje-w-automatyke-oraz-it\/#primaryimage"},"image":{"@id":"https:\/\/www.pern.pl\/en\/2019\/04\/09\/pern-inwestuje-w-automatyke-oraz-it\/#primaryimage"},"thumbnailUrl":"https:\/\/www.pern.pl\/wp-content\/uploads\/2019\/04\/1fe247bb4e282c3fdb3dca7f240128da-20.jpg","datePublished":"2019-04-09T12:34:58+00:00","dateModified":"2023-06-22T11:09:19+00:00","author":{"@id":"https:\/\/www.pern.pl\/en\/#\/schema\/person\/f31c4cc0c1be42f0cb9d1a055b3e0996"},"breadcrumb":{"@id":"https:\/\/www.pern.pl\/en\/2019\/04\/09\/pern-inwestuje-w-automatyke-oraz-it\/#breadcrumb"},"inLanguage":"en-US","potentialAction":[{"@type":"ReadAction","target":["https:\/\/www.pern.pl\/en\/2019\/04\/09\/pern-inwestuje-w-automatyke-oraz-it\/"]}]},{"@type":"ImageObject","inLanguage":"en-US","@id":"https:\/\/www.pern.pl\/en\/2019\/04\/09\/pern-inwestuje-w-automatyke-oraz-it\/#primaryimage","url":"https:\/\/www.pern.pl\/wp-content\/uploads\/2019\/04\/1fe247bb4e282c3fdb3dca7f240128da-20.jpg","contentUrl":"https:\/\/www.pern.pl\/wp-content\/uploads\/2019\/04\/1fe247bb4e282c3fdb3dca7f240128da-20.jpg","width":640,"height":320},{"@type":"BreadcrumbList","@id":"https:\/\/www.pern.pl\/en\/2019\/04\/09\/pern-inwestuje-w-automatyke-oraz-it\/#breadcrumb","itemListElement":[{"@type":"ListItem","position":1,"name":"Home","item":"https:\/\/www.pern.pl\/en\/"},{"@type":"ListItem","position":2,"name":"PERN inwestuje w automatyk\u0119 oraz IT"}]},{"@type":"WebSite","@id":"https:\/\/www.pern.pl\/en\/#website","url":"https:\/\/www.pern.pl\/en\/","name":"PERN","description":"","potentialAction":[{"@type":"SearchAction","target":{"@type":"EntryPoint","urlTemplate":"https:\/\/www.pern.pl\/en\/?s={search_term_string}"},"query-input":{"@type":"PropertyValueSpecification","valueRequired":true,"valueName":"search_term_string"}}],"inLanguage":"en-US"},{"@type":"Person","@id":"https:\/\/www.pern.pl\/en\/#\/schema\/person\/f31c4cc0c1be42f0cb9d1a055b3e0996","name":"Centrum Prasowe PERN S.A.","image":{"@type":"ImageObject","inLanguage":"en-US","@id":"https:\/\/www.pern.pl\/en\/#\/schema\/person\/image\/","url":"https:\/\/secure.gravatar.com\/avatar\/18e99c3405834609f4541514431875a8a466a6bf795000d784439f961b106e8a?s=96&d=mm&r=g","contentUrl":"https:\/\/secure.gravatar.com\/avatar\/18e99c3405834609f4541514431875a8a466a6bf795000d784439f961b106e8a?s=96&d=mm&r=g","caption":"Centrum Prasowe PERN S.A."},"url":"https:\/\/www.pern.pl\/en\/author\/pern-katarzyna-krasinska\/"}]}},"_links":{"self":[{"href":"https:\/\/www.pern.pl\/en\/wp-json\/wp\/v2\/posts\/11262","targetHints":{"allow":["GET"]}}],"collection":[{"href":"https:\/\/www.pern.pl\/en\/wp-json\/wp\/v2\/posts"}],"about":[{"href":"https:\/\/www.pern.pl\/en\/wp-json\/wp\/v2\/types\/post"}],"author":[{"embeddable":true,"href":"https:\/\/www.pern.pl\/en\/wp-json\/wp\/v2\/users\/6"}],"replies":[{"embeddable":true,"href":"https:\/\/www.pern.pl\/en\/wp-json\/wp\/v2\/comments?post=11262"}],"version-history":[{"count":0,"href":"https:\/\/www.pern.pl\/en\/wp-json\/wp\/v2\/posts\/11262\/revisions"}],"wp:featuredmedia":[{"embeddable":true,"href":"https:\/\/www.pern.pl\/en\/wp-json\/wp\/v2\/media\/44020"}],"wp:attachment":[{"href":"https:\/\/www.pern.pl\/en\/wp-json\/wp\/v2\/media?parent=11262"}],"wp:term":[{"taxonomy":"category","embeddable":true,"href":"https:\/\/www.pern.pl\/en\/wp-json\/wp\/v2\/categories?post=11262"},{"taxonomy":"post_tag","embeddable":true,"href":"https:\/\/www.pern.pl\/en\/wp-json\/wp\/v2\/tags?post=11262"}],"curies":[{"name":"wp","href":"https:\/\/api.w.org\/{rel}","templated":true}]}}