{"id":7915,"date":"2018-05-24T12:38:08","date_gmt":"2018-05-24T10:38:08","guid":{"rendered":"http:\/\/pern.pl\/?p=6949"},"modified":"2023-06-22T13:01:05","modified_gmt":"2023-06-22T11:01:05","slug":"pern-liderem-bezpieczenstwa-technicznego","status":"publish","type":"post","link":"https:\/\/www.pern.pl\/de\/2018\/05\/24\/pern-liderem-bezpieczenstwa-technicznego\/","title":{"rendered":"PERN liderem bezpiecze\u0144stwa technicznego"},"content":{"rendered":"<p>[vc_row][vc_column][vc_column_text]<strong>23 maja 2018 r. Sp\u00f3\u0142ka PERN zosta\u0142a uhonorowana tytu\u0142em \u201eLider Bezpiecze\u0144stwa Technicznego 2017\u201d w kategorii \u201ePrzedsi\u0119biorstwo\u201d.<\/strong><\/p>\n<p><img loading=\"lazy\" decoding=\"async\" class=\"alignleft wp-image-6950\" src=\"https:\/\/pern.pl\/media\/2018\/05\/nagroda_lbt_2-199x300.jpg\" alt=\"\" width=\"185\" height=\"279\" \/><\/p>\n<p>Gala wr\u0119czenia nagr\u00f3d by\u0142a cz\u0119\u015bci\u0105 V Konferencji Urz\u0119du Dozoru Technicznego (UDT) pn. \u201eNauka, technika, przemys\u0142 \u2013 Technologie dla bezpiecze\u0144stwa publicznego\u201d, kt\u00f3ra odby\u0142a si\u0119 w Warszawie. W imieniu Sp\u00f3\u0142ki statuetk\u0119 odebra\u0142 Igor Wasilewski, Prezes Zarz\u0105du PERN S.A.<\/p>\n<p>\u2013 <span style=\"color: #50aa3c;\">W imieniu pracownik\u00f3w Grupy Kapita\u0142owej PERN chcia\u0142bym serdecznie podzi\u0119kowa\u0107 za to wyr\u00f3\u017cnienie. Bo to im si\u0119 nale\u017cy ta nagroda. Poziom \u015bwiadczonych us\u0142ug zale\u017cy od pracownik\u00f3w i ta nagroda jest uwie\u0144czeniem ich pracy<\/span> \u2013 powiedzia\u0142 Igor Wasilewski, Prezes Zarz\u0105du podczas odbierania nagrody. \u2013 <span style=\"color: #50aa3c;\">PERN jako strategiczna Sp\u00f3\u0142ka Skarbu Pa\u0144stwa, kt\u00f3ra magazynuje i dostarcza rop\u0119 naftow\u0105 i paliwa w tym roku mia\u0142a bardzo wa\u017cne wydarzenie. Po\u0142\u0105czyli\u015bmy dwie Sp\u00f3\u0142ki, OLPP i PERN, w jeden organizm. To cz\u0119\u015b\u0107 segmentu surowcowego i paliwowego, kt\u00f3ra pozwoli nam zapewni\u0107 bezpiecze\u0144stwo energetyczne kraju<\/span> \u2013 doda\u0142.<\/p>\n<p>Uhonorowanie PERN S.A. tytu\u0142em Lidera Bezpiecze\u0144stwa Technicznego jest nie tylko podkre\u015bleniem wysokiego poziomu us\u0142ug \u015bwiadczonych przez PERN, naszej innowacyjno\u015bci i harmonii w dzia\u0142aniu, ale tak\u017ce wk\u0142adu w rozw\u00f3j gospodarczy Rzeczypospolitej.<\/p>\n<p>Og\u00f3lnopolski ranking Lider Bezpiecze\u0144stwa Technicznego to inicjatywa Urz\u0119du Dozoru Technicznego honoruj\u0105ca przedsi\u0119biorstwa wyr\u00f3\u017cniaj\u0105ce si\u0119 w skali kraju wysokim standardem bezpiecze\u0144stwa technicznego, innowacyjno\u015bci\u0105 oraz wk\u0142adem w rozw\u00f3j gospodarczy Polski. Kapitu\u0142a rankingu Lider Bezpiecze\u0144stwa Technicznego ocenia firmy zajmuj\u0105ce si\u0119 projektowaniem, wytwarzaniem, instalacj\u0105, eksploatacj\u0105, napraw\u0105 i modernizacj\u0105 urz\u0105dze\u0144 technicznych. Przedsi\u0119biorstwa nominowane s\u0105 w trzech kategoriach \u201ewytw\u00f3rca\u201d, \u201eu\u017cytkownik\u201d i \u201emodernizuj\u0105cy\u201d. Do fina\u0142u przechodz\u0105 firmy, kt\u00f3re uzyska\u0142y najwy\u017csze oceny we wszystkich kryteriach rankingu. Uroczyste og\u0142oszenie laureat\u00f3w rankingu i przekazanie statuetki Lidera Bezpiecze\u0144stwa Technicznego odbywa si\u0119 podczas corocznej konferencji UDT.[\/vc_column_text][\/vc_column][\/vc_row]<\/p>\n<p>&nbsp;<\/p>\n\n","protected":false},"excerpt":{"rendered":"<p>23 maja 2018 r. Sp\u00f3\u0142ka PERN zosta\u0142a uhonorowana tytu\u0142em \u201eLider Bezpiecze\u0144stwa Technicznego 2017\u201d w kategorii \u201ePrzedsi\u0119biorstwo\u201d.<\/p>\n","protected":false},"author":8,"featured_media":45465,"comment_status":"closed","ping_status":"closed","sticky":false,"template":"","format":"standard","meta":{"_acf_changed":false,"inline_featured_image":false,"footnotes":""},"categories":[7,8],"tags":[],"class_list":["post-7915","post","type-post","status-publish","format-standard","has-post-thumbnail","hentry","category-komunikaty","category-aktualnosci"],"acf":[],"yoast_head":"<!-- This site is optimized with the Yoast SEO plugin v26.9 - https:\/\/yoast.com\/product\/yoast-seo-wordpress\/ -->\n<title>PERN liderem bezpiecze\u0144stwa technicznego - PERN<\/title>\n<meta name=\"robots\" content=\"index, follow, max-snippet:-1, max-image-preview:large, max-video-preview:-1\" \/>\n<link rel=\"canonical\" href=\"https:\/\/www.pern.pl\/de\/2018\/05\/24\/pern-liderem-bezpieczenstwa-technicznego\/\" \/>\n<meta property=\"og:locale\" content=\"de_DE\" \/>\n<meta property=\"og:type\" content=\"article\" \/>\n<meta property=\"og:title\" content=\"PERN liderem bezpiecze\u0144stwa technicznego - PERN\" \/>\n<meta property=\"og:description\" content=\"23 maja 2018 r. Sp\u00f3\u0142ka PERN zosta\u0142a uhonorowana tytu\u0142em \u201eLider Bezpiecze\u0144stwa Technicznego 2017\u201d w kategorii \u201ePrzedsi\u0119biorstwo\u201d.\" \/>\n<meta property=\"og:url\" content=\"https:\/\/www.pern.pl\/de\/2018\/05\/24\/pern-liderem-bezpieczenstwa-technicznego\/\" \/>\n<meta property=\"og:site_name\" content=\"PERN\" \/>\n<meta property=\"article:published_time\" content=\"2018-05-24T10:38:08+00:00\" \/>\n<meta property=\"article:modified_time\" content=\"2023-06-22T11:01:05+00:00\" \/>\n<meta property=\"og:image\" content=\"https:\/\/www.pern.pl\/wp-content\/uploads\/2018\/05\/lbt2017_www-1.jpg\" \/>\n\t<meta property=\"og:image:width\" content=\"1140\" \/>\n\t<meta property=\"og:image:height\" content=\"530\" \/>\n\t<meta property=\"og:image:type\" content=\"image\/jpeg\" \/>\n<meta name=\"author\" content=\"pern.agnieszka\" \/>\n<meta name=\"twitter:card\" content=\"summary_large_image\" \/>\n<meta name=\"twitter:label1\" content=\"Verfasst von\" \/>\n\t<meta name=\"twitter:data1\" content=\"pern.agnieszka\" \/>\n\t<meta name=\"twitter:label2\" content=\"Gesch\u00e4tzte Lesezeit\" \/>\n\t<meta name=\"twitter:data2\" content=\"2\u00a0Minuten\" \/>\n<script type=\"application\/ld+json\" class=\"yoast-schema-graph\">{\"@context\":\"https:\/\/schema.org\",\"@graph\":[{\"@type\":\"Article\",\"@id\":\"https:\/\/www.pern.pl\/de\/2018\/05\/24\/pern-liderem-bezpieczenstwa-technicznego\/#article\",\"isPartOf\":{\"@id\":\"https:\/\/www.pern.pl\/de\/2018\/05\/24\/pern-liderem-bezpieczenstwa-technicznego\/\"},\"author\":{\"name\":\"pern.agnieszka\",\"@id\":\"https:\/\/www.pern.pl\/de\/#\/schema\/person\/d2d148146d8007567593921f2468d206\"},\"headline\":\"PERN liderem bezpiecze\u0144stwa technicznego\",\"datePublished\":\"2018-05-24T10:38:08+00:00\",\"dateModified\":\"2023-06-22T11:01:05+00:00\",\"mainEntityOfPage\":{\"@id\":\"https:\/\/www.pern.pl\/de\/2018\/05\/24\/pern-liderem-bezpieczenstwa-technicznego\/\"},\"wordCount\":342,\"image\":{\"@id\":\"https:\/\/www.pern.pl\/de\/2018\/05\/24\/pern-liderem-bezpieczenstwa-technicznego\/#primaryimage\"},\"thumbnailUrl\":\"https:\/\/www.pern.pl\/wp-content\/uploads\/2018\/05\/lbt2017_www-1.jpg\",\"articleSection\":[\"Komunikaty\",\"Aktualno\u015bci\"],\"inLanguage\":\"de\"},{\"@type\":\"WebPage\",\"@id\":\"https:\/\/www.pern.pl\/de\/2018\/05\/24\/pern-liderem-bezpieczenstwa-technicznego\/\",\"url\":\"https:\/\/www.pern.pl\/de\/2018\/05\/24\/pern-liderem-bezpieczenstwa-technicznego\/\",\"name\":\"PERN liderem bezpiecze\u0144stwa technicznego - PERN\",\"isPartOf\":{\"@id\":\"https:\/\/www.pern.pl\/de\/#website\"},\"primaryImageOfPage\":{\"@id\":\"https:\/\/www.pern.pl\/de\/2018\/05\/24\/pern-liderem-bezpieczenstwa-technicznego\/#primaryimage\"},\"image\":{\"@id\":\"https:\/\/www.pern.pl\/de\/2018\/05\/24\/pern-liderem-bezpieczenstwa-technicznego\/#primaryimage\"},\"thumbnailUrl\":\"https:\/\/www.pern.pl\/wp-content\/uploads\/2018\/05\/lbt2017_www-1.jpg\",\"datePublished\":\"2018-05-24T10:38:08+00:00\",\"dateModified\":\"2023-06-22T11:01:05+00:00\",\"author\":{\"@id\":\"https:\/\/www.pern.pl\/de\/#\/schema\/person\/d2d148146d8007567593921f2468d206\"},\"breadcrumb\":{\"@id\":\"https:\/\/www.pern.pl\/de\/2018\/05\/24\/pern-liderem-bezpieczenstwa-technicznego\/#breadcrumb\"},\"inLanguage\":\"de\",\"potentialAction\":[{\"@type\":\"ReadAction\",\"target\":[\"https:\/\/www.pern.pl\/de\/2018\/05\/24\/pern-liderem-bezpieczenstwa-technicznego\/\"]}]},{\"@type\":\"ImageObject\",\"inLanguage\":\"de\",\"@id\":\"https:\/\/www.pern.pl\/de\/2018\/05\/24\/pern-liderem-bezpieczenstwa-technicznego\/#primaryimage\",\"url\":\"https:\/\/www.pern.pl\/wp-content\/uploads\/2018\/05\/lbt2017_www-1.jpg\",\"contentUrl\":\"https:\/\/www.pern.pl\/wp-content\/uploads\/2018\/05\/lbt2017_www-1.jpg\",\"width\":1140,\"height\":530},{\"@type\":\"BreadcrumbList\",\"@id\":\"https:\/\/www.pern.pl\/de\/2018\/05\/24\/pern-liderem-bezpieczenstwa-technicznego\/#breadcrumb\",\"itemListElement\":[{\"@type\":\"ListItem\",\"position\":1,\"name\":\"Homepage\",\"item\":\"https:\/\/www.pern.pl\/de\/\"},{\"@type\":\"ListItem\",\"position\":2,\"name\":\"PERN liderem bezpiecze\u0144stwa technicznego\"}]},{\"@type\":\"WebSite\",\"@id\":\"https:\/\/www.pern.pl\/de\/#website\",\"url\":\"https:\/\/www.pern.pl\/de\/\",\"name\":\"PERN\",\"description\":\"\",\"potentialAction\":[{\"@type\":\"SearchAction\",\"target\":{\"@type\":\"EntryPoint\",\"urlTemplate\":\"https:\/\/www.pern.pl\/de\/?s={search_term_string}\"},\"query-input\":{\"@type\":\"PropertyValueSpecification\",\"valueRequired\":true,\"valueName\":\"search_term_string\"}}],\"inLanguage\":\"de\"},{\"@type\":\"Person\",\"@id\":\"https:\/\/www.pern.pl\/de\/#\/schema\/person\/d2d148146d8007567593921f2468d206\",\"name\":\"pern.agnieszka\",\"image\":{\"@type\":\"ImageObject\",\"inLanguage\":\"de\",\"@id\":\"https:\/\/www.pern.pl\/de\/#\/schema\/person\/image\/\",\"url\":\"https:\/\/secure.gravatar.com\/avatar\/024ee3d9d5254899ddd79929024fe449caea87a1b6745f63796fa3172d3d90d4?s=96&d=mm&r=g\",\"contentUrl\":\"https:\/\/secure.gravatar.com\/avatar\/024ee3d9d5254899ddd79929024fe449caea87a1b6745f63796fa3172d3d90d4?s=96&d=mm&r=g\",\"caption\":\"pern.agnieszka\"},\"url\":\"https:\/\/www.pern.pl\/de\/author\/pern-agnieszka\/\"}]}<\/script>\n<!-- \/ Yoast SEO plugin. -->","yoast_head_json":{"title":"PERN liderem bezpiecze\u0144stwa technicznego - PERN","robots":{"index":"index","follow":"follow","max-snippet":"max-snippet:-1","max-image-preview":"max-image-preview:large","max-video-preview":"max-video-preview:-1"},"canonical":"https:\/\/www.pern.pl\/de\/2018\/05\/24\/pern-liderem-bezpieczenstwa-technicznego\/","og_locale":"de_DE","og_type":"article","og_title":"PERN liderem bezpiecze\u0144stwa technicznego - PERN","og_description":"23 maja 2018 r. Sp\u00f3\u0142ka PERN zosta\u0142a uhonorowana tytu\u0142em \u201eLider Bezpiecze\u0144stwa Technicznego 2017\u201d w kategorii \u201ePrzedsi\u0119biorstwo\u201d.","og_url":"https:\/\/www.pern.pl\/de\/2018\/05\/24\/pern-liderem-bezpieczenstwa-technicznego\/","og_site_name":"PERN","article_published_time":"2018-05-24T10:38:08+00:00","article_modified_time":"2023-06-22T11:01:05+00:00","og_image":[{"width":1140,"height":530,"url":"https:\/\/www.pern.pl\/wp-content\/uploads\/2018\/05\/lbt2017_www-1.jpg","type":"image\/jpeg"}],"author":"pern.agnieszka","twitter_card":"summary_large_image","twitter_misc":{"Verfasst von":"pern.agnieszka","Gesch\u00e4tzte Lesezeit":"2\u00a0Minuten"},"schema":{"@context":"https:\/\/schema.org","@graph":[{"@type":"Article","@id":"https:\/\/www.pern.pl\/de\/2018\/05\/24\/pern-liderem-bezpieczenstwa-technicznego\/#article","isPartOf":{"@id":"https:\/\/www.pern.pl\/de\/2018\/05\/24\/pern-liderem-bezpieczenstwa-technicznego\/"},"author":{"name":"pern.agnieszka","@id":"https:\/\/www.pern.pl\/de\/#\/schema\/person\/d2d148146d8007567593921f2468d206"},"headline":"PERN liderem bezpiecze\u0144stwa technicznego","datePublished":"2018-05-24T10:38:08+00:00","dateModified":"2023-06-22T11:01:05+00:00","mainEntityOfPage":{"@id":"https:\/\/www.pern.pl\/de\/2018\/05\/24\/pern-liderem-bezpieczenstwa-technicznego\/"},"wordCount":342,"image":{"@id":"https:\/\/www.pern.pl\/de\/2018\/05\/24\/pern-liderem-bezpieczenstwa-technicznego\/#primaryimage"},"thumbnailUrl":"https:\/\/www.pern.pl\/wp-content\/uploads\/2018\/05\/lbt2017_www-1.jpg","articleSection":["Komunikaty","Aktualno\u015bci"],"inLanguage":"de"},{"@type":"WebPage","@id":"https:\/\/www.pern.pl\/de\/2018\/05\/24\/pern-liderem-bezpieczenstwa-technicznego\/","url":"https:\/\/www.pern.pl\/de\/2018\/05\/24\/pern-liderem-bezpieczenstwa-technicznego\/","name":"PERN liderem bezpiecze\u0144stwa technicznego - PERN","isPartOf":{"@id":"https:\/\/www.pern.pl\/de\/#website"},"primaryImageOfPage":{"@id":"https:\/\/www.pern.pl\/de\/2018\/05\/24\/pern-liderem-bezpieczenstwa-technicznego\/#primaryimage"},"image":{"@id":"https:\/\/www.pern.pl\/de\/2018\/05\/24\/pern-liderem-bezpieczenstwa-technicznego\/#primaryimage"},"thumbnailUrl":"https:\/\/www.pern.pl\/wp-content\/uploads\/2018\/05\/lbt2017_www-1.jpg","datePublished":"2018-05-24T10:38:08+00:00","dateModified":"2023-06-22T11:01:05+00:00","author":{"@id":"https:\/\/www.pern.pl\/de\/#\/schema\/person\/d2d148146d8007567593921f2468d206"},"breadcrumb":{"@id":"https:\/\/www.pern.pl\/de\/2018\/05\/24\/pern-liderem-bezpieczenstwa-technicznego\/#breadcrumb"},"inLanguage":"de","potentialAction":[{"@type":"ReadAction","target":["https:\/\/www.pern.pl\/de\/2018\/05\/24\/pern-liderem-bezpieczenstwa-technicznego\/"]}]},{"@type":"ImageObject","inLanguage":"de","@id":"https:\/\/www.pern.pl\/de\/2018\/05\/24\/pern-liderem-bezpieczenstwa-technicznego\/#primaryimage","url":"https:\/\/www.pern.pl\/wp-content\/uploads\/2018\/05\/lbt2017_www-1.jpg","contentUrl":"https:\/\/www.pern.pl\/wp-content\/uploads\/2018\/05\/lbt2017_www-1.jpg","width":1140,"height":530},{"@type":"BreadcrumbList","@id":"https:\/\/www.pern.pl\/de\/2018\/05\/24\/pern-liderem-bezpieczenstwa-technicznego\/#breadcrumb","itemListElement":[{"@type":"ListItem","position":1,"name":"Homepage","item":"https:\/\/www.pern.pl\/de\/"},{"@type":"ListItem","position":2,"name":"PERN liderem bezpiecze\u0144stwa technicznego"}]},{"@type":"WebSite","@id":"https:\/\/www.pern.pl\/de\/#website","url":"https:\/\/www.pern.pl\/de\/","name":"PERN","description":"","potentialAction":[{"@type":"SearchAction","target":{"@type":"EntryPoint","urlTemplate":"https:\/\/www.pern.pl\/de\/?s={search_term_string}"},"query-input":{"@type":"PropertyValueSpecification","valueRequired":true,"valueName":"search_term_string"}}],"inLanguage":"de"},{"@type":"Person","@id":"https:\/\/www.pern.pl\/de\/#\/schema\/person\/d2d148146d8007567593921f2468d206","name":"pern.agnieszka","image":{"@type":"ImageObject","inLanguage":"de","@id":"https:\/\/www.pern.pl\/de\/#\/schema\/person\/image\/","url":"https:\/\/secure.gravatar.com\/avatar\/024ee3d9d5254899ddd79929024fe449caea87a1b6745f63796fa3172d3d90d4?s=96&d=mm&r=g","contentUrl":"https:\/\/secure.gravatar.com\/avatar\/024ee3d9d5254899ddd79929024fe449caea87a1b6745f63796fa3172d3d90d4?s=96&d=mm&r=g","caption":"pern.agnieszka"},"url":"https:\/\/www.pern.pl\/de\/author\/pern-agnieszka\/"}]}},"_links":{"self":[{"href":"https:\/\/www.pern.pl\/de\/wp-json\/wp\/v2\/posts\/7915","targetHints":{"allow":["GET"]}}],"collection":[{"href":"https:\/\/www.pern.pl\/de\/wp-json\/wp\/v2\/posts"}],"about":[{"href":"https:\/\/www.pern.pl\/de\/wp-json\/wp\/v2\/types\/post"}],"author":[{"embeddable":true,"href":"https:\/\/www.pern.pl\/de\/wp-json\/wp\/v2\/users\/8"}],"replies":[{"embeddable":true,"href":"https:\/\/www.pern.pl\/de\/wp-json\/wp\/v2\/comments?post=7915"}],"version-history":[{"count":0,"href":"https:\/\/www.pern.pl\/de\/wp-json\/wp\/v2\/posts\/7915\/revisions"}],"wp:featuredmedia":[{"embeddable":true,"href":"https:\/\/www.pern.pl\/de\/wp-json\/wp\/v2\/media\/45465"}],"wp:attachment":[{"href":"https:\/\/www.pern.pl\/de\/wp-json\/wp\/v2\/media?parent=7915"}],"wp:term":[{"taxonomy":"category","embeddable":true,"href":"https:\/\/www.pern.pl\/de\/wp-json\/wp\/v2\/categories?post=7915"},{"taxonomy":"post_tag","embeddable":true,"href":"https:\/\/www.pern.pl\/de\/wp-json\/wp\/v2\/tags?post=7915"}],"curies":[{"name":"wp","href":"https:\/\/api.w.org\/{rel}","templated":true}]}}