{"id":54231,"date":"2026-09-01T13:22:36","date_gmt":"2026-09-01T11:22:36","guid":{"rendered":"https:\/\/www.pern.pl\/?p=54231"},"modified":"2026-09-01T13:22:36","modified_gmt":"2026-09-01T11:22:36","slug":"polscy-operatorzy-infrastruktury-przesylowej-lacza-sily-w-brukseli","status":"publish","type":"post","link":"https:\/\/www.pern.pl\/de\/2026\/09\/01\/polscy-operatorzy-infrastruktury-przesylowej-lacza-sily-w-brukseli\/","title":{"rendered":"Polscy operatorzy infrastruktury przesy\u0142owej \u0142\u0105cz\u0105 si\u0142y w Brukseli"},"content":{"rendered":"<p><img loading=\"lazy\" decoding=\"async\" class=\"alignnone wp-image-54232\" src=\"https:\/\/www.pern.pl\/wp-content\/uploads\/2026\/09\/PEIH-Logo.png\" alt=\"\" width=\"145\" height=\"95\" \/><\/p>\n<p><strong>PERN, Polskie Sieci Elektroenergetyczne oraz GAZ-SYSTEM powo\u0142a\u0142y stowarzyszenie Polish Energy Infrastructure House (PEIH). Zadaniem nowego podmiotu b\u0119dzie reprezentowanie operator\u00f3w strategicznej infrastruktury energetycznej na forum Unii Europejskiej. Dzia\u0142aj\u0105ca w Brukseli organizacja b\u0119dzie platform\u0105 wsp\u00f3\u0142pracy i dialogu z instytucjami UE w obszarach kluczowych dla bezpiecze\u0144stwa energetycznego, transformacji oraz konkurencyjno\u015bci europejskiej gospodarki.<\/strong><\/p>\n<p>Ambitne cele Polski i UE w zakresie elektryfikacji przemys\u0142u, ciep\u0142ownictwa, transportu i innych sektor\u00f3w gospodarki oznaczaj\u0105 konieczno\u015b\u0107 rozbudowy i modernizacji infrastruktury energetycznej. Jednocze\u015bnie zapewnienie bezpiecze\u0144stwa energetycznego wymaga coraz \u015bci\u015blejszej wsp\u00f3\u0142pracy pomi\u0119dzy operatorami system\u00f3w przesy\u0142owych energii elektrycznej, gazu oraz paliw. Powo\u0142anie PEIH to krok w kierunku uzyskania synergii w tych obszarach. Wiod\u0105cym tematem dzia\u0142alno\u015bci stowarzyszenia b\u0119dzie integracja sektor\u00f3w, czyli tworzenie warunk\u00f3w, w kt\u00f3rych r\u00f3\u017cne no\u015bniki energii i rodzaje infrastruktury wsp\u00f3\u0142pracuj\u0105 na rzecz zwi\u0119kszenia elastyczno\u015bci i efektywno\u015bci oraz budowy odporno\u015bci ca\u0142ego systemu, przyczyniaj\u0105c si\u0119 do optymalizacji koszt\u00f3w.<\/p>\n<p><img loading=\"lazy\" decoding=\"async\" class=\"alignnone size-large wp-image-54255\" src=\"https:\/\/www.pern.pl\/wp-content\/uploads\/2026\/09\/peih14popr-1024x511.jpg\" alt=\"\" width=\"1024\" height=\"511\" srcset=\"https:\/\/www.pern.pl\/wp-content\/uploads\/2026\/09\/peih14popr-1024x511.jpg 1024w, https:\/\/www.pern.pl\/wp-content\/uploads\/2026\/09\/peih14popr-300x150.jpg 300w, https:\/\/www.pern.pl\/wp-content\/uploads\/2026\/09\/peih14popr-768x383.jpg 768w, https:\/\/www.pern.pl\/wp-content\/uploads\/2026\/09\/peih14popr-1536x767.jpg 1536w, https:\/\/www.pern.pl\/wp-content\/uploads\/2026\/09\/peih14popr-2048x1022.jpg 2048w, https:\/\/www.pern.pl\/wp-content\/uploads\/2026\/09\/peih14popr-1200x599.jpg 1200w\" sizes=\"auto, (max-width: 1024px) 95vw, 1024px\" \/><\/p>\n<p>\u2013 <em>Polska posiada wyj\u0105tkowe do\u015bwiadczenia w budowaniu odporno\u015bci energetycznej i chcemy, aby ten g\u0142os by\u0142 mocno obecny w europejskiej debacie. Powo\u0142anie stowarzyszenia Polish Energy Infrastructure House to dobry krok w kierunku skutecznego zabiegania o rozwi\u0105zania s\u0142u\u017c\u0105ce bezpiecze\u0144stwu i konkurencyjno\u015bci Polski i ca\u0142ej UE<\/em> \u2013 powiedzia\u0142 Wojciech Wrochna, Sekretarz Stanu w Ministerstwie Energii i Pe\u0142nomocnik Rz\u0105du ds. Strategicznej Infrastruktury Energetycznej.<\/p>\n<p>PEIH b\u0119dzie uczestniczy\u0107 w debacie dotycz\u0105cej europejskich regulacji, kierunk\u00f3w rozwoju infrastruktury, instrument\u00f3w finansowania, a tak\u017ce bezpiecze\u0144stwa oraz integracji europejskich system\u00f3w energetycznych.<\/p>\n<p>\u2013 <em>Wsp\u00f3lny projekt z NATO pokazuje, \u017ce inwestycje PERN staj\u0105 si\u0119 cz\u0119\u015bci\u0105 szerszej architektury bezpiecze\u0144stwa Europy. Poprzez uczestnictwo w PEIH chcemy by\u0107 obecni tam, gdzie zapadaj\u0105 decyzje istotne dla przysz\u0142o\u015bci europejskiej infrastruktury i bezpiecze\u0144stwa energetycznego Polski<\/em> \u2013 powiedzia\u0142 prezes PERN Daniel \u015awi\u0119tochowski.<\/p>\n<p><img loading=\"lazy\" decoding=\"async\" class=\"alignnone wp-image-54239\" src=\"https:\/\/www.pern.pl\/wp-content\/uploads\/2026\/09\/peih2-1024x768.jpg\" alt=\"\" width=\"713\" height=\"535\" srcset=\"https:\/\/www.pern.pl\/wp-content\/uploads\/2026\/09\/peih2-1024x768.jpg 1024w, https:\/\/www.pern.pl\/wp-content\/uploads\/2026\/09\/peih2-300x225.jpg 300w, https:\/\/www.pern.pl\/wp-content\/uploads\/2026\/09\/peih2-768x576.jpg 768w, https:\/\/www.pern.pl\/wp-content\/uploads\/2026\/09\/peih2-1536x1152.jpg 1536w, https:\/\/www.pern.pl\/wp-content\/uploads\/2026\/09\/peih2-2048x1536.jpg 2048w, https:\/\/www.pern.pl\/wp-content\/uploads\/2026\/09\/peih2-1200x900.jpg 1200w\" sizes=\"auto, (max-width: 709px) 85vw, (max-width: 909px) 67vw, (max-width: 984px) 61vw, (max-width: 1362px) 45vw, 600px\" \/><\/p>\n<p>\u2013<em> Komisja Europejska uzna\u0142a elektryfikacj\u0119 za jeden z kluczowych kierunk\u00f3w rozwoju gospodarki europejskiej. Jej tempo b\u0119dzie zale\u017ca\u0142o w du\u017cej mierze od skuteczno\u015bci integracji kolejnych sektor\u00f3w z elektroenergetyk\u0105. To szansa, kt\u00f3rej Polsce i Europie nie wolno zmarnowa\u0107 \u2013 <\/em>powiedzia\u0142 prezes PSE Grzegorz Onichimowski, kt\u00f3ry pe\u0142ni r\u00f3wnie\u017c funkcj\u0119 Prezydenta PEIH.<\/p>\n<p>\u2013 <em>Powodzenie transformacji energetycznej wymaga bezpiecznej i odpornej infrastruktury przesy\u0142owej. W Polsce od jakiego\u015b czasu pracujemy intensywnie nad rozwi\u0105zaniami umo\u017cliwiaj\u0105cymi wprowadzenie biometanu do krajowego systemu oraz mo\u017cliwo\u015bciami powstania regionalnego korytarza wodorowego z udzia\u0142em kilku pa\u0144stw ba\u0142tyckich. W ramach PEIH chcemy aktywnie wsp\u00f3\u0142tworzy\u0107 europejsk\u0105 polityk\u0119 energetyczn\u0105, promuj\u0105c polskie do\u015bwiadczenia i model transformacji oparty na zintegrowanym systemie przesy\u0142u r\u00f3\u017cnych no\u015bnik\u00f3w energii, jednocze\u015bnie wzmacniaj\u0105c odporno\u015b\u0107 energetyczn\u0105 Polski i ca\u0142ego regionu<\/em> \u2013 podkre\u015bli\u0142 S\u0142awomir Hinc, prezes GAZ-SYSTEM.<\/p>\n<p>Dyrektorem biura PEIH jest Jakub Przyborowicz, kt\u00f3ry od wielu lat pracuje w Brukseli m.in. jako szef tamtejszego przedstawicielstwa sp\u00f3\u0142ki Gaz-System.<\/p>\n<p>\u2013 <em>Europejska polityka energetyczna coraz cz\u0119\u015bciej musi patrze\u0107 na energi\u0119 elektryczn\u0105, gaz i paliwa jako na elementy jednego, wzajemnie powi\u0105zanego systemu. Decyzje podejmowane dzi\u015b w Brukseli b\u0119d\u0105 mia\u0142y bezpo\u015bredni wp\u0142yw na bezpiecze\u0144stwo dostaw, odporno\u015b\u0107 infrastruktury i konkurencyjno\u015b\u0107 europejskiej gospodarki przez kolejne dekady. Dlatego chcemy, aby w tej debacie silniej wybrzmiewa\u0142 g\u0142os operator\u00f3w infrastruktury oraz polskie do\u015bwiadczenia. PEIH ma by\u0107 miejscem, kt\u00f3re przek\u0142ada praktyczn\u0105 wiedz\u0119 o funkcjonowaniu system\u00f3w energetycznych na konkretne rekomendacje dla europejskich regulacji i polityk<\/em> \u2013 powiedzia\u0142 Jakub Przyborowicz, dyrektor biura PEIH.<\/p>\n<p>&nbsp;<\/p>\n\n","protected":false},"excerpt":{"rendered":"<p>PERN, Polskie Sieci Elektroenergetyczne oraz GAZ-SYSTEM powo\u0142a\u0142y stowarzyszenie Polish Energy Infrastructure House (PEIH). Zadaniem nowego podmiotu b\u0119dzie reprezentowanie operator\u00f3w strategicznej infrastruktury energetycznej na forum Unii Europejskiej. Dzia\u0142aj\u0105ca w Brukseli organizacja b\u0119dzie platform\u0105 wsp\u00f3\u0142pracy i dialogu &hellip; <a href=\"https:\/\/www.pern.pl\/de\/2026\/09\/01\/polscy-operatorzy-infrastruktury-przesylowej-lacza-sily-w-brukseli\/\" class=\"more-link\">Continue reading<span class=\"screen-reader-text\"> &#8222;Polscy operatorzy infrastruktury przesy\u0142owej \u0142\u0105cz\u0105 si\u0142y w Brukseli&#8220;<\/span><\/a><\/p>\n","protected":false},"author":6,"featured_media":54251,"comment_status":"closed","ping_status":"open","sticky":false,"template":"","format":"standard","meta":{"_acf_changed":false,"inline_featured_image":false,"footnotes":""},"categories":[7,8],"tags":[],"class_list":["post-54231","post","type-post","status-publish","format-standard","has-post-thumbnail","hentry","category-komunikaty","category-aktualnosci"],"acf":[],"yoast_head":"<!-- This site is optimized with the Yoast SEO plugin v28.3 - https:\/\/yoast.com\/product\/yoast-seo-wordpress\/ -->\n<title>Polscy operatorzy infrastruktury przesy\u0142owej \u0142\u0105cz\u0105 si\u0142y w Brukseli - PERN<\/title>\n<meta name=\"robots\" content=\"index, follow, max-snippet:-1, max-image-preview:large, max-video-preview:-1\" \/>\n<link rel=\"canonical\" href=\"https:\/\/www.pern.pl\/de\/2026\/09\/01\/polscy-operatorzy-infrastruktury-przesylowej-lacza-sily-w-brukseli\/\" \/>\n<meta property=\"og:locale\" content=\"de_DE\" \/>\n<meta property=\"og:type\" content=\"article\" \/>\n<meta property=\"og:title\" content=\"Polscy operatorzy infrastruktury przesy\u0142owej \u0142\u0105cz\u0105 si\u0142y w Brukseli - PERN\" \/>\n<meta property=\"og:description\" content=\"PERN, Polskie Sieci Elektroenergetyczne oraz GAZ-SYSTEM powo\u0142a\u0142y stowarzyszenie Polish Energy Infrastructure House (PEIH). Zadaniem nowego podmiotu b\u0119dzie reprezentowanie operator\u00f3w strategicznej infrastruktury energetycznej na forum Unii Europejskiej. Dzia\u0142aj\u0105ca w Brukseli organizacja b\u0119dzie platform\u0105 wsp\u00f3\u0142pracy i dialogu &hellip; Continue reading &quot;Polscy operatorzy infrastruktury przesy\u0142owej \u0142\u0105cz\u0105 si\u0142y w Brukseli&quot;\" \/>\n<meta property=\"og:url\" content=\"https:\/\/www.pern.pl\/de\/2026\/09\/01\/polscy-operatorzy-infrastruktury-przesylowej-lacza-sily-w-brukseli\/\" \/>\n<meta property=\"og:site_name\" content=\"PERN\" \/>\n<meta property=\"article:published_time\" content=\"2026-09-01T11:22:36+00:00\" \/>\n<meta property=\"og:image\" content=\"https:\/\/www.pern.pl\/wp-content\/uploads\/2026\/09\/peih14a-scaled.jpg\" \/>\n\t<meta property=\"og:image:width\" content=\"2560\" \/>\n\t<meta property=\"og:image:height\" content=\"657\" \/>\n\t<meta property=\"og:image:type\" content=\"image\/jpeg\" \/>\n<meta name=\"author\" content=\"Centrum Prasowe PERN S.A.\" \/>\n<meta name=\"twitter:card\" content=\"summary_large_image\" \/>\n<meta name=\"twitter:label1\" content=\"Verfasst von\" \/>\n\t<meta name=\"twitter:data1\" content=\"Centrum Prasowe PERN S.A.\" \/>\n\t<meta name=\"twitter:label2\" content=\"Gesch\u00e4tzte Lesezeit\" \/>\n\t<meta name=\"twitter:data2\" content=\"4\u00a0Minuten\" \/>\n<script type=\"application\/ld+json\" class=\"yoast-schema-graph\">{\"@context\":\"https:\\\/\\\/schema.org\",\"@graph\":[{\"@type\":\"Article\",\"@id\":\"https:\\\/\\\/www.pern.pl\\\/de\\\/2026\\\/09\\\/01\\\/polscy-operatorzy-infrastruktury-przesylowej-lacza-sily-w-brukseli\\\/#article\",\"isPartOf\":{\"@id\":\"https:\\\/\\\/www.pern.pl\\\/de\\\/2026\\\/09\\\/01\\\/polscy-operatorzy-infrastruktury-przesylowej-lacza-sily-w-brukseli\\\/\"},\"author\":{\"name\":\"Centrum Prasowe PERN S.A.\",\"@id\":\"https:\\\/\\\/www.pern.pl\\\/de\\\/#\\\/schema\\\/person\\\/f31c4cc0c1be42f0cb9d1a055b3e0996\"},\"headline\":\"Polscy operatorzy infrastruktury przesy\u0142owej \u0142\u0105cz\u0105 si\u0142y w Brukseli\",\"datePublished\":\"2026-09-01T11:22:36+00:00\",\"mainEntityOfPage\":{\"@id\":\"https:\\\/\\\/www.pern.pl\\\/de\\\/2026\\\/09\\\/01\\\/polscy-operatorzy-infrastruktury-przesylowej-lacza-sily-w-brukseli\\\/\"},\"wordCount\":598,\"image\":{\"@id\":\"https:\\\/\\\/www.pern.pl\\\/de\\\/2026\\\/09\\\/01\\\/polscy-operatorzy-infrastruktury-przesylowej-lacza-sily-w-brukseli\\\/#primaryimage\"},\"thumbnailUrl\":\"https:\\\/\\\/www.pern.pl\\\/wp-content\\\/uploads\\\/2026\\\/09\\\/peih14a-scaled.jpg\",\"articleSection\":[\"Komunikaty\",\"Aktualno\u015bci\"],\"inLanguage\":\"de\"},{\"@type\":\"WebPage\",\"@id\":\"https:\\\/\\\/www.pern.pl\\\/de\\\/2026\\\/09\\\/01\\\/polscy-operatorzy-infrastruktury-przesylowej-lacza-sily-w-brukseli\\\/\",\"url\":\"https:\\\/\\\/www.pern.pl\\\/de\\\/2026\\\/09\\\/01\\\/polscy-operatorzy-infrastruktury-przesylowej-lacza-sily-w-brukseli\\\/\",\"name\":\"Polscy operatorzy infrastruktury przesy\u0142owej \u0142\u0105cz\u0105 si\u0142y w Brukseli - PERN\",\"isPartOf\":{\"@id\":\"https:\\\/\\\/www.pern.pl\\\/de\\\/#website\"},\"primaryImageOfPage\":{\"@id\":\"https:\\\/\\\/www.pern.pl\\\/de\\\/2026\\\/09\\\/01\\\/polscy-operatorzy-infrastruktury-przesylowej-lacza-sily-w-brukseli\\\/#primaryimage\"},\"image\":{\"@id\":\"https:\\\/\\\/www.pern.pl\\\/de\\\/2026\\\/09\\\/01\\\/polscy-operatorzy-infrastruktury-przesylowej-lacza-sily-w-brukseli\\\/#primaryimage\"},\"thumbnailUrl\":\"https:\\\/\\\/www.pern.pl\\\/wp-content\\\/uploads\\\/2026\\\/09\\\/peih14a-scaled.jpg\",\"datePublished\":\"2026-09-01T11:22:36+00:00\",\"author\":{\"@id\":\"https:\\\/\\\/www.pern.pl\\\/de\\\/#\\\/schema\\\/person\\\/f31c4cc0c1be42f0cb9d1a055b3e0996\"},\"breadcrumb\":{\"@id\":\"https:\\\/\\\/www.pern.pl\\\/de\\\/2026\\\/09\\\/01\\\/polscy-operatorzy-infrastruktury-przesylowej-lacza-sily-w-brukseli\\\/#breadcrumb\"},\"inLanguage\":\"de\",\"potentialAction\":[{\"@type\":\"ReadAction\",\"target\":[\"https:\\\/\\\/www.pern.pl\\\/de\\\/2026\\\/09\\\/01\\\/polscy-operatorzy-infrastruktury-przesylowej-lacza-sily-w-brukseli\\\/\"]}]},{\"@type\":\"ImageObject\",\"inLanguage\":\"de\",\"@id\":\"https:\\\/\\\/www.pern.pl\\\/de\\\/2026\\\/09\\\/01\\\/polscy-operatorzy-infrastruktury-przesylowej-lacza-sily-w-brukseli\\\/#primaryimage\",\"url\":\"https:\\\/\\\/www.pern.pl\\\/wp-content\\\/uploads\\\/2026\\\/09\\\/peih14a-scaled.jpg\",\"contentUrl\":\"https:\\\/\\\/www.pern.pl\\\/wp-content\\\/uploads\\\/2026\\\/09\\\/peih14a-scaled.jpg\",\"width\":2560,\"height\":657},{\"@type\":\"BreadcrumbList\",\"@id\":\"https:\\\/\\\/www.pern.pl\\\/de\\\/2026\\\/09\\\/01\\\/polscy-operatorzy-infrastruktury-przesylowej-lacza-sily-w-brukseli\\\/#breadcrumb\",\"itemListElement\":[{\"@type\":\"ListItem\",\"position\":1,\"name\":\"Homepage\",\"item\":\"https:\\\/\\\/www.pern.pl\\\/de\\\/\"},{\"@type\":\"ListItem\",\"position\":2,\"name\":\"Polscy operatorzy infrastruktury przesy\u0142owej \u0142\u0105cz\u0105 si\u0142y w Brukseli\"}]},{\"@type\":\"WebSite\",\"@id\":\"https:\\\/\\\/www.pern.pl\\\/de\\\/#website\",\"url\":\"https:\\\/\\\/www.pern.pl\\\/de\\\/\",\"name\":\"PERN\",\"description\":\"\",\"potentialAction\":[{\"@type\":\"SearchAction\",\"target\":{\"@type\":\"EntryPoint\",\"urlTemplate\":\"https:\\\/\\\/www.pern.pl\\\/de\\\/?s={search_term_string}\"},\"query-input\":{\"@type\":\"PropertyValueSpecification\",\"valueRequired\":true,\"valueName\":\"search_term_string\"}}],\"inLanguage\":\"de\"},{\"@type\":\"Person\",\"@id\":\"https:\\\/\\\/www.pern.pl\\\/de\\\/#\\\/schema\\\/person\\\/f31c4cc0c1be42f0cb9d1a055b3e0996\",\"name\":\"Centrum Prasowe PERN S.A.\",\"image\":{\"@type\":\"ImageObject\",\"inLanguage\":\"de\",\"@id\":\"https:\\\/\\\/secure.gravatar.com\\\/avatar\\\/18e99c3405834609f4541514431875a8a466a6bf795000d784439f961b106e8a?s=96&d=mm&r=g\",\"url\":\"https:\\\/\\\/secure.gravatar.com\\\/avatar\\\/18e99c3405834609f4541514431875a8a466a6bf795000d784439f961b106e8a?s=96&d=mm&r=g\",\"contentUrl\":\"https:\\\/\\\/secure.gravatar.com\\\/avatar\\\/18e99c3405834609f4541514431875a8a466a6bf795000d784439f961b106e8a?s=96&d=mm&r=g\",\"caption\":\"Centrum Prasowe PERN S.A.\"},\"url\":\"https:\\\/\\\/www.pern.pl\\\/de\\\/author\\\/pern-katarzyna-krasinska\\\/\"}]}<\/script>\n<!-- \/ Yoast SEO plugin. -->","yoast_head_json":{"title":"Polscy operatorzy infrastruktury przesy\u0142owej \u0142\u0105cz\u0105 si\u0142y w Brukseli - PERN","robots":{"index":"index","follow":"follow","max-snippet":"max-snippet:-1","max-image-preview":"max-image-preview:large","max-video-preview":"max-video-preview:-1"},"canonical":"https:\/\/www.pern.pl\/de\/2026\/09\/01\/polscy-operatorzy-infrastruktury-przesylowej-lacza-sily-w-brukseli\/","og_locale":"de_DE","og_type":"article","og_title":"Polscy operatorzy infrastruktury przesy\u0142owej \u0142\u0105cz\u0105 si\u0142y w Brukseli - PERN","og_description":"PERN, Polskie Sieci Elektroenergetyczne oraz GAZ-SYSTEM powo\u0142a\u0142y stowarzyszenie Polish Energy Infrastructure House (PEIH). Zadaniem nowego podmiotu b\u0119dzie reprezentowanie operator\u00f3w strategicznej infrastruktury energetycznej na forum Unii Europejskiej. Dzia\u0142aj\u0105ca w Brukseli organizacja b\u0119dzie platform\u0105 wsp\u00f3\u0142pracy i dialogu &hellip; Continue reading \"Polscy operatorzy infrastruktury przesy\u0142owej \u0142\u0105cz\u0105 si\u0142y w Brukseli\"","og_url":"https:\/\/www.pern.pl\/de\/2026\/09\/01\/polscy-operatorzy-infrastruktury-przesylowej-lacza-sily-w-brukseli\/","og_site_name":"PERN","article_published_time":"2026-09-01T11:22:36+00:00","og_image":[{"width":2560,"height":657,"url":"https:\/\/www.pern.pl\/wp-content\/uploads\/2026\/09\/peih14a-scaled.jpg","type":"image\/jpeg"}],"author":"Centrum Prasowe PERN S.A.","twitter_card":"summary_large_image","twitter_misc":{"Verfasst von":"Centrum Prasowe PERN S.A.","Gesch\u00e4tzte Lesezeit":"4\u00a0Minuten"},"schema":{"@context":"https:\/\/schema.org","@graph":[{"@type":"Article","@id":"https:\/\/www.pern.pl\/de\/2026\/09\/01\/polscy-operatorzy-infrastruktury-przesylowej-lacza-sily-w-brukseli\/#article","isPartOf":{"@id":"https:\/\/www.pern.pl\/de\/2026\/09\/01\/polscy-operatorzy-infrastruktury-przesylowej-lacza-sily-w-brukseli\/"},"author":{"name":"Centrum Prasowe PERN S.A.","@id":"https:\/\/www.pern.pl\/de\/#\/schema\/person\/f31c4cc0c1be42f0cb9d1a055b3e0996"},"headline":"Polscy operatorzy infrastruktury przesy\u0142owej \u0142\u0105cz\u0105 si\u0142y w Brukseli","datePublished":"2026-09-01T11:22:36+00:00","mainEntityOfPage":{"@id":"https:\/\/www.pern.pl\/de\/2026\/09\/01\/polscy-operatorzy-infrastruktury-przesylowej-lacza-sily-w-brukseli\/"},"wordCount":598,"image":{"@id":"https:\/\/www.pern.pl\/de\/2026\/09\/01\/polscy-operatorzy-infrastruktury-przesylowej-lacza-sily-w-brukseli\/#primaryimage"},"thumbnailUrl":"https:\/\/www.pern.pl\/wp-content\/uploads\/2026\/09\/peih14a-scaled.jpg","articleSection":["Komunikaty","Aktualno\u015bci"],"inLanguage":"de"},{"@type":"WebPage","@id":"https:\/\/www.pern.pl\/de\/2026\/09\/01\/polscy-operatorzy-infrastruktury-przesylowej-lacza-sily-w-brukseli\/","url":"https:\/\/www.pern.pl\/de\/2026\/09\/01\/polscy-operatorzy-infrastruktury-przesylowej-lacza-sily-w-brukseli\/","name":"Polscy operatorzy infrastruktury przesy\u0142owej \u0142\u0105cz\u0105 si\u0142y w Brukseli - PERN","isPartOf":{"@id":"https:\/\/www.pern.pl\/de\/#website"},"primaryImageOfPage":{"@id":"https:\/\/www.pern.pl\/de\/2026\/09\/01\/polscy-operatorzy-infrastruktury-przesylowej-lacza-sily-w-brukseli\/#primaryimage"},"image":{"@id":"https:\/\/www.pern.pl\/de\/2026\/09\/01\/polscy-operatorzy-infrastruktury-przesylowej-lacza-sily-w-brukseli\/#primaryimage"},"thumbnailUrl":"https:\/\/www.pern.pl\/wp-content\/uploads\/2026\/09\/peih14a-scaled.jpg","datePublished":"2026-09-01T11:22:36+00:00","author":{"@id":"https:\/\/www.pern.pl\/de\/#\/schema\/person\/f31c4cc0c1be42f0cb9d1a055b3e0996"},"breadcrumb":{"@id":"https:\/\/www.pern.pl\/de\/2026\/09\/01\/polscy-operatorzy-infrastruktury-przesylowej-lacza-sily-w-brukseli\/#breadcrumb"},"inLanguage":"de","potentialAction":[{"@type":"ReadAction","target":["https:\/\/www.pern.pl\/de\/2026\/09\/01\/polscy-operatorzy-infrastruktury-przesylowej-lacza-sily-w-brukseli\/"]}]},{"@type":"ImageObject","inLanguage":"de","@id":"https:\/\/www.pern.pl\/de\/2026\/09\/01\/polscy-operatorzy-infrastruktury-przesylowej-lacza-sily-w-brukseli\/#primaryimage","url":"https:\/\/www.pern.pl\/wp-content\/uploads\/2026\/09\/peih14a-scaled.jpg","contentUrl":"https:\/\/www.pern.pl\/wp-content\/uploads\/2026\/09\/peih14a-scaled.jpg","width":2560,"height":657},{"@type":"BreadcrumbList","@id":"https:\/\/www.pern.pl\/de\/2026\/09\/01\/polscy-operatorzy-infrastruktury-przesylowej-lacza-sily-w-brukseli\/#breadcrumb","itemListElement":[{"@type":"ListItem","position":1,"name":"Homepage","item":"https:\/\/www.pern.pl\/de\/"},{"@type":"ListItem","position":2,"name":"Polscy operatorzy infrastruktury przesy\u0142owej \u0142\u0105cz\u0105 si\u0142y w Brukseli"}]},{"@type":"WebSite","@id":"https:\/\/www.pern.pl\/de\/#website","url":"https:\/\/www.pern.pl\/de\/","name":"PERN","description":"","potentialAction":[{"@type":"SearchAction","target":{"@type":"EntryPoint","urlTemplate":"https:\/\/www.pern.pl\/de\/?s={search_term_string}"},"query-input":{"@type":"PropertyValueSpecification","valueRequired":true,"valueName":"search_term_string"}}],"inLanguage":"de"},{"@type":"Person","@id":"https:\/\/www.pern.pl\/de\/#\/schema\/person\/f31c4cc0c1be42f0cb9d1a055b3e0996","name":"Centrum Prasowe PERN S.A.","image":{"@type":"ImageObject","inLanguage":"de","@id":"https:\/\/secure.gravatar.com\/avatar\/18e99c3405834609f4541514431875a8a466a6bf795000d784439f961b106e8a?s=96&d=mm&r=g","url":"https:\/\/secure.gravatar.com\/avatar\/18e99c3405834609f4541514431875a8a466a6bf795000d784439f961b106e8a?s=96&d=mm&r=g","contentUrl":"https:\/\/secure.gravatar.com\/avatar\/18e99c3405834609f4541514431875a8a466a6bf795000d784439f961b106e8a?s=96&d=mm&r=g","caption":"Centrum Prasowe PERN S.A."},"url":"https:\/\/www.pern.pl\/de\/author\/pern-katarzyna-krasinska\/"}]}},"_links":{"self":[{"href":"https:\/\/www.pern.pl\/de\/wp-json\/wp\/v2\/posts\/54231","targetHints":{"allow":["GET"]}}],"collection":[{"href":"https:\/\/www.pern.pl\/de\/wp-json\/wp\/v2\/posts"}],"about":[{"href":"https:\/\/www.pern.pl\/de\/wp-json\/wp\/v2\/types\/post"}],"author":[{"embeddable":true,"href":"https:\/\/www.pern.pl\/de\/wp-json\/wp\/v2\/users\/6"}],"replies":[{"embeddable":true,"href":"https:\/\/www.pern.pl\/de\/wp-json\/wp\/v2\/comments?post=54231"}],"version-history":[{"count":5,"href":"https:\/\/www.pern.pl\/de\/wp-json\/wp\/v2\/posts\/54231\/revisions"}],"predecessor-version":[{"id":54258,"href":"https:\/\/www.pern.pl\/de\/wp-json\/wp\/v2\/posts\/54231\/revisions\/54258"}],"wp:featuredmedia":[{"embeddable":true,"href":"https:\/\/www.pern.pl\/de\/wp-json\/wp\/v2\/media\/54251"}],"wp:attachment":[{"href":"https:\/\/www.pern.pl\/de\/wp-json\/wp\/v2\/media?parent=54231"}],"wp:term":[{"taxonomy":"category","embeddable":true,"href":"https:\/\/www.pern.pl\/de\/wp-json\/wp\/v2\/categories?post=54231"},{"taxonomy":"post_tag","embeddable":true,"href":"https:\/\/www.pern.pl\/de\/wp-json\/wp\/v2\/tags?post=54231"}],"curies":[{"name":"wp","href":"https:\/\/api.w.org\/{rel}","templated":true}]}}