{"id":53429,"date":"2026-03-17T13:12:08","date_gmt":"2026-03-17T12:12:08","guid":{"rendered":"https:\/\/www.pern.pl\/?p=53429"},"modified":"2026-03-17T13:12:08","modified_gmt":"2026-03-17T12:12:08","slug":"pern-podpisal-umowe-na-rozbudowe-bazy-paliw-w-koluszkach","status":"publish","type":"post","link":"https:\/\/www.pern.pl\/de\/2026\/03\/17\/pern-podpisal-umowe-na-rozbudowe-bazy-paliw-w-koluszkach\/","title":{"rendered":"PERN podpisa\u0142 umow\u0119 na rozbudow\u0119 Bazy Paliw w Koluszkach"},"content":{"rendered":"<p><strong>PERN podpisa\u0142 we wtorek 17 marca 2026 r. umow\u0119 z firm\u0105 Aldesa Construcciones Polska sp. z o.o. z siedzib\u0105 w Warszawie na\u00a0budow\u0119 nowego zbiornika na olej nap\u0119dowy w Bazie Paliw nr 1 w Koluszkach (woj. \u0142\u00f3dzkie). Nowa inwestycja o warto\u015bci blisko 40 mln z\u0142 obejmuje budow\u0119 zbiornika na olej nap\u0119dowy o pojemno\u015bci 33 tys. m\u00b3 wraz z infrastruktur\u0105 towarzysz\u0105c\u0105. Inwestycja zwi\u0119kszy potencja\u0142 operacyjny bazy i wzmocni logistyk\u0119 paliwow\u0105 w centralnej Polsce.<\/strong><\/p>\n<p>Nowy zbiornik powstanie w jednej z kluczowych lokalizacji PERN w centralnej Polsce. Po oddaniu inwestycji do u\u017cytku pojemno\u015b\u0107 magazynowa Bazy Paliw nr 1 w Koluszkach wzro\u015bnie z 439 tys. m<sup>3<\/sup> do 472 tys. m<sup>3<\/sup>. Inwestycja znacz\u0105co zwi\u0119kszy elastyczno\u015b\u0107 zarz\u0105dzania zapasami paliw w\u00a0ramach ca\u0142ego systemu magazynowego sp\u00f3\u0142ki.<\/p>\n<p>Rozbudowa infrastruktury w Koluszkach ma r\u00f3wnie\u017c wymiar biznesowy. \u2013 <em>Pojemno\u015b\u0107 Bazy jest obecnie w pe\u0142ni wykorzystywana, a nowy zbiornik umo\u017cliwi zwi\u0119kszenie liczby obs\u0142ugiwanych klient\u00f3w i pozwoli lepiej wykorzysta\u0107 lokalizacj\u0119 obiektu, kt\u00f3ry odgrywa wa\u017cn\u0105 rol\u0119 w krajowym \u0142a\u0144cuchu logistycznym paliw p\u0142ynnych<\/em> \u2013 wyja\u015bnia Bart\u0142omiej Zi\u00f3\u0142kowski, kierownik Dzia\u0142u Koluszki.<\/p>\n<p>Inwestycja wpisuje si\u0119 w szerszy plan rozwoju tej Bazy. Jeszcze w tym roku sp\u00f3\u0142ka planuje w Koluszkach rozpocz\u0105\u0107 budow\u0119 zbiornika o pojemno\u015bci 24 tys. m\u00b3 przeznaczonego do magazynowania benzyny. Post\u0119powanie przetargowe na t\u0119 inwestycj\u0119 w\u0142a\u015bnie ruszy\u0142o. PERN przygotowuje si\u0119 tak\u017ce do budowy nast\u0119pnego zbiornika na olej nap\u0119dowy o pojemno\u015bci 33 tys. m\u00b3, tym razem w bazie w Kawicach (woj. dolno\u015bl\u0105skie).<\/p>\n<p><em>\u2013 Podpisana umowa jest kolejnym etapem realizowanego przez sp\u00f3\u0142k\u0119 programu inwestycyjnego, kt\u00f3ry zak\u0142ada systematyczn\u0105 rozbudow\u0119 infrastruktury magazynowej i transportowej. Tego typu inwestycje wzmacniaj\u0105 bezpiecze\u0144stwo dostaw i odporno\u015b\u0107 krajowego systemu paliwowego. Rozbudowa pojemno\u015bci pozwala amortyzowa\u0107 wahania popytu, zapewnia ci\u0105g\u0142o\u015b\u0107 dostaw w skali ca\u0142ego kraju i\u00a0zwi\u0119ksza odporno\u015b\u0107 systemu logistycznego na zmiany rynkowe i czynniki zewn\u0119trzne<\/em> \u2013 m\u00f3wi Daniel \u015awi\u0119tochowski, prezes PERN<\/p>\n<p>Skala prowadzonych dzia\u0142a\u0144 inwestycyjnych pokazuje d\u0142ugofalowy charakter programu. \u2013\u00a0<em>W\u00a0projektowaniu znajduje si\u0119 obecnie siedem zbiornik\u00f3w o \u0142\u0105cznej pojemno\u015bci blisko 250 tys. m<sup>3<\/sup> w\u00a0r\u00f3\u017cnych bazach paliw. Ju\u017c w 2026 roku PERN planuje przeznaczy\u0107 416 mln z\u0142 na projekty inwestycyjne i modernizacyjne oraz 126 mln z\u0142 na remonty infrastruktury<\/em> \u2013 podkre\u015bla Mateusz Sta\u0144czyk, dyrektor Pionu Technicznego PERN.<\/p>\n<p>Obecnie PERN dysponuje pojemno\u015bciami magazynowymi przekraczaj\u0105cymi 4,2 mln m\u00b3 dla ropy oraz 2,8 mln m\u00b3 dla paliw. Rozbudowa infrastruktury w kolejnych bazach wzmacnia stabilno\u015b\u0107 systemu dystrybucyjnego i zwi\u0119ksza mo\u017cliwo\u015bci obs\u0142ugi rynku.<\/p>\n<p>R\u00f3wnolegle do budowy zbiornik\u00f3w trwaj\u0105 prace nad pozosta\u0142ymi elementami systemu logistycznego. W Bazie Paliw nr 2 w Nowej Wsi Wielkiej na etapie rozruchu znajduje si\u0119 masowy front kolejowy, kt\u00f3ry zwi\u0119kszy mo\u017cliwo\u015bci prze\u0142adunkowe obiektu. Inwestycja obejmuje budow\u0119 21 dwustronnych stanowisk roz\u0142adunkowych umo\u017cliwiaj\u0105cych jednoczesny roz\u0142adunek 30 cystern kolejowych. Ka\u017cde ze stanowisk b\u0119dzie wyposa\u017cone w 3 przy\u0142\u0105cza do odbioru r\u00f3\u017cnych produkt\u00f3w naftowych, tj. oleju nap\u0119dowego, benzyny oraz oleju opa\u0142owego.<\/p>\n<p>Rozbudowie podlega r\u00f3wnie\u017c infrastruktura w Naftoporcie, kt\u00f3rego PERN jest wi\u0119kszo\u015bciowym udzia\u0142owcem. Budowane jest sz\u00f3ste stanowisko prze\u0142adunk\u00f3w ropy naftowej, do obs\u0142ugi tak\u017ce zbiornikowc\u00f3w klasy VLCC o d\u0142ugo\u015bci ponad 300 metr\u00f3w i zanurzeniu do 15\u201317 metr\u00f3w. Inwestycja, realizowana wsp\u00f3lnie z\u00a0Zarz\u0105dem Morskiego Portu w Gda\u0144sku S.A., pozwoli na wzrost przepustowo\u015bci Naftoportu o 9 mln ton rocznie, czyli o 20 proc.<\/p>\n<p>Z kolei w pa\u017adzierniku 2025 roku sp\u00f3\u0142ka uruchomi\u0142a trzy nowe zbiorniki o \u0142\u0105cznej pojemno\u015bci 150\u00a0tys.\u00a0m\u00b3 w Bazie Paliw nr 21 w D\u0119bog\u00f3rzu. Dzi\u0119ki tej inwestycji obiekt sta\u0142 si\u0119 najwi\u0119kszym tego typu magazynem paliwowym w Polsce, z pojemno\u015bci\u0105 przekraczaj\u0105c\u0105 p\u00f3\u0142 miliona m\u00b3. W ramach porozumienia PERN z\u00a0Zarz\u0105dem Morskiego Portu w Gdyni S.A. trwa te\u017c rozbudowa stanowiska prze\u0142adunku paliw p\u0142ynnych w porcie w Gdyni, kt\u00f3ra umo\u017cliwi roz\u0142adunek najwi\u0119kszych tankowc\u00f3w mo\u017cliwych do obs\u0142ugi na Morzu Ba\u0142tyckim, o no\u015bno\u015bci kilkukrotnie wi\u0119kszej ni\u017c dzi\u015b obs\u0142ugiwane.<\/p>\n<p>&nbsp;<\/p>\n<p><span class=\"error\"><span style=\"font-size: 10.5pt; font-family: 'Arial',sans-serif; color: #172b4d;\"><\/span><\/span><\/p>\n","protected":false},"excerpt":{"rendered":"<p>PERN podpisa\u0142 we wtorek 17 marca 2026 r. umow\u0119 z firm\u0105 Aldesa Construcciones Polska sp. z o.o. z siedzib\u0105 w Warszawie na\u00a0budow\u0119 nowego zbiornika na olej nap\u0119dowy w Bazie Paliw nr 1 w Koluszkach (woj. &hellip; <a href=\"https:\/\/www.pern.pl\/de\/2026\/03\/17\/pern-podpisal-umowe-na-rozbudowe-bazy-paliw-w-koluszkach\/\" class=\"more-link\">Continue reading<span class=\"screen-reader-text\"> &#8222;PERN podpisa\u0142 umow\u0119 na rozbudow\u0119 Bazy Paliw w Koluszkach&#8220;<\/span><\/a><\/p>\n","protected":false},"author":38,"featured_media":53430,"comment_status":"closed","ping_status":"open","sticky":false,"template":"","format":"standard","meta":{"_acf_changed":false,"inline_featured_image":false,"footnotes":""},"categories":[7,8],"tags":[],"class_list":["post-53429","post","type-post","status-publish","format-standard","has-post-thumbnail","hentry","category-komunikaty","category-aktualnosci"],"acf":[],"yoast_head":"<!-- This site is optimized with the Yoast SEO plugin v26.9 - https:\/\/yoast.com\/product\/yoast-seo-wordpress\/ -->\n<title>PERN podpisa\u0142 umow\u0119 na rozbudow\u0119 Bazy Paliw w Koluszkach - PERN<\/title>\n<meta name=\"robots\" content=\"index, follow, max-snippet:-1, max-image-preview:large, max-video-preview:-1\" \/>\n<link rel=\"canonical\" href=\"https:\/\/www.pern.pl\/de\/2026\/03\/17\/pern-podpisal-umowe-na-rozbudowe-bazy-paliw-w-koluszkach\/\" \/>\n<meta property=\"og:locale\" content=\"de_DE\" \/>\n<meta property=\"og:type\" content=\"article\" \/>\n<meta property=\"og:title\" content=\"PERN podpisa\u0142 umow\u0119 na rozbudow\u0119 Bazy Paliw w Koluszkach - PERN\" \/>\n<meta property=\"og:description\" content=\"PERN podpisa\u0142 we wtorek 17 marca 2026 r. umow\u0119 z firm\u0105 Aldesa Construcciones Polska sp. z o.o. z siedzib\u0105 w Warszawie na\u00a0budow\u0119 nowego zbiornika na olej nap\u0119dowy w Bazie Paliw nr 1 w Koluszkach (woj. &hellip; Continue reading &quot;PERN podpisa\u0142 umow\u0119 na rozbudow\u0119 Bazy Paliw w Koluszkach&quot;\" \/>\n<meta property=\"og:url\" content=\"https:\/\/www.pern.pl\/de\/2026\/03\/17\/pern-podpisal-umowe-na-rozbudowe-bazy-paliw-w-koluszkach\/\" \/>\n<meta property=\"og:site_name\" content=\"PERN\" \/>\n<meta property=\"article:published_time\" content=\"2026-03-17T12:12:08+00:00\" \/>\n<meta property=\"og:image\" content=\"https:\/\/www.pern.pl\/wp-content\/uploads\/2026\/03\/PXL_20260317_1039086282.jpg\" \/>\n\t<meta property=\"og:image:width\" content=\"2419\" \/>\n\t<meta property=\"og:image:height\" content=\"1361\" \/>\n\t<meta property=\"og:image:type\" content=\"image\/jpeg\" \/>\n<meta name=\"author\" content=\"Maria.Ulanicka@pern.pl\" \/>\n<meta name=\"twitter:card\" content=\"summary_large_image\" \/>\n<meta name=\"twitter:label1\" content=\"Verfasst von\" \/>\n\t<meta name=\"twitter:data1\" content=\"Maria.Ulanicka@pern.pl\" \/>\n\t<meta name=\"twitter:label2\" content=\"Gesch\u00e4tzte Lesezeit\" \/>\n\t<meta name=\"twitter:data2\" content=\"4\u00a0Minuten\" \/>\n<script type=\"application\/ld+json\" class=\"yoast-schema-graph\">{\"@context\":\"https:\/\/schema.org\",\"@graph\":[{\"@type\":\"Article\",\"@id\":\"https:\/\/www.pern.pl\/de\/2026\/03\/17\/pern-podpisal-umowe-na-rozbudowe-bazy-paliw-w-koluszkach\/#article\",\"isPartOf\":{\"@id\":\"https:\/\/www.pern.pl\/de\/2026\/03\/17\/pern-podpisal-umowe-na-rozbudowe-bazy-paliw-w-koluszkach\/\"},\"author\":{\"name\":\"Maria.Ulanicka@pern.pl\",\"@id\":\"https:\/\/www.pern.pl\/de\/#\/schema\/person\/43f54842705fb27f1fba5af5fd44652b\"},\"headline\":\"PERN podpisa\u0142 umow\u0119 na rozbudow\u0119 Bazy Paliw w Koluszkach\",\"datePublished\":\"2026-03-17T12:12:08+00:00\",\"mainEntityOfPage\":{\"@id\":\"https:\/\/www.pern.pl\/de\/2026\/03\/17\/pern-podpisal-umowe-na-rozbudowe-bazy-paliw-w-koluszkach\/\"},\"wordCount\":692,\"image\":{\"@id\":\"https:\/\/www.pern.pl\/de\/2026\/03\/17\/pern-podpisal-umowe-na-rozbudowe-bazy-paliw-w-koluszkach\/#primaryimage\"},\"thumbnailUrl\":\"https:\/\/www.pern.pl\/wp-content\/uploads\/2026\/03\/PXL_20260317_1039086282.jpg\",\"articleSection\":[\"Komunikaty\",\"Aktualno\u015bci\"],\"inLanguage\":\"de\"},{\"@type\":\"WebPage\",\"@id\":\"https:\/\/www.pern.pl\/de\/2026\/03\/17\/pern-podpisal-umowe-na-rozbudowe-bazy-paliw-w-koluszkach\/\",\"url\":\"https:\/\/www.pern.pl\/de\/2026\/03\/17\/pern-podpisal-umowe-na-rozbudowe-bazy-paliw-w-koluszkach\/\",\"name\":\"PERN podpisa\u0142 umow\u0119 na rozbudow\u0119 Bazy Paliw w Koluszkach - PERN\",\"isPartOf\":{\"@id\":\"https:\/\/www.pern.pl\/de\/#website\"},\"primaryImageOfPage\":{\"@id\":\"https:\/\/www.pern.pl\/de\/2026\/03\/17\/pern-podpisal-umowe-na-rozbudowe-bazy-paliw-w-koluszkach\/#primaryimage\"},\"image\":{\"@id\":\"https:\/\/www.pern.pl\/de\/2026\/03\/17\/pern-podpisal-umowe-na-rozbudowe-bazy-paliw-w-koluszkach\/#primaryimage\"},\"thumbnailUrl\":\"https:\/\/www.pern.pl\/wp-content\/uploads\/2026\/03\/PXL_20260317_1039086282.jpg\",\"datePublished\":\"2026-03-17T12:12:08+00:00\",\"author\":{\"@id\":\"https:\/\/www.pern.pl\/de\/#\/schema\/person\/43f54842705fb27f1fba5af5fd44652b\"},\"breadcrumb\":{\"@id\":\"https:\/\/www.pern.pl\/de\/2026\/03\/17\/pern-podpisal-umowe-na-rozbudowe-bazy-paliw-w-koluszkach\/#breadcrumb\"},\"inLanguage\":\"de\",\"potentialAction\":[{\"@type\":\"ReadAction\",\"target\":[\"https:\/\/www.pern.pl\/de\/2026\/03\/17\/pern-podpisal-umowe-na-rozbudowe-bazy-paliw-w-koluszkach\/\"]}]},{\"@type\":\"ImageObject\",\"inLanguage\":\"de\",\"@id\":\"https:\/\/www.pern.pl\/de\/2026\/03\/17\/pern-podpisal-umowe-na-rozbudowe-bazy-paliw-w-koluszkach\/#primaryimage\",\"url\":\"https:\/\/www.pern.pl\/wp-content\/uploads\/2026\/03\/PXL_20260317_1039086282.jpg\",\"contentUrl\":\"https:\/\/www.pern.pl\/wp-content\/uploads\/2026\/03\/PXL_20260317_1039086282.jpg\",\"width\":2419,\"height\":1361},{\"@type\":\"BreadcrumbList\",\"@id\":\"https:\/\/www.pern.pl\/de\/2026\/03\/17\/pern-podpisal-umowe-na-rozbudowe-bazy-paliw-w-koluszkach\/#breadcrumb\",\"itemListElement\":[{\"@type\":\"ListItem\",\"position\":1,\"name\":\"Homepage\",\"item\":\"https:\/\/www.pern.pl\/de\/\"},{\"@type\":\"ListItem\",\"position\":2,\"name\":\"PERN podpisa\u0142 umow\u0119 na rozbudow\u0119 Bazy Paliw w Koluszkach\"}]},{\"@type\":\"WebSite\",\"@id\":\"https:\/\/www.pern.pl\/de\/#website\",\"url\":\"https:\/\/www.pern.pl\/de\/\",\"name\":\"PERN\",\"description\":\"\",\"potentialAction\":[{\"@type\":\"SearchAction\",\"target\":{\"@type\":\"EntryPoint\",\"urlTemplate\":\"https:\/\/www.pern.pl\/de\/?s={search_term_string}\"},\"query-input\":{\"@type\":\"PropertyValueSpecification\",\"valueRequired\":true,\"valueName\":\"search_term_string\"}}],\"inLanguage\":\"de\"},{\"@type\":\"Person\",\"@id\":\"https:\/\/www.pern.pl\/de\/#\/schema\/person\/43f54842705fb27f1fba5af5fd44652b\",\"name\":\"Maria.Ulanicka@pern.pl\",\"image\":{\"@type\":\"ImageObject\",\"inLanguage\":\"de\",\"@id\":\"https:\/\/www.pern.pl\/de\/#\/schema\/person\/image\/\",\"url\":\"https:\/\/secure.gravatar.com\/avatar\/9277b3e5411055a84c4c46d316d6237fbd791fb09726d17b39b34535faedd0f5?s=96&d=mm&r=g\",\"contentUrl\":\"https:\/\/secure.gravatar.com\/avatar\/9277b3e5411055a84c4c46d316d6237fbd791fb09726d17b39b34535faedd0f5?s=96&d=mm&r=g\",\"caption\":\"Maria.Ulanicka@pern.pl\"},\"url\":\"https:\/\/www.pern.pl\/de\/author\/maria-ulanickapern-pl\/\"}]}<\/script>\n<!-- \/ Yoast SEO plugin. -->","yoast_head_json":{"title":"PERN podpisa\u0142 umow\u0119 na rozbudow\u0119 Bazy Paliw w Koluszkach - PERN","robots":{"index":"index","follow":"follow","max-snippet":"max-snippet:-1","max-image-preview":"max-image-preview:large","max-video-preview":"max-video-preview:-1"},"canonical":"https:\/\/www.pern.pl\/de\/2026\/03\/17\/pern-podpisal-umowe-na-rozbudowe-bazy-paliw-w-koluszkach\/","og_locale":"de_DE","og_type":"article","og_title":"PERN podpisa\u0142 umow\u0119 na rozbudow\u0119 Bazy Paliw w Koluszkach - PERN","og_description":"PERN podpisa\u0142 we wtorek 17 marca 2026 r. umow\u0119 z firm\u0105 Aldesa Construcciones Polska sp. z o.o. z siedzib\u0105 w Warszawie na\u00a0budow\u0119 nowego zbiornika na olej nap\u0119dowy w Bazie Paliw nr 1 w Koluszkach (woj. &hellip; Continue reading \"PERN podpisa\u0142 umow\u0119 na rozbudow\u0119 Bazy Paliw w Koluszkach\"","og_url":"https:\/\/www.pern.pl\/de\/2026\/03\/17\/pern-podpisal-umowe-na-rozbudowe-bazy-paliw-w-koluszkach\/","og_site_name":"PERN","article_published_time":"2026-03-17T12:12:08+00:00","og_image":[{"width":2419,"height":1361,"url":"https:\/\/www.pern.pl\/wp-content\/uploads\/2026\/03\/PXL_20260317_1039086282.jpg","type":"image\/jpeg"}],"author":"Maria.Ulanicka@pern.pl","twitter_card":"summary_large_image","twitter_misc":{"Verfasst von":"Maria.Ulanicka@pern.pl","Gesch\u00e4tzte Lesezeit":"4\u00a0Minuten"},"schema":{"@context":"https:\/\/schema.org","@graph":[{"@type":"Article","@id":"https:\/\/www.pern.pl\/de\/2026\/03\/17\/pern-podpisal-umowe-na-rozbudowe-bazy-paliw-w-koluszkach\/#article","isPartOf":{"@id":"https:\/\/www.pern.pl\/de\/2026\/03\/17\/pern-podpisal-umowe-na-rozbudowe-bazy-paliw-w-koluszkach\/"},"author":{"name":"Maria.Ulanicka@pern.pl","@id":"https:\/\/www.pern.pl\/de\/#\/schema\/person\/43f54842705fb27f1fba5af5fd44652b"},"headline":"PERN podpisa\u0142 umow\u0119 na rozbudow\u0119 Bazy Paliw w Koluszkach","datePublished":"2026-03-17T12:12:08+00:00","mainEntityOfPage":{"@id":"https:\/\/www.pern.pl\/de\/2026\/03\/17\/pern-podpisal-umowe-na-rozbudowe-bazy-paliw-w-koluszkach\/"},"wordCount":692,"image":{"@id":"https:\/\/www.pern.pl\/de\/2026\/03\/17\/pern-podpisal-umowe-na-rozbudowe-bazy-paliw-w-koluszkach\/#primaryimage"},"thumbnailUrl":"https:\/\/www.pern.pl\/wp-content\/uploads\/2026\/03\/PXL_20260317_1039086282.jpg","articleSection":["Komunikaty","Aktualno\u015bci"],"inLanguage":"de"},{"@type":"WebPage","@id":"https:\/\/www.pern.pl\/de\/2026\/03\/17\/pern-podpisal-umowe-na-rozbudowe-bazy-paliw-w-koluszkach\/","url":"https:\/\/www.pern.pl\/de\/2026\/03\/17\/pern-podpisal-umowe-na-rozbudowe-bazy-paliw-w-koluszkach\/","name":"PERN podpisa\u0142 umow\u0119 na rozbudow\u0119 Bazy Paliw w Koluszkach - PERN","isPartOf":{"@id":"https:\/\/www.pern.pl\/de\/#website"},"primaryImageOfPage":{"@id":"https:\/\/www.pern.pl\/de\/2026\/03\/17\/pern-podpisal-umowe-na-rozbudowe-bazy-paliw-w-koluszkach\/#primaryimage"},"image":{"@id":"https:\/\/www.pern.pl\/de\/2026\/03\/17\/pern-podpisal-umowe-na-rozbudowe-bazy-paliw-w-koluszkach\/#primaryimage"},"thumbnailUrl":"https:\/\/www.pern.pl\/wp-content\/uploads\/2026\/03\/PXL_20260317_1039086282.jpg","datePublished":"2026-03-17T12:12:08+00:00","author":{"@id":"https:\/\/www.pern.pl\/de\/#\/schema\/person\/43f54842705fb27f1fba5af5fd44652b"},"breadcrumb":{"@id":"https:\/\/www.pern.pl\/de\/2026\/03\/17\/pern-podpisal-umowe-na-rozbudowe-bazy-paliw-w-koluszkach\/#breadcrumb"},"inLanguage":"de","potentialAction":[{"@type":"ReadAction","target":["https:\/\/www.pern.pl\/de\/2026\/03\/17\/pern-podpisal-umowe-na-rozbudowe-bazy-paliw-w-koluszkach\/"]}]},{"@type":"ImageObject","inLanguage":"de","@id":"https:\/\/www.pern.pl\/de\/2026\/03\/17\/pern-podpisal-umowe-na-rozbudowe-bazy-paliw-w-koluszkach\/#primaryimage","url":"https:\/\/www.pern.pl\/wp-content\/uploads\/2026\/03\/PXL_20260317_1039086282.jpg","contentUrl":"https:\/\/www.pern.pl\/wp-content\/uploads\/2026\/03\/PXL_20260317_1039086282.jpg","width":2419,"height":1361},{"@type":"BreadcrumbList","@id":"https:\/\/www.pern.pl\/de\/2026\/03\/17\/pern-podpisal-umowe-na-rozbudowe-bazy-paliw-w-koluszkach\/#breadcrumb","itemListElement":[{"@type":"ListItem","position":1,"name":"Homepage","item":"https:\/\/www.pern.pl\/de\/"},{"@type":"ListItem","position":2,"name":"PERN podpisa\u0142 umow\u0119 na rozbudow\u0119 Bazy Paliw w Koluszkach"}]},{"@type":"WebSite","@id":"https:\/\/www.pern.pl\/de\/#website","url":"https:\/\/www.pern.pl\/de\/","name":"PERN","description":"","potentialAction":[{"@type":"SearchAction","target":{"@type":"EntryPoint","urlTemplate":"https:\/\/www.pern.pl\/de\/?s={search_term_string}"},"query-input":{"@type":"PropertyValueSpecification","valueRequired":true,"valueName":"search_term_string"}}],"inLanguage":"de"},{"@type":"Person","@id":"https:\/\/www.pern.pl\/de\/#\/schema\/person\/43f54842705fb27f1fba5af5fd44652b","name":"Maria.Ulanicka@pern.pl","image":{"@type":"ImageObject","inLanguage":"de","@id":"https:\/\/www.pern.pl\/de\/#\/schema\/person\/image\/","url":"https:\/\/secure.gravatar.com\/avatar\/9277b3e5411055a84c4c46d316d6237fbd791fb09726d17b39b34535faedd0f5?s=96&d=mm&r=g","contentUrl":"https:\/\/secure.gravatar.com\/avatar\/9277b3e5411055a84c4c46d316d6237fbd791fb09726d17b39b34535faedd0f5?s=96&d=mm&r=g","caption":"Maria.Ulanicka@pern.pl"},"url":"https:\/\/www.pern.pl\/de\/author\/maria-ulanickapern-pl\/"}]}},"_links":{"self":[{"href":"https:\/\/www.pern.pl\/de\/wp-json\/wp\/v2\/posts\/53429","targetHints":{"allow":["GET"]}}],"collection":[{"href":"https:\/\/www.pern.pl\/de\/wp-json\/wp\/v2\/posts"}],"about":[{"href":"https:\/\/www.pern.pl\/de\/wp-json\/wp\/v2\/types\/post"}],"author":[{"embeddable":true,"href":"https:\/\/www.pern.pl\/de\/wp-json\/wp\/v2\/users\/38"}],"replies":[{"embeddable":true,"href":"https:\/\/www.pern.pl\/de\/wp-json\/wp\/v2\/comments?post=53429"}],"version-history":[{"count":2,"href":"https:\/\/www.pern.pl\/de\/wp-json\/wp\/v2\/posts\/53429\/revisions"}],"predecessor-version":[{"id":53434,"href":"https:\/\/www.pern.pl\/de\/wp-json\/wp\/v2\/posts\/53429\/revisions\/53434"}],"wp:featuredmedia":[{"embeddable":true,"href":"https:\/\/www.pern.pl\/de\/wp-json\/wp\/v2\/media\/53430"}],"wp:attachment":[{"href":"https:\/\/www.pern.pl\/de\/wp-json\/wp\/v2\/media?parent=53429"}],"wp:term":[{"taxonomy":"category","embeddable":true,"href":"https:\/\/www.pern.pl\/de\/wp-json\/wp\/v2\/categories?post=53429"},{"taxonomy":"post_tag","embeddable":true,"href":"https:\/\/www.pern.pl\/de\/wp-json\/wp\/v2\/tags?post=53429"}],"curies":[{"name":"wp","href":"https:\/\/api.w.org\/{rel}","templated":true}]}}