{"id":51594,"date":"2025-03-20T17:13:59","date_gmt":"2025-03-20T16:13:59","guid":{"rendered":"https:\/\/www.pern.pl\/?p=51594"},"modified":"2025-03-20T17:13:59","modified_gmt":"2025-03-20T16:13:59","slug":"pern-na-kongresie-paliwowym-2025","status":"publish","type":"post","link":"https:\/\/www.pern.pl\/de\/2025\/03\/20\/pern-na-kongresie-paliwowym-2025\/","title":{"rendered":"PERN na Kongresie Paliwowym 2025"},"content":{"rendered":"<p><strong><em>Lider to kto\u015b, kto inwestuje w bezpiecze\u0144stwo. Dzisiaj inwestycja w bezpiecze\u0144stwo jest dla PERN inwestycj\u0105 w niezawodno\u015b\u0107<\/em>\u00a0\u2013 m\u00f3wi\u0142 Prezes Zarz\u0105du PERN S.A. Daniel \u015awi\u0119tochowski podczas Kongresu Paliwowego 2025. W tym roku PERN by\u0142 jednym z g\u0142\u00f3wnych partner\u00f3w wydarzenia organizowanego przez Polsk\u0105 Organizacj\u0119 Przemys\u0142u i Handlu Naftowego (POPIHN).<\/strong><\/p>\n<p>&#8211; <em>Rol\u0105 PERN jest tak koordynowa\u0107 rozw\u00f3j infrastruktury, by by\u0142a niezawodna, a Klienci nie musieli si\u0119 skupia\u0107 na problemach logistyki bie\u017c\u0105cej<\/em> \u2013 powiedzia\u0142 Prezes \u015awi\u0119tochowski podczas panelu \u201eBezpiecze\u0144stwo energetyczne i nowoczesna infrastruktura paliwowa\u201d.<\/p>\n<p><img loading=\"lazy\" decoding=\"async\" class=\"wp-image-51598 aligncenter\" src=\"https:\/\/www.pern.pl\/wp-content\/uploads\/2025\/03\/Daniel-Swietochowski-Konres-POPIHN-2025-scaled.jpg\" alt=\"\" width=\"823\" height=\"530\" srcset=\"https:\/\/www.pern.pl\/wp-content\/uploads\/2025\/03\/Daniel-Swietochowski-Konres-POPIHN-2025-scaled.jpg 2560w, https:\/\/www.pern.pl\/wp-content\/uploads\/2025\/03\/Daniel-Swietochowski-Konres-POPIHN-2025-300x193.jpg 300w, https:\/\/www.pern.pl\/wp-content\/uploads\/2025\/03\/Daniel-Swietochowski-Konres-POPIHN-2025-1024x660.jpg 1024w, https:\/\/www.pern.pl\/wp-content\/uploads\/2025\/03\/Daniel-Swietochowski-Konres-POPIHN-2025-768x495.jpg 768w, https:\/\/www.pern.pl\/wp-content\/uploads\/2025\/03\/Daniel-Swietochowski-Konres-POPIHN-2025-1536x990.jpg 1536w, https:\/\/www.pern.pl\/wp-content\/uploads\/2025\/03\/Daniel-Swietochowski-Konres-POPIHN-2025-2048x1320.jpg 2048w, https:\/\/www.pern.pl\/wp-content\/uploads\/2025\/03\/Daniel-Swietochowski-Konres-POPIHN-2025-1200x773.jpg 1200w\" sizes=\"auto, (max-width: 709px) 85vw, (max-width: 909px) 67vw, (max-width: 984px) 61vw, (max-width: 1362px) 45vw, 600px\" \/><\/p>\n<p>&nbsp;<\/p>\n<p>W dyskusji udzia\u0142 wzi\u0119li r\u00f3wnie\u017c: Specjalny Doradca ds. Rynk\u00f3w Energetycznych i Bezpiecze\u0144stwa, Mi\u0119dzynarodowa Agencja Energetyczna (IEA) &#8211; Joel Couse, Dyrektor ds. Dialogu Energetycznego w Mi\u0119dzynarodowym Forum Energetycznym &#8211; Christof van Agt Ross, Oficer Sztabowy Sekcji Bezpiecze\u0144stwa Klimatycznego i Energetycznego NATO &#8211; Julian Wieczorkiewicz oraz Robert Brzozowski \u2013 Wiceprezes Zarz\u0105du, UNIMOT.<\/p>\n<p>Daniel \u015awi\u0119tochowski opowiedzia\u0142 m.in. o inwestycjach prowadzonych i planowanych przez Sp\u00f3\u0142k\u0119. Zwr\u00f3ci\u0142 uwag\u0119, jak wa\u017cny jest rozw\u00f3j infrastruktury umo\u017cliwiaj\u0105cej przyjmowanie dostaw ropy i paliw drog\u0105 morsk\u0105, kluczow\u0105 po wybuchu wojny w Ukrainie. W tym kontek\u015bcie wymieni\u0142 inwestycje w Bazie Paliw PERN w D\u0119bog\u00f3rzu oraz inwestycje planowane w Naftoporcie.<\/p>\n<p>&#8211; <em>Wsp\u00f3lnie z Zarz\u0105dem Morskiego Portu w Gda\u0144sku<\/em> <em>budujemy sz\u00f3ste stanowisko w Naftoporcie, zdolne do obs\u0142ugi zbiornikowc\u00f3w klasy VLCC, kt\u00f3re rozwinie nasze zdolno\u015bci o 9-12 mln ton rocznie, a przede wszystkim spowoduje zabezpieczanie infrastruktury dla d\u0142ugofalowego utrzymania obecnych zdolno\u015bci prze\u0142adunkowych Naftoportu. Tak\u017ce w bazie Paliw PERN w D\u0119bog\u00f3rzu realizujemy szereg inwestycji &#8211; w pa\u017adzierniku oddajemy trzy zbiorniki magazynowe o pojemno\u015bci 50 tys. m\u00b3 ka\u017cdy, przeznaczone do magazynowania oleju nap\u0119dowego. Jednocze\u015bnie &#8211; wsp\u00f3lnie z Zarz\u0105dem Morskiego Portu w Gdyni &#8211; podj\u0119li\u015bmy inicjatyw\u0119 dotycz\u0105c\u0105 rozbudowy stanowiska prze\u0142adunku paliw p\u0142ynnych. Dzi\u0119ki temu mo\u017cliwy b\u0119dzie roz\u0142adunek tankowc\u00f3w o no\u015bno\u015bci ponad dwukrotnie wi\u0119kszej ni\u017c obecnie. W D\u0119bog\u00f3rzu inwestujemy r\u00f3wnie\u017c w infrastruktur\u0119 kolejow\u0105 &#8211; podj\u0119li\u015bmy prace zmierzaj\u0105ce do zwi\u0119kszenia mo\u017cliwo\u015bci za\u0142adunkowych naszej nalewni. Wszystkie te inwestycje s\u0142u\u017c\u0105 rozszerzeniu dzia\u0142alno\u015bci komercyjnej, ale przede wszystkim s\u0105 skoncentrowane na poprawie bezpiecze\u0144stwa i niezawodno\u015bci infrastruktury<\/em> <em>\u2013 <\/em>poinformowa\u0142 Prezes PERN.<\/p>\n<p>Organizowany corocznie przez Polsk\u0105 Organizacj\u0119 Przemys\u0142u i Handlu Naftowego (POPIHN) kongres jest jednym z najwa\u017cniejszych wydarze\u0144 skupiaj\u0105cych przedstawicieli bran\u017cy paliwowo-energetycznej.\u00a0 Przebiegaj\u0105ce w tym roku pod has\u0142em \u201eDekarbonizacja transportu 2025: czy Zielony \u0141ad jest na w\u0142a\u015bciwej \u015bcie\u017cce?\u201d wydarzenie by\u0142o miejscem dialogu m.in. o wyzwaniach i zagro\u017ceniach wynikaj\u0105cych ze zmian rynkowych i legislacyjnych, a tak\u017ce o nieprzewidywalnej sytuacji geopolitycznej. Wa\u017cnym kontekstem tegorocznej edycji by\u0142 patronat polskiej prezydencji w Radzie UE.<\/p>\n<p>&nbsp;<\/p>\n\n","protected":false},"excerpt":{"rendered":"<p>Lider to kto\u015b, kto inwestuje w bezpiecze\u0144stwo. Dzisiaj inwestycja w bezpiecze\u0144stwo jest dla PERN inwestycj\u0105 w niezawodno\u015b\u0107\u00a0\u2013 m\u00f3wi\u0142 Prezes Zarz\u0105du PERN S.A. Daniel \u015awi\u0119tochowski podczas Kongresu Paliwowego 2025. W tym roku PERN by\u0142 jednym z &hellip; <a href=\"https:\/\/www.pern.pl\/de\/2025\/03\/20\/pern-na-kongresie-paliwowym-2025\/\" class=\"more-link\">Continue reading<span class=\"screen-reader-text\"> &#8222;PERN na Kongresie Paliwowym 2025&#8220;<\/span><\/a><\/p>\n","protected":false},"author":6,"featured_media":51595,"comment_status":"closed","ping_status":"open","sticky":false,"template":"","format":"standard","meta":{"_acf_changed":false,"inline_featured_image":false,"footnotes":""},"categories":[7,8],"tags":[],"class_list":["post-51594","post","type-post","status-publish","format-standard","has-post-thumbnail","hentry","category-komunikaty","category-aktualnosci"],"acf":[],"yoast_head":"<!-- This site is optimized with the Yoast SEO plugin v26.9 - https:\/\/yoast.com\/product\/yoast-seo-wordpress\/ -->\n<title>PERN na Kongresie Paliwowym 2025 - PERN<\/title>\n<meta name=\"description\" content=\"\u201eLider to kto\u015b, kto inwestuje w bezpiecze\u0144stwo. Dzisiaj inwestycja w bezpiecze\u0144stwo jest dla PERN inwestycj\u0105 w niezawodno\u015b\u0107\u201d \u2013 m\u00f3wi\u0142 Prezes Zarz\u0105du PERN S.A. Daniel \u015awi\u0119tochowski podczas Kongresu Paliwowego 2025. W tym roku PERN by\u0142 jednym z g\u0142\u00f3wnych partner\u00f3w wydarzenia organizowanego przez Polsk\u0105 Organizacj\u0119 Przemys\u0142u i Handlu Naftowego (POPIHN)\" \/>\n<meta name=\"robots\" content=\"index, follow, max-snippet:-1, max-image-preview:large, max-video-preview:-1\" \/>\n<link rel=\"canonical\" href=\"https:\/\/www.pern.pl\/de\/2025\/03\/20\/pern-na-kongresie-paliwowym-2025\/\" \/>\n<meta property=\"og:locale\" content=\"de_DE\" \/>\n<meta property=\"og:type\" content=\"article\" \/>\n<meta property=\"og:title\" content=\"PERN na Kongresie Paliwowym 2025 - PERN\" \/>\n<meta property=\"og:description\" content=\"\u201eLider to kto\u015b, kto inwestuje w bezpiecze\u0144stwo. Dzisiaj inwestycja w bezpiecze\u0144stwo jest dla PERN inwestycj\u0105 w niezawodno\u015b\u0107\u201d \u2013 m\u00f3wi\u0142 Prezes Zarz\u0105du PERN S.A. Daniel \u015awi\u0119tochowski podczas Kongresu Paliwowego 2025. W tym roku PERN by\u0142 jednym z g\u0142\u00f3wnych partner\u00f3w wydarzenia organizowanego przez Polsk\u0105 Organizacj\u0119 Przemys\u0142u i Handlu Naftowego (POPIHN)\" \/>\n<meta property=\"og:url\" content=\"https:\/\/www.pern.pl\/de\/2025\/03\/20\/pern-na-kongresie-paliwowym-2025\/\" \/>\n<meta property=\"og:site_name\" content=\"PERN\" \/>\n<meta property=\"article:published_time\" content=\"2025-03-20T16:13:59+00:00\" \/>\n<meta property=\"og:image\" content=\"https:\/\/www.pern.pl\/wp-content\/uploads\/2025\/03\/POPIHN-11-1024x599.png\" \/>\n\t<meta property=\"og:image:width\" content=\"1024\" \/>\n\t<meta property=\"og:image:height\" content=\"599\" \/>\n\t<meta property=\"og:image:type\" content=\"image\/png\" \/>\n<meta name=\"author\" content=\"Centrum Prasowe PERN S.A.\" \/>\n<meta name=\"twitter:card\" content=\"summary_large_image\" \/>\n<meta name=\"twitter:label1\" content=\"Verfasst von\" \/>\n\t<meta name=\"twitter:data1\" content=\"Centrum Prasowe PERN S.A.\" \/>\n\t<meta name=\"twitter:label2\" content=\"Gesch\u00e4tzte Lesezeit\" \/>\n\t<meta name=\"twitter:data2\" content=\"3\u00a0Minuten\" \/>\n<script type=\"application\/ld+json\" class=\"yoast-schema-graph\">{\"@context\":\"https:\/\/schema.org\",\"@graph\":[{\"@type\":\"Article\",\"@id\":\"https:\/\/www.pern.pl\/de\/2025\/03\/20\/pern-na-kongresie-paliwowym-2025\/#article\",\"isPartOf\":{\"@id\":\"https:\/\/www.pern.pl\/de\/2025\/03\/20\/pern-na-kongresie-paliwowym-2025\/\"},\"author\":{\"name\":\"Centrum Prasowe PERN S.A.\",\"@id\":\"https:\/\/www.pern.pl\/de\/#\/schema\/person\/f31c4cc0c1be42f0cb9d1a055b3e0996\"},\"headline\":\"PERN na Kongresie Paliwowym 2025\",\"datePublished\":\"2025-03-20T16:13:59+00:00\",\"mainEntityOfPage\":{\"@id\":\"https:\/\/www.pern.pl\/de\/2025\/03\/20\/pern-na-kongresie-paliwowym-2025\/\"},\"wordCount\":485,\"image\":{\"@id\":\"https:\/\/www.pern.pl\/de\/2025\/03\/20\/pern-na-kongresie-paliwowym-2025\/#primaryimage\"},\"thumbnailUrl\":\"https:\/\/www.pern.pl\/wp-content\/uploads\/2025\/03\/POPIHN-11.png\",\"articleSection\":[\"Komunikaty\",\"Aktualno\u015bci\"],\"inLanguage\":\"de\"},{\"@type\":\"WebPage\",\"@id\":\"https:\/\/www.pern.pl\/de\/2025\/03\/20\/pern-na-kongresie-paliwowym-2025\/\",\"url\":\"https:\/\/www.pern.pl\/de\/2025\/03\/20\/pern-na-kongresie-paliwowym-2025\/\",\"name\":\"PERN na Kongresie Paliwowym 2025 - PERN\",\"isPartOf\":{\"@id\":\"https:\/\/www.pern.pl\/de\/#website\"},\"primaryImageOfPage\":{\"@id\":\"https:\/\/www.pern.pl\/de\/2025\/03\/20\/pern-na-kongresie-paliwowym-2025\/#primaryimage\"},\"image\":{\"@id\":\"https:\/\/www.pern.pl\/de\/2025\/03\/20\/pern-na-kongresie-paliwowym-2025\/#primaryimage\"},\"thumbnailUrl\":\"https:\/\/www.pern.pl\/wp-content\/uploads\/2025\/03\/POPIHN-11.png\",\"datePublished\":\"2025-03-20T16:13:59+00:00\",\"author\":{\"@id\":\"https:\/\/www.pern.pl\/de\/#\/schema\/person\/f31c4cc0c1be42f0cb9d1a055b3e0996\"},\"description\":\"\u201eLider to kto\u015b, kto inwestuje w bezpiecze\u0144stwo. Dzisiaj inwestycja w bezpiecze\u0144stwo jest dla PERN inwestycj\u0105 w niezawodno\u015b\u0107\u201d \u2013 m\u00f3wi\u0142 Prezes Zarz\u0105du PERN S.A. Daniel \u015awi\u0119tochowski podczas Kongresu Paliwowego 2025. W tym roku PERN by\u0142 jednym z g\u0142\u00f3wnych partner\u00f3w wydarzenia organizowanego przez Polsk\u0105 Organizacj\u0119 Przemys\u0142u i Handlu Naftowego (POPIHN)\",\"breadcrumb\":{\"@id\":\"https:\/\/www.pern.pl\/de\/2025\/03\/20\/pern-na-kongresie-paliwowym-2025\/#breadcrumb\"},\"inLanguage\":\"de\",\"potentialAction\":[{\"@type\":\"ReadAction\",\"target\":[\"https:\/\/www.pern.pl\/de\/2025\/03\/20\/pern-na-kongresie-paliwowym-2025\/\"]}]},{\"@type\":\"ImageObject\",\"inLanguage\":\"de\",\"@id\":\"https:\/\/www.pern.pl\/de\/2025\/03\/20\/pern-na-kongresie-paliwowym-2025\/#primaryimage\",\"url\":\"https:\/\/www.pern.pl\/wp-content\/uploads\/2025\/03\/POPIHN-11.png\",\"contentUrl\":\"https:\/\/www.pern.pl\/wp-content\/uploads\/2025\/03\/POPIHN-11.png\",\"width\":2194,\"height\":1284},{\"@type\":\"BreadcrumbList\",\"@id\":\"https:\/\/www.pern.pl\/de\/2025\/03\/20\/pern-na-kongresie-paliwowym-2025\/#breadcrumb\",\"itemListElement\":[{\"@type\":\"ListItem\",\"position\":1,\"name\":\"Homepage\",\"item\":\"https:\/\/www.pern.pl\/de\/\"},{\"@type\":\"ListItem\",\"position\":2,\"name\":\"PERN na Kongresie Paliwowym 2025\"}]},{\"@type\":\"WebSite\",\"@id\":\"https:\/\/www.pern.pl\/de\/#website\",\"url\":\"https:\/\/www.pern.pl\/de\/\",\"name\":\"PERN\",\"description\":\"\",\"potentialAction\":[{\"@type\":\"SearchAction\",\"target\":{\"@type\":\"EntryPoint\",\"urlTemplate\":\"https:\/\/www.pern.pl\/de\/?s={search_term_string}\"},\"query-input\":{\"@type\":\"PropertyValueSpecification\",\"valueRequired\":true,\"valueName\":\"search_term_string\"}}],\"inLanguage\":\"de\"},{\"@type\":\"Person\",\"@id\":\"https:\/\/www.pern.pl\/de\/#\/schema\/person\/f31c4cc0c1be42f0cb9d1a055b3e0996\",\"name\":\"Centrum Prasowe PERN S.A.\",\"image\":{\"@type\":\"ImageObject\",\"inLanguage\":\"de\",\"@id\":\"https:\/\/www.pern.pl\/de\/#\/schema\/person\/image\/\",\"url\":\"https:\/\/secure.gravatar.com\/avatar\/18e99c3405834609f4541514431875a8a466a6bf795000d784439f961b106e8a?s=96&d=mm&r=g\",\"contentUrl\":\"https:\/\/secure.gravatar.com\/avatar\/18e99c3405834609f4541514431875a8a466a6bf795000d784439f961b106e8a?s=96&d=mm&r=g\",\"caption\":\"Centrum Prasowe PERN S.A.\"},\"url\":\"https:\/\/www.pern.pl\/de\/author\/pern-katarzyna-krasinska\/\"}]}<\/script>\n<!-- \/ Yoast SEO plugin. -->","yoast_head_json":{"title":"PERN na Kongresie Paliwowym 2025 - PERN","description":"\u201eLider to kto\u015b, kto inwestuje w bezpiecze\u0144stwo. Dzisiaj inwestycja w bezpiecze\u0144stwo jest dla PERN inwestycj\u0105 w niezawodno\u015b\u0107\u201d \u2013 m\u00f3wi\u0142 Prezes Zarz\u0105du PERN S.A. Daniel \u015awi\u0119tochowski podczas Kongresu Paliwowego 2025. W tym roku PERN by\u0142 jednym z g\u0142\u00f3wnych partner\u00f3w wydarzenia organizowanego przez Polsk\u0105 Organizacj\u0119 Przemys\u0142u i Handlu Naftowego (POPIHN)","robots":{"index":"index","follow":"follow","max-snippet":"max-snippet:-1","max-image-preview":"max-image-preview:large","max-video-preview":"max-video-preview:-1"},"canonical":"https:\/\/www.pern.pl\/de\/2025\/03\/20\/pern-na-kongresie-paliwowym-2025\/","og_locale":"de_DE","og_type":"article","og_title":"PERN na Kongresie Paliwowym 2025 - PERN","og_description":"\u201eLider to kto\u015b, kto inwestuje w bezpiecze\u0144stwo. Dzisiaj inwestycja w bezpiecze\u0144stwo jest dla PERN inwestycj\u0105 w niezawodno\u015b\u0107\u201d \u2013 m\u00f3wi\u0142 Prezes Zarz\u0105du PERN S.A. Daniel \u015awi\u0119tochowski podczas Kongresu Paliwowego 2025. W tym roku PERN by\u0142 jednym z g\u0142\u00f3wnych partner\u00f3w wydarzenia organizowanego przez Polsk\u0105 Organizacj\u0119 Przemys\u0142u i Handlu Naftowego (POPIHN)","og_url":"https:\/\/www.pern.pl\/de\/2025\/03\/20\/pern-na-kongresie-paliwowym-2025\/","og_site_name":"PERN","article_published_time":"2025-03-20T16:13:59+00:00","og_image":[{"width":1024,"height":599,"url":"https:\/\/www.pern.pl\/wp-content\/uploads\/2025\/03\/POPIHN-11-1024x599.png","type":"image\/png"}],"author":"Centrum Prasowe PERN S.A.","twitter_card":"summary_large_image","twitter_misc":{"Verfasst von":"Centrum Prasowe PERN S.A.","Gesch\u00e4tzte Lesezeit":"3\u00a0Minuten"},"schema":{"@context":"https:\/\/schema.org","@graph":[{"@type":"Article","@id":"https:\/\/www.pern.pl\/de\/2025\/03\/20\/pern-na-kongresie-paliwowym-2025\/#article","isPartOf":{"@id":"https:\/\/www.pern.pl\/de\/2025\/03\/20\/pern-na-kongresie-paliwowym-2025\/"},"author":{"name":"Centrum Prasowe PERN S.A.","@id":"https:\/\/www.pern.pl\/de\/#\/schema\/person\/f31c4cc0c1be42f0cb9d1a055b3e0996"},"headline":"PERN na Kongresie Paliwowym 2025","datePublished":"2025-03-20T16:13:59+00:00","mainEntityOfPage":{"@id":"https:\/\/www.pern.pl\/de\/2025\/03\/20\/pern-na-kongresie-paliwowym-2025\/"},"wordCount":485,"image":{"@id":"https:\/\/www.pern.pl\/de\/2025\/03\/20\/pern-na-kongresie-paliwowym-2025\/#primaryimage"},"thumbnailUrl":"https:\/\/www.pern.pl\/wp-content\/uploads\/2025\/03\/POPIHN-11.png","articleSection":["Komunikaty","Aktualno\u015bci"],"inLanguage":"de"},{"@type":"WebPage","@id":"https:\/\/www.pern.pl\/de\/2025\/03\/20\/pern-na-kongresie-paliwowym-2025\/","url":"https:\/\/www.pern.pl\/de\/2025\/03\/20\/pern-na-kongresie-paliwowym-2025\/","name":"PERN na Kongresie Paliwowym 2025 - PERN","isPartOf":{"@id":"https:\/\/www.pern.pl\/de\/#website"},"primaryImageOfPage":{"@id":"https:\/\/www.pern.pl\/de\/2025\/03\/20\/pern-na-kongresie-paliwowym-2025\/#primaryimage"},"image":{"@id":"https:\/\/www.pern.pl\/de\/2025\/03\/20\/pern-na-kongresie-paliwowym-2025\/#primaryimage"},"thumbnailUrl":"https:\/\/www.pern.pl\/wp-content\/uploads\/2025\/03\/POPIHN-11.png","datePublished":"2025-03-20T16:13:59+00:00","author":{"@id":"https:\/\/www.pern.pl\/de\/#\/schema\/person\/f31c4cc0c1be42f0cb9d1a055b3e0996"},"description":"\u201eLider to kto\u015b, kto inwestuje w bezpiecze\u0144stwo. Dzisiaj inwestycja w bezpiecze\u0144stwo jest dla PERN inwestycj\u0105 w niezawodno\u015b\u0107\u201d \u2013 m\u00f3wi\u0142 Prezes Zarz\u0105du PERN S.A. Daniel \u015awi\u0119tochowski podczas Kongresu Paliwowego 2025. W tym roku PERN by\u0142 jednym z g\u0142\u00f3wnych partner\u00f3w wydarzenia organizowanego przez Polsk\u0105 Organizacj\u0119 Przemys\u0142u i Handlu Naftowego (POPIHN)","breadcrumb":{"@id":"https:\/\/www.pern.pl\/de\/2025\/03\/20\/pern-na-kongresie-paliwowym-2025\/#breadcrumb"},"inLanguage":"de","potentialAction":[{"@type":"ReadAction","target":["https:\/\/www.pern.pl\/de\/2025\/03\/20\/pern-na-kongresie-paliwowym-2025\/"]}]},{"@type":"ImageObject","inLanguage":"de","@id":"https:\/\/www.pern.pl\/de\/2025\/03\/20\/pern-na-kongresie-paliwowym-2025\/#primaryimage","url":"https:\/\/www.pern.pl\/wp-content\/uploads\/2025\/03\/POPIHN-11.png","contentUrl":"https:\/\/www.pern.pl\/wp-content\/uploads\/2025\/03\/POPIHN-11.png","width":2194,"height":1284},{"@type":"BreadcrumbList","@id":"https:\/\/www.pern.pl\/de\/2025\/03\/20\/pern-na-kongresie-paliwowym-2025\/#breadcrumb","itemListElement":[{"@type":"ListItem","position":1,"name":"Homepage","item":"https:\/\/www.pern.pl\/de\/"},{"@type":"ListItem","position":2,"name":"PERN na Kongresie Paliwowym 2025"}]},{"@type":"WebSite","@id":"https:\/\/www.pern.pl\/de\/#website","url":"https:\/\/www.pern.pl\/de\/","name":"PERN","description":"","potentialAction":[{"@type":"SearchAction","target":{"@type":"EntryPoint","urlTemplate":"https:\/\/www.pern.pl\/de\/?s={search_term_string}"},"query-input":{"@type":"PropertyValueSpecification","valueRequired":true,"valueName":"search_term_string"}}],"inLanguage":"de"},{"@type":"Person","@id":"https:\/\/www.pern.pl\/de\/#\/schema\/person\/f31c4cc0c1be42f0cb9d1a055b3e0996","name":"Centrum Prasowe PERN S.A.","image":{"@type":"ImageObject","inLanguage":"de","@id":"https:\/\/www.pern.pl\/de\/#\/schema\/person\/image\/","url":"https:\/\/secure.gravatar.com\/avatar\/18e99c3405834609f4541514431875a8a466a6bf795000d784439f961b106e8a?s=96&d=mm&r=g","contentUrl":"https:\/\/secure.gravatar.com\/avatar\/18e99c3405834609f4541514431875a8a466a6bf795000d784439f961b106e8a?s=96&d=mm&r=g","caption":"Centrum Prasowe PERN S.A."},"url":"https:\/\/www.pern.pl\/de\/author\/pern-katarzyna-krasinska\/"}]}},"_links":{"self":[{"href":"https:\/\/www.pern.pl\/de\/wp-json\/wp\/v2\/posts\/51594","targetHints":{"allow":["GET"]}}],"collection":[{"href":"https:\/\/www.pern.pl\/de\/wp-json\/wp\/v2\/posts"}],"about":[{"href":"https:\/\/www.pern.pl\/de\/wp-json\/wp\/v2\/types\/post"}],"author":[{"embeddable":true,"href":"https:\/\/www.pern.pl\/de\/wp-json\/wp\/v2\/users\/6"}],"replies":[{"embeddable":true,"href":"https:\/\/www.pern.pl\/de\/wp-json\/wp\/v2\/comments?post=51594"}],"version-history":[{"count":0,"href":"https:\/\/www.pern.pl\/de\/wp-json\/wp\/v2\/posts\/51594\/revisions"}],"wp:featuredmedia":[{"embeddable":true,"href":"https:\/\/www.pern.pl\/de\/wp-json\/wp\/v2\/media\/51595"}],"wp:attachment":[{"href":"https:\/\/www.pern.pl\/de\/wp-json\/wp\/v2\/media?parent=51594"}],"wp:term":[{"taxonomy":"category","embeddable":true,"href":"https:\/\/www.pern.pl\/de\/wp-json\/wp\/v2\/categories?post=51594"},{"taxonomy":"post_tag","embeddable":true,"href":"https:\/\/www.pern.pl\/de\/wp-json\/wp\/v2\/tags?post=51594"}],"curies":[{"name":"wp","href":"https:\/\/api.w.org\/{rel}","templated":true}]}}