{"id":51292,"date":"2024-10-22T13:04:29","date_gmt":"2024-10-22T11:04:29","guid":{"rendered":"https:\/\/www.pern.pl\/?p=51292"},"modified":"2025-10-29T14:02:12","modified_gmt":"2025-10-29T13:02:12","slug":"budowa-i-eksploatacja-baz-paliw-studia-podyplomowe-wat-i-pern-s-a","status":"publish","type":"post","link":"https:\/\/www.pern.pl\/de\/2024\/10\/22\/budowa-i-eksploatacja-baz-paliw-studia-podyplomowe-wat-i-pern-s-a\/","title":{"rendered":"Budowa i eksploatacja baz paliw \u2013 studia podyplomowe WAT i PERN S.A."},"content":{"rendered":"<p><strong>27 wrze\u015bnia 2024 r. w Wojskowej Akademii Technicznej im. Jaros\u0142awa D\u0105browskiego w Warszawie mia\u0142a miejsce uroczysta inauguracja pierwszej edycji studi\u00f3w podyplomowych \u201eBudowa i eksploatacja baz paliw\u201d. Studia te s\u0105 efektem wsp\u00f3\u0142pracy uczelni oraz PERN S.A. \u2013 sp\u00f3\u0142ki zarz\u0105dzaj\u0105cej strategiczn\u0105 infrastruktur\u0105 energetyczn\u0105 w Polsce. Program studi\u00f3w zosta\u0142 opracowany w celu kszta\u0142cenia wysoko wykwalifikowanych specjalist\u00f3w z obszaru eksploatacji oraz zarz\u0105dzania infrastruktur\u0105 paliwow\u0105, w tym g\u0142\u00f3wnie bazami paliw. <\/strong><\/p>\n<p>Studia Podyplomowe \u201eBudowa i eksploatacja baz paliw\u201d powsta\u0142y z my\u015bl\u0105 o zatrudnionych w PERN S.A. profesjonalistach, kt\u00f3rzy chc\u0105 podnie\u015b\u0107 swoje kwalifikacje oraz naby\u0107 kompetencje i umiej\u0119tno\u015bci kluczowe w ramach pracy w sektorze energetycznym, a\u00a0zw\u0142aszcza w obszarze infrastruktury krytycznej. To unikalny projekt na rynku edukacyjnym, kt\u00f3ry zosta\u0142 zapocz\u0105tkowany w 2023 roku, w wyniku podpisanego pomi\u0119dzy obydwoma podmiotami porozumienia. Wielokontekstowy program dydaktyczny zosta\u0142 zaprojektowany w taki spos\u00f3b, by przekazywa\u0107 wiedz\u0119 u\u017cyteczn\u0105 i aktualn\u0105, a\u00a0prezentowan\u0105 przez wyk\u0142adowc\u00f3w teori\u0119 \u0142\u0105czy\u0107 z praktyk\u0105. W zwi\u0105zku z tym zaj\u0119cia dydaktyczne odbywa\u0107 si\u0119 b\u0119d\u0105 nie tylko w salach wyk\u0142adowych WAT, ale tak\u017ce w Bazach Paliw PERN w Emilianowie oraz w Koluszkach.<\/p>\n<p>Podczas rocznych studi\u00f3w ich uczestnicy zdob\u0119d\u0105 szerok\u0105 wiedz\u0119 nie tylko z zakresu eksploatacji oraz aspekt\u00f3w technicznych zwi\u0105zanych z zarz\u0105dzaniem bazami paliw, ale tak\u017ce z szeroko poj\u0119tej logistyki produkt\u00f3w naftowych. W programie przewidziano r\u00f3wnie\u017c zaj\u0119cia omawiaj\u0105ce m.in. tematyk\u0119 bezpiecze\u0144stwa paliwowego kraju, ochrony \u015brodowiska w bazie paliw, bezpiecze\u0144stwa w eksploatacji baz paliw, gospodarki produktami akcyzowymi w sk\u0142adzie podatkowym czy kwestii zwi\u0105zanych z\u00a0metrologi\u0105 oraz kontrol\u0105 parametr\u00f3w jako\u015bciowych produkt\u00f3w naftowych. W gronie wyk\u0142adowc\u00f3w Studi\u00f3w Podyplomowych \u201eBudowa i eksploatacja baz paliw\u201d znajduj\u0105 si\u0119 zar\u00f3wno przedstawiciele kadry naukowej Wojskowej Akademii Technicznej, jak r\u00f3wnie\u017c eksperci i wieloletni praktycy z PERN S.A.<\/p>\n<p>W uroczystej inauguracji pierwszej edycji studi\u00f3w podyplomowych \u201eBudowa i eksploatacja baz paliw\u201d, poza uczestnikami studi\u00f3w, udzia\u0142 wzi\u0119li przedstawiciele PERN S.A., w tym Wiceprezes Zarz\u0105du \u2013 Piotr Gryska, a tak\u017ce przedstawiciele kadry naukowej Warszawskiej Akademii Technicznej, w tym dr hab. in\u017c. Jerzy Jackowski, prof. WAT, Dziekan Wydzia\u0142u In\u017cynierii Mechanicznej oraz dr in\u017c. Piotr Szczawi\u0144ski \u2013 Kierownik Studi\u00f3w Podyplomowych.<\/p>\n<p>\u201eInstytut Pojazd\u00f3w i Transportu Wydzia\u0142u In\u017cynierii Mechanicznej WAT, nieprzerwanie od prawie 50 lat, wsp\u00f3\u0142pracuje z firmami rynku paliwowego. Ma zatem dobre rozpoznanie na tym rynku i wyb\u00f3r firmy PERN S.A. jako partnera do wsp\u00f3\u0142prowadzenia studi\u00f3w podyplomowych nie jest przypadkowy. My dysponujemy dobrze wykszta\u0142con\u0105 kadr\u0105 dydaktyczn\u0105, kt\u00f3ra przeka\u017ce s\u0142uchaczom swoj\u0105 wiedz\u0119; natomiast atutem tych studi\u00f3w podyplomowych jest mo\u017cliwo\u015b\u0107 realizacji cz\u0119\u015bci zaj\u0119\u0107 laboratoryjnych, przy wykorzystaniu infrastruktury technologicznej baz paliw i z udzia\u0142em ekspert\u00f3w z wiedz\u0105 praktyczn\u0105 naszego partnera\u201d \u2013 powiedzia\u0142 prof. Jerzy Jackowski, Dziekan Wydzia\u0142u In\u017cynierii Mechanicznej WAT.<\/p>\n<p>\u201eJestem dumny, \u017ce wraz z najwy\u017cszej klasy kadr\u0105 naukow\u0105 z Wojskowej Akademii Technicznej opracowali\u015bmy koncepcj\u0119 wyj\u0105tkowego projektu edukacyjnego, kt\u00f3ry pozwoli pracownikom PERN pog\u0142\u0119bi\u0107 wiedz\u0119 dotycz\u0105c\u0105 funkcjonowania baz paliw i zarz\u0105dzania nimi, jak r\u00f3wnie\u017c naby\u0107 cenne i\u00a0po\u017c\u0105dane w naszej sp\u00f3\u0142ce kompetencje. \u015awietni specjali\u015bci \u2013 zar\u00f3wno wyk\u0142adowcy WAT, jak i eksperci PERN, od podstaw przygotowali program studi\u00f3w w taki spos\u00f3b, \u017ceby zakres zagadnie\u0144 teoretycznych oraz praktycznych dotycz\u0105cych funkcjonowania baz paliw, by\u0142 \u017ar\u00f3d\u0142em kompleksowej, uniwersalnej i\u00a0praktycznej wiedzy oraz znacz\u0105co podni\u00f3s\u0142 kwalifikacje zawodowe uczestnik\u00f3w studi\u00f3w\u201d \u2013 doda\u0142 Piotr Gryska, Wiceprezes Zarz\u0105du PERN S.A.<\/p>\n<p><img loading=\"lazy\" decoding=\"async\" class=\"alignnone size-large wp-image-51293\" src=\"https:\/\/www.pern.pl\/wp-content\/uploads\/2024\/10\/Inauguracja-wspolnych-studiow-PERN-i-WAT-1024x816.jpg\" alt=\"\" width=\"1024\" height=\"816\" srcset=\"https:\/\/www.pern.pl\/wp-content\/uploads\/2024\/10\/Inauguracja-wspolnych-studiow-PERN-i-WAT-1024x816.jpg 1024w, https:\/\/www.pern.pl\/wp-content\/uploads\/2024\/10\/Inauguracja-wspolnych-studiow-PERN-i-WAT-300x239.jpg 300w, https:\/\/www.pern.pl\/wp-content\/uploads\/2024\/10\/Inauguracja-wspolnych-studiow-PERN-i-WAT-768x612.jpg 768w, https:\/\/www.pern.pl\/wp-content\/uploads\/2024\/10\/Inauguracja-wspolnych-studiow-PERN-i-WAT-1536x1224.jpg 1536w, https:\/\/www.pern.pl\/wp-content\/uploads\/2024\/10\/Inauguracja-wspolnych-studiow-PERN-i-WAT-1200x956.jpg 1200w, https:\/\/www.pern.pl\/wp-content\/uploads\/2024\/10\/Inauguracja-wspolnych-studiow-PERN-i-WAT.jpg 1896w\" sizes=\"auto, (max-width: 1024px) 95vw, 1024px\" \/><\/p>\n<p>Uruchomienie studi\u00f3w podyplomowych \u201eBudowa i eksploatacja baz paliw\u201d jest efektem podpisania w\u00a0lipcu ub. roku umowy o wsp\u00f3\u0142pracy pomi\u0119dzy PERN S.A. a Wojskow\u0105 Akademi\u0105 Techniczn\u0105.<\/p>\n<p>&nbsp;<\/p>\n<p><em><strong>PERN S.A. jest liderem logistyki naftowej i paliwowej w\u00a0Polsce, sp\u00f3\u0142k\u0105 zarz\u0105dzaj\u0105c\u0105 strategiczn\u0105 infrastruktur\u0105 energetyczn\u0105, kt\u00f3ra gwarantuje bezpiecze\u0144stwo naszego kraju. Dysponuje w\u00a0ca\u0142ej Polsce dziewi\u0119tnastoma bazami paliwowymi, kt\u00f3rych pojemno\u015b\u0107 wynosi w\u00a0sumie oko\u0142o 2,65 mln m\u00b3\u00a0i\u00a0czterema bazami ropy naftowej, o\u00a0\u0142\u0105cznej pojemno\u015bci ponad 4,1 mln m\u00b3.<\/strong><\/em><\/p>\n<p><em><strong>Wojskowa Akademia Techniczna jest publiczn\u0105 uczelni\u0105 akademick\u0105 nadzorowan\u0105 przez Ministra Obrony Narodowej. Jako otwarty uniwersytet techniczny, s\u0142u\u017cy Si\u0142om Zbrojnym, nauce, gospodarce i spo\u0142ecze\u0144stwu. Kszta\u0142ci podchor\u0105\u017cych i\u00a0student\u00f3w, rozwija kadr\u0119 naukowo-dydaktyczn\u0105. Prowadzi badania naukowe i prace rozwojowe w obszarach nauk \u015bcis\u0142ych, technicznych i spo\u0142ecznych, a w szczeg\u00f3lno\u015bci w zakresie techniki wojskowej i technologii bezpiecze\u0144stwa.<\/strong><\/em><\/p>\n\n","protected":false},"excerpt":{"rendered":"<p>27 wrze\u015bnia 2024 r. w Wojskowej Akademii Technicznej im. Jaros\u0142awa D\u0105browskiego w Warszawie mia\u0142a miejsce uroczysta inauguracja pierwszej edycji studi\u00f3w podyplomowych \u201eBudowa i eksploatacja baz paliw\u201d. Studia te s\u0105 efektem wsp\u00f3\u0142pracy uczelni oraz PERN S.A. &hellip; <a href=\"https:\/\/www.pern.pl\/de\/2024\/10\/22\/budowa-i-eksploatacja-baz-paliw-studia-podyplomowe-wat-i-pern-s-a\/\" class=\"more-link\">Continue reading<span class=\"screen-reader-text\"> &#8222;Budowa i eksploatacja baz paliw \u2013 studia podyplomowe WAT i PERN S.A.&#8220;<\/span><\/a><\/p>\n","protected":false},"author":6,"featured_media":51297,"comment_status":"closed","ping_status":"open","sticky":false,"template":"","format":"standard","meta":{"_acf_changed":false,"inline_featured_image":false,"footnotes":""},"categories":[7,8],"tags":[],"class_list":["post-51292","post","type-post","status-publish","format-standard","has-post-thumbnail","hentry","category-komunikaty","category-aktualnosci"],"acf":[],"yoast_head":"<!-- This site is optimized with the Yoast SEO plugin v26.9 - https:\/\/yoast.com\/product\/yoast-seo-wordpress\/ -->\n<title>Budowa i eksploatacja baz paliw \u2013 studia podyplomowe WAT i PERN S.A. - PERN<\/title>\n<meta name=\"robots\" content=\"index, follow, max-snippet:-1, max-image-preview:large, max-video-preview:-1\" \/>\n<link rel=\"canonical\" href=\"https:\/\/www.pern.pl\/de\/2024\/10\/22\/budowa-i-eksploatacja-baz-paliw-studia-podyplomowe-wat-i-pern-s-a\/\" \/>\n<meta property=\"og:locale\" content=\"de_DE\" \/>\n<meta property=\"og:type\" content=\"article\" \/>\n<meta property=\"og:title\" content=\"Budowa i eksploatacja baz paliw \u2013 studia podyplomowe WAT i PERN S.A. - PERN\" \/>\n<meta property=\"og:description\" content=\"27 wrze\u015bnia 2024 r. w Wojskowej Akademii Technicznej im. Jaros\u0142awa D\u0105browskiego w Warszawie mia\u0142a miejsce uroczysta inauguracja pierwszej edycji studi\u00f3w podyplomowych \u201eBudowa i eksploatacja baz paliw\u201d. Studia te s\u0105 efektem wsp\u00f3\u0142pracy uczelni oraz PERN S.A. &hellip; Continue reading &quot;Budowa i eksploatacja baz paliw \u2013 studia podyplomowe WAT i PERN S.A.&quot;\" \/>\n<meta property=\"og:url\" content=\"https:\/\/www.pern.pl\/de\/2024\/10\/22\/budowa-i-eksploatacja-baz-paliw-studia-podyplomowe-wat-i-pern-s-a\/\" \/>\n<meta property=\"og:site_name\" content=\"PERN\" \/>\n<meta property=\"article:published_time\" content=\"2024-10-22T11:04:29+00:00\" \/>\n<meta property=\"article:modified_time\" content=\"2025-10-29T13:02:12+00:00\" \/>\n<meta property=\"og:image\" content=\"https:\/\/www.pern.pl\/wp-content\/uploads\/2024\/10\/Pern-Baza-fot.1-scaled.jpg\" \/>\n\t<meta property=\"og:image:width\" content=\"2560\" \/>\n\t<meta property=\"og:image:height\" content=\"1707\" \/>\n\t<meta property=\"og:image:type\" content=\"image\/jpeg\" \/>\n<meta name=\"author\" content=\"Centrum Prasowe PERN S.A.\" \/>\n<meta name=\"twitter:card\" content=\"summary_large_image\" \/>\n<meta name=\"twitter:label1\" content=\"Verfasst von\" \/>\n\t<meta name=\"twitter:data1\" content=\"Centrum Prasowe PERN S.A.\" \/>\n\t<meta name=\"twitter:label2\" content=\"Gesch\u00e4tzte Lesezeit\" \/>\n\t<meta name=\"twitter:data2\" content=\"5\u00a0Minuten\" \/>\n<script type=\"application\/ld+json\" class=\"yoast-schema-graph\">{\"@context\":\"https:\/\/schema.org\",\"@graph\":[{\"@type\":\"Article\",\"@id\":\"https:\/\/www.pern.pl\/de\/2024\/10\/22\/budowa-i-eksploatacja-baz-paliw-studia-podyplomowe-wat-i-pern-s-a\/#article\",\"isPartOf\":{\"@id\":\"https:\/\/www.pern.pl\/de\/2024\/10\/22\/budowa-i-eksploatacja-baz-paliw-studia-podyplomowe-wat-i-pern-s-a\/\"},\"author\":{\"name\":\"Centrum Prasowe PERN S.A.\",\"@id\":\"https:\/\/www.pern.pl\/de\/#\/schema\/person\/f31c4cc0c1be42f0cb9d1a055b3e0996\"},\"headline\":\"Budowa i eksploatacja baz paliw \u2013 studia podyplomowe WAT i PERN S.A.\",\"datePublished\":\"2024-10-22T11:04:29+00:00\",\"dateModified\":\"2025-10-29T13:02:12+00:00\",\"mainEntityOfPage\":{\"@id\":\"https:\/\/www.pern.pl\/de\/2024\/10\/22\/budowa-i-eksploatacja-baz-paliw-studia-podyplomowe-wat-i-pern-s-a\/\"},\"wordCount\":770,\"image\":{\"@id\":\"https:\/\/www.pern.pl\/de\/2024\/10\/22\/budowa-i-eksploatacja-baz-paliw-studia-podyplomowe-wat-i-pern-s-a\/#primaryimage\"},\"thumbnailUrl\":\"https:\/\/www.pern.pl\/wp-content\/uploads\/2024\/10\/Pern-Baza-fot.1-scaled.jpg\",\"articleSection\":[\"Komunikaty\",\"Aktualno\u015bci\"],\"inLanguage\":\"de\"},{\"@type\":\"WebPage\",\"@id\":\"https:\/\/www.pern.pl\/de\/2024\/10\/22\/budowa-i-eksploatacja-baz-paliw-studia-podyplomowe-wat-i-pern-s-a\/\",\"url\":\"https:\/\/www.pern.pl\/de\/2024\/10\/22\/budowa-i-eksploatacja-baz-paliw-studia-podyplomowe-wat-i-pern-s-a\/\",\"name\":\"Budowa i eksploatacja baz paliw \u2013 studia podyplomowe WAT i PERN S.A. - PERN\",\"isPartOf\":{\"@id\":\"https:\/\/www.pern.pl\/de\/#website\"},\"primaryImageOfPage\":{\"@id\":\"https:\/\/www.pern.pl\/de\/2024\/10\/22\/budowa-i-eksploatacja-baz-paliw-studia-podyplomowe-wat-i-pern-s-a\/#primaryimage\"},\"image\":{\"@id\":\"https:\/\/www.pern.pl\/de\/2024\/10\/22\/budowa-i-eksploatacja-baz-paliw-studia-podyplomowe-wat-i-pern-s-a\/#primaryimage\"},\"thumbnailUrl\":\"https:\/\/www.pern.pl\/wp-content\/uploads\/2024\/10\/Pern-Baza-fot.1-scaled.jpg\",\"datePublished\":\"2024-10-22T11:04:29+00:00\",\"dateModified\":\"2025-10-29T13:02:12+00:00\",\"author\":{\"@id\":\"https:\/\/www.pern.pl\/de\/#\/schema\/person\/f31c4cc0c1be42f0cb9d1a055b3e0996\"},\"breadcrumb\":{\"@id\":\"https:\/\/www.pern.pl\/de\/2024\/10\/22\/budowa-i-eksploatacja-baz-paliw-studia-podyplomowe-wat-i-pern-s-a\/#breadcrumb\"},\"inLanguage\":\"de\",\"potentialAction\":[{\"@type\":\"ReadAction\",\"target\":[\"https:\/\/www.pern.pl\/de\/2024\/10\/22\/budowa-i-eksploatacja-baz-paliw-studia-podyplomowe-wat-i-pern-s-a\/\"]}]},{\"@type\":\"ImageObject\",\"inLanguage\":\"de\",\"@id\":\"https:\/\/www.pern.pl\/de\/2024\/10\/22\/budowa-i-eksploatacja-baz-paliw-studia-podyplomowe-wat-i-pern-s-a\/#primaryimage\",\"url\":\"https:\/\/www.pern.pl\/wp-content\/uploads\/2024\/10\/Pern-Baza-fot.1-scaled.jpg\",\"contentUrl\":\"https:\/\/www.pern.pl\/wp-content\/uploads\/2024\/10\/Pern-Baza-fot.1-scaled.jpg\",\"width\":2560,\"height\":1707},{\"@type\":\"BreadcrumbList\",\"@id\":\"https:\/\/www.pern.pl\/de\/2024\/10\/22\/budowa-i-eksploatacja-baz-paliw-studia-podyplomowe-wat-i-pern-s-a\/#breadcrumb\",\"itemListElement\":[{\"@type\":\"ListItem\",\"position\":1,\"name\":\"Homepage\",\"item\":\"https:\/\/www.pern.pl\/de\/\"},{\"@type\":\"ListItem\",\"position\":2,\"name\":\"Budowa i eksploatacja baz paliw \u2013 studia podyplomowe WAT i PERN S.A.\"}]},{\"@type\":\"WebSite\",\"@id\":\"https:\/\/www.pern.pl\/de\/#website\",\"url\":\"https:\/\/www.pern.pl\/de\/\",\"name\":\"PERN\",\"description\":\"\",\"potentialAction\":[{\"@type\":\"SearchAction\",\"target\":{\"@type\":\"EntryPoint\",\"urlTemplate\":\"https:\/\/www.pern.pl\/de\/?s={search_term_string}\"},\"query-input\":{\"@type\":\"PropertyValueSpecification\",\"valueRequired\":true,\"valueName\":\"search_term_string\"}}],\"inLanguage\":\"de\"},{\"@type\":\"Person\",\"@id\":\"https:\/\/www.pern.pl\/de\/#\/schema\/person\/f31c4cc0c1be42f0cb9d1a055b3e0996\",\"name\":\"Centrum Prasowe PERN S.A.\",\"image\":{\"@type\":\"ImageObject\",\"inLanguage\":\"de\",\"@id\":\"https:\/\/www.pern.pl\/de\/#\/schema\/person\/image\/\",\"url\":\"https:\/\/secure.gravatar.com\/avatar\/18e99c3405834609f4541514431875a8a466a6bf795000d784439f961b106e8a?s=96&d=mm&r=g\",\"contentUrl\":\"https:\/\/secure.gravatar.com\/avatar\/18e99c3405834609f4541514431875a8a466a6bf795000d784439f961b106e8a?s=96&d=mm&r=g\",\"caption\":\"Centrum Prasowe PERN S.A.\"},\"url\":\"https:\/\/www.pern.pl\/de\/author\/pern-katarzyna-krasinska\/\"}]}<\/script>\n<!-- \/ Yoast SEO plugin. -->","yoast_head_json":{"title":"Budowa i eksploatacja baz paliw \u2013 studia podyplomowe WAT i PERN S.A. - PERN","robots":{"index":"index","follow":"follow","max-snippet":"max-snippet:-1","max-image-preview":"max-image-preview:large","max-video-preview":"max-video-preview:-1"},"canonical":"https:\/\/www.pern.pl\/de\/2024\/10\/22\/budowa-i-eksploatacja-baz-paliw-studia-podyplomowe-wat-i-pern-s-a\/","og_locale":"de_DE","og_type":"article","og_title":"Budowa i eksploatacja baz paliw \u2013 studia podyplomowe WAT i PERN S.A. - PERN","og_description":"27 wrze\u015bnia 2024 r. w Wojskowej Akademii Technicznej im. Jaros\u0142awa D\u0105browskiego w Warszawie mia\u0142a miejsce uroczysta inauguracja pierwszej edycji studi\u00f3w podyplomowych \u201eBudowa i eksploatacja baz paliw\u201d. Studia te s\u0105 efektem wsp\u00f3\u0142pracy uczelni oraz PERN S.A. &hellip; Continue reading \"Budowa i eksploatacja baz paliw \u2013 studia podyplomowe WAT i PERN S.A.\"","og_url":"https:\/\/www.pern.pl\/de\/2024\/10\/22\/budowa-i-eksploatacja-baz-paliw-studia-podyplomowe-wat-i-pern-s-a\/","og_site_name":"PERN","article_published_time":"2024-10-22T11:04:29+00:00","article_modified_time":"2025-10-29T13:02:12+00:00","og_image":[{"width":2560,"height":1707,"url":"https:\/\/www.pern.pl\/wp-content\/uploads\/2024\/10\/Pern-Baza-fot.1-scaled.jpg","type":"image\/jpeg"}],"author":"Centrum Prasowe PERN S.A.","twitter_card":"summary_large_image","twitter_misc":{"Verfasst von":"Centrum Prasowe PERN S.A.","Gesch\u00e4tzte Lesezeit":"5\u00a0Minuten"},"schema":{"@context":"https:\/\/schema.org","@graph":[{"@type":"Article","@id":"https:\/\/www.pern.pl\/de\/2024\/10\/22\/budowa-i-eksploatacja-baz-paliw-studia-podyplomowe-wat-i-pern-s-a\/#article","isPartOf":{"@id":"https:\/\/www.pern.pl\/de\/2024\/10\/22\/budowa-i-eksploatacja-baz-paliw-studia-podyplomowe-wat-i-pern-s-a\/"},"author":{"name":"Centrum Prasowe PERN S.A.","@id":"https:\/\/www.pern.pl\/de\/#\/schema\/person\/f31c4cc0c1be42f0cb9d1a055b3e0996"},"headline":"Budowa i eksploatacja baz paliw \u2013 studia podyplomowe WAT i PERN S.A.","datePublished":"2024-10-22T11:04:29+00:00","dateModified":"2025-10-29T13:02:12+00:00","mainEntityOfPage":{"@id":"https:\/\/www.pern.pl\/de\/2024\/10\/22\/budowa-i-eksploatacja-baz-paliw-studia-podyplomowe-wat-i-pern-s-a\/"},"wordCount":770,"image":{"@id":"https:\/\/www.pern.pl\/de\/2024\/10\/22\/budowa-i-eksploatacja-baz-paliw-studia-podyplomowe-wat-i-pern-s-a\/#primaryimage"},"thumbnailUrl":"https:\/\/www.pern.pl\/wp-content\/uploads\/2024\/10\/Pern-Baza-fot.1-scaled.jpg","articleSection":["Komunikaty","Aktualno\u015bci"],"inLanguage":"de"},{"@type":"WebPage","@id":"https:\/\/www.pern.pl\/de\/2024\/10\/22\/budowa-i-eksploatacja-baz-paliw-studia-podyplomowe-wat-i-pern-s-a\/","url":"https:\/\/www.pern.pl\/de\/2024\/10\/22\/budowa-i-eksploatacja-baz-paliw-studia-podyplomowe-wat-i-pern-s-a\/","name":"Budowa i eksploatacja baz paliw \u2013 studia podyplomowe WAT i PERN S.A. - PERN","isPartOf":{"@id":"https:\/\/www.pern.pl\/de\/#website"},"primaryImageOfPage":{"@id":"https:\/\/www.pern.pl\/de\/2024\/10\/22\/budowa-i-eksploatacja-baz-paliw-studia-podyplomowe-wat-i-pern-s-a\/#primaryimage"},"image":{"@id":"https:\/\/www.pern.pl\/de\/2024\/10\/22\/budowa-i-eksploatacja-baz-paliw-studia-podyplomowe-wat-i-pern-s-a\/#primaryimage"},"thumbnailUrl":"https:\/\/www.pern.pl\/wp-content\/uploads\/2024\/10\/Pern-Baza-fot.1-scaled.jpg","datePublished":"2024-10-22T11:04:29+00:00","dateModified":"2025-10-29T13:02:12+00:00","author":{"@id":"https:\/\/www.pern.pl\/de\/#\/schema\/person\/f31c4cc0c1be42f0cb9d1a055b3e0996"},"breadcrumb":{"@id":"https:\/\/www.pern.pl\/de\/2024\/10\/22\/budowa-i-eksploatacja-baz-paliw-studia-podyplomowe-wat-i-pern-s-a\/#breadcrumb"},"inLanguage":"de","potentialAction":[{"@type":"ReadAction","target":["https:\/\/www.pern.pl\/de\/2024\/10\/22\/budowa-i-eksploatacja-baz-paliw-studia-podyplomowe-wat-i-pern-s-a\/"]}]},{"@type":"ImageObject","inLanguage":"de","@id":"https:\/\/www.pern.pl\/de\/2024\/10\/22\/budowa-i-eksploatacja-baz-paliw-studia-podyplomowe-wat-i-pern-s-a\/#primaryimage","url":"https:\/\/www.pern.pl\/wp-content\/uploads\/2024\/10\/Pern-Baza-fot.1-scaled.jpg","contentUrl":"https:\/\/www.pern.pl\/wp-content\/uploads\/2024\/10\/Pern-Baza-fot.1-scaled.jpg","width":2560,"height":1707},{"@type":"BreadcrumbList","@id":"https:\/\/www.pern.pl\/de\/2024\/10\/22\/budowa-i-eksploatacja-baz-paliw-studia-podyplomowe-wat-i-pern-s-a\/#breadcrumb","itemListElement":[{"@type":"ListItem","position":1,"name":"Homepage","item":"https:\/\/www.pern.pl\/de\/"},{"@type":"ListItem","position":2,"name":"Budowa i eksploatacja baz paliw \u2013 studia podyplomowe WAT i PERN S.A."}]},{"@type":"WebSite","@id":"https:\/\/www.pern.pl\/de\/#website","url":"https:\/\/www.pern.pl\/de\/","name":"PERN","description":"","potentialAction":[{"@type":"SearchAction","target":{"@type":"EntryPoint","urlTemplate":"https:\/\/www.pern.pl\/de\/?s={search_term_string}"},"query-input":{"@type":"PropertyValueSpecification","valueRequired":true,"valueName":"search_term_string"}}],"inLanguage":"de"},{"@type":"Person","@id":"https:\/\/www.pern.pl\/de\/#\/schema\/person\/f31c4cc0c1be42f0cb9d1a055b3e0996","name":"Centrum Prasowe PERN S.A.","image":{"@type":"ImageObject","inLanguage":"de","@id":"https:\/\/www.pern.pl\/de\/#\/schema\/person\/image\/","url":"https:\/\/secure.gravatar.com\/avatar\/18e99c3405834609f4541514431875a8a466a6bf795000d784439f961b106e8a?s=96&d=mm&r=g","contentUrl":"https:\/\/secure.gravatar.com\/avatar\/18e99c3405834609f4541514431875a8a466a6bf795000d784439f961b106e8a?s=96&d=mm&r=g","caption":"Centrum Prasowe PERN S.A."},"url":"https:\/\/www.pern.pl\/de\/author\/pern-katarzyna-krasinska\/"}]}},"_links":{"self":[{"href":"https:\/\/www.pern.pl\/de\/wp-json\/wp\/v2\/posts\/51292","targetHints":{"allow":["GET"]}}],"collection":[{"href":"https:\/\/www.pern.pl\/de\/wp-json\/wp\/v2\/posts"}],"about":[{"href":"https:\/\/www.pern.pl\/de\/wp-json\/wp\/v2\/types\/post"}],"author":[{"embeddable":true,"href":"https:\/\/www.pern.pl\/de\/wp-json\/wp\/v2\/users\/6"}],"replies":[{"embeddable":true,"href":"https:\/\/www.pern.pl\/de\/wp-json\/wp\/v2\/comments?post=51292"}],"version-history":[{"count":0,"href":"https:\/\/www.pern.pl\/de\/wp-json\/wp\/v2\/posts\/51292\/revisions"}],"wp:featuredmedia":[{"embeddable":true,"href":"https:\/\/www.pern.pl\/de\/wp-json\/wp\/v2\/media\/51297"}],"wp:attachment":[{"href":"https:\/\/www.pern.pl\/de\/wp-json\/wp\/v2\/media?parent=51292"}],"wp:term":[{"taxonomy":"category","embeddable":true,"href":"https:\/\/www.pern.pl\/de\/wp-json\/wp\/v2\/categories?post=51292"},{"taxonomy":"post_tag","embeddable":true,"href":"https:\/\/www.pern.pl\/de\/wp-json\/wp\/v2\/tags?post=51292"}],"curies":[{"name":"wp","href":"https:\/\/api.w.org\/{rel}","templated":true}]}}