{"id":50352,"date":"2024-06-04T17:09:59","date_gmt":"2024-06-04T15:09:59","guid":{"rendered":"https:\/\/www.pern.pl\/?p=50352"},"modified":"2024-06-04T17:39:50","modified_gmt":"2024-06-04T15:39:50","slug":"pern-rozbuduje-nadmorski-hub-paliwowy-w-debogorzu","status":"publish","type":"post","link":"https:\/\/www.pern.pl\/de\/2024\/06\/04\/pern-rozbuduje-nadmorski-hub-paliwowy-w-debogorzu\/","title":{"rendered":"PERN rozbuduje nadmorski hub paliwowy w D\u0119bog\u00f3rzu"},"content":{"rendered":"<p><strong>PERN S.A. i konsorcjum sp\u00f3\u0142ek Mostostal Warszawa i Mostostal P\u0142ock podpisa\u0142y umow\u0119 o warto\u015bci prawie 150\u00a0mln\u00a0z\u0142 na budow\u0119 trzech zbiornik\u00f3w magazynowych<\/strong> <strong>na olej nap\u0119dowy. Dzi\u0119ki tej inwestycji pojemno\u015b\u0107 bazy paliw PERN w D\u0119bog\u00f3rzu powi\u0119kszy si\u0119 o kolejne 150 tys. m\u00b3. To kolejny etap rozbudowy tego nadmorskiego hubu paliwowego, zaliczanego do infrastruktury strategicznej dla bezpiecze\u0144stwa energetycznego Polski i kraj\u00f3w s\u0105siednich. Projekt ten wpisany zosta\u0142 do programu rozbudowy infrastruktury krytycznej.<\/strong><\/p>\n<p>4 czerwca 2024 roku PERN S.A. podpisa\u0142 umow\u0119 z konsorcjum sp\u00f3\u0142ek Mostostal Warszawa S.A. i Mostostal P\u0142ock S.A. na budow\u0119 kolejnych zbiornik\u00f3w na olej nap\u0119dowy w Bazie Paliw nr 21 w D\u0119bog\u00f3rzu. Prace inwestycyjne dotycz\u0105 wybudowania trzech zbiornik\u00f3w magazynowych o pojemno\u015bci 50 tys. m\u00b3 ka\u017cdy, wraz z infrastruktur\u0105 towarzysz\u0105c\u0105, przeznaczonych do przechowywania produkt\u00f3w naftowych.<\/p>\n<p><img loading=\"lazy\" decoding=\"async\" class=\"alignleft wp-image-50353 size-large\" src=\"https:\/\/www.pern.pl\/wp-content\/uploads\/2024\/06\/20240604_122148-e1717513702402.jpg\" alt=\"\" width=\"1024\" height=\"577\" srcset=\"https:\/\/www.pern.pl\/wp-content\/uploads\/2024\/06\/20240604_122148-e1717513702402.jpg 9140w, https:\/\/www.pern.pl\/wp-content\/uploads\/2024\/06\/20240604_122148-e1717513702402-300x169.jpg 300w, https:\/\/www.pern.pl\/wp-content\/uploads\/2024\/06\/20240604_122148-e1717513702402-1024x577.jpg 1024w, https:\/\/www.pern.pl\/wp-content\/uploads\/2024\/06\/20240604_122148-e1717513702402-768x433.jpg 768w, https:\/\/www.pern.pl\/wp-content\/uploads\/2024\/06\/20240604_122148-e1717513702402-1200x676.jpg 1200w, https:\/\/www.pern.pl\/wp-content\/uploads\/2024\/06\/20240604_122148-e1717513702402-1536x865.jpg 1536w, https:\/\/www.pern.pl\/wp-content\/uploads\/2024\/06\/20240604_122148-e1717513702402-2048x1154.jpg 2048w\" sizes=\"auto, (max-width: 1024px) 95vw, 1024px\" \/><\/p>\n<p>Termin zako\u0144czenia inwestycji zosta\u0142 zaplanowany na 2025 rok, a warto\u015b\u0107 kontraktu si\u0119ga 148\u00a0mln z\u0142. Inwestycja jest odpowiedzi\u0105 sp\u00f3\u0142ki na potrzeby rynku i oczekiwania klient\u00f3w, kt\u00f3rzy w coraz wi\u0119kszym stopniu dywersyfikuj\u0105 dostawy surowca. Nowa infrastruktura pozwoli na przechowywanie zapas\u00f3w interwencyjnych oraz bardziej elastyczny obr\u00f3t paliwami. Jest tak\u017ce jednym z element\u00f3w wzmacniania niezale\u017cno\u015bci energetycznej Polski.<\/p>\n<p>&#8211; <em>Konsekwentna rozbudowa strategicznej infrastruktury nadmorskiej PERN jest elementem naszej strategii rozwoju i ma kluczowe znaczenie dla zapewnienia sprawnej logistyki naftowej i dost\u0119pno\u015bci paliw na terenie ca\u0142ej Polski. Dlatego tym bardziej ciesz\u0119 si\u0119, \u017ce projekt rozbudowy naszej bazy paliw w D\u0119bog\u00f3rzu prowadzimy ze sprawdzonymi partnerami, kt\u00f3rzy realizowali ju\u017c dla nas podobne zadania w przesz\u0142o\u015bci<\/em> &#8211; m\u00f3wi Daniel \u015awi\u0119tochowski, Prezes Zarz\u0105du PERN S.A.<\/p>\n<p>&#8211; <em>Zaufanie Klient\u00f3w, kt\u00f3rzy wracaj\u0105 do Mostostalu Warszawa z kolejnymi zam\u00f3wieniami, jest najlepszym dowodem wysokiej jako\u015bci naszych prac<\/em> \u2013 m\u00f3wi Jorge Calabuig Ferre, Wiceprezes Zarz\u0105du Mostostal Warszawa S.A. \u2013 <em>W ostatnich latach zrealizowali\u015bmy szereg zbiornik\u00f3w w kilku bazach PERN. Obecne zadanie jest kolejnym strategicznym dla polskiego rynku projektem, kt\u00f3re zrealizuje nasz zesp\u00f3\u0142 najlepszych in\u017cynier\u00f3w.<\/em><\/p>\n<p>&#8211; <em>To kolejne zadanie, kt\u00f3re zrealizujemy w konsorcjum Mostostalu Warszawa i Mostostalu P\u0142ock<\/em> \u2013 dodaje Jacek Szymanek, Prezes Zarz\u0105du Mostostal P\u0142ock S.A. \u2013 <em>To przyk\u0142ad dobrej wsp\u00f3\u0142pracy i efektu synergii, kt\u00f3ry wynika z konsolidacji w ramach naszej Grupy Kapita\u0142owej.<\/em><\/p>\n<p>Pojemno\u015b\u0107 Bazy Paliw \u00a0w D\u0119bog\u00f3rzu wynosi 360 tys. m\u00b3. Baza ta pe\u0142ni funkcj\u0119 kluczowego ogniwa dla zdywersyfikowanego systemu zaopatrywania Polski w paliwa p\u0142ynne.<\/p>\n<p>Konsorcjum sp\u00f3\u0142ek Mostostal Warszawa S.A. i Mostostal P\u0142ock S.A. to do\u015bwiadczone firmy z\u00a0sektora budownictwa przemys\u0142owego. W latach 2021-2022 Mostostal zrealizowa\u0142 z\u00a0sukcesem kontrakt z PERN obejmuj\u0105cy budow\u0119 7 zbiornik\u00f3w o pojemno\u015bci 32 tys. m<sup>3<\/sup> ka\u017cdy: na terenie Bazy Paliw nr 1 w Koluszkach (3 zbiorniki), Bazy Paliw nr 2 w Nowej Wsi Wielkiej (3 zbiorniki) oraz Bazy Paliw nr 21 w D\u0119bog\u00f3rzu (1 zbiornik).<\/p>\n<p>Zgodnie z planem inwestycyjnym PERN, inwestycje rzeczowe na 2024 rok wynios\u0105 prawie 450 mln z\u0142, a remonty &#8211; oko\u0142o 90 mln z\u0142. W planach na ten rok PERN ma \u0142\u0105cznie oko\u0142o 400\u00a0nowych zada\u0144 z Planu Inwestycyjnego oraz Planu Remont\u00f3w, w tym kilka kluczowych inwestycji, do kt\u00f3rych zalicza si\u0119 w\u0142a\u015bnie rozw\u00f3j bazy w D\u0119bog\u00f3rzu.<\/p>\n<p>&nbsp;<\/p>\n<p>PERN jest liderem logistyki naftowej i paliwowej w Polsce, sp\u00f3\u0142k\u0105 zarz\u0105dzaj\u0105c\u0105 infrastruktur\u0105 krytyczn\u0105, kt\u00f3ra gwarantuje bezpiecze\u0144stwo naszego kraju. Dysponuje w ca\u0142ej Polsce 19\u00a0bazami paliwowymi, kt\u00f3rych pojemno\u015b\u0107 wynosi w sumie oko\u0142o 2,65 mln m\u00b3 i 4 bazami ropy naftowej o \u0142\u0105cznej pojemno\u015bci ponad 4,1 mln m\u00b3.<\/p>\n\n","protected":false},"excerpt":{"rendered":"<p>PERN S.A. i konsorcjum sp\u00f3\u0142ek Mostostal Warszawa i Mostostal P\u0142ock podpisa\u0142y umow\u0119 o warto\u015bci prawie 150\u00a0mln\u00a0z\u0142 na budow\u0119 trzech zbiornik\u00f3w magazynowych na olej nap\u0119dowy. Dzi\u0119ki tej inwestycji pojemno\u015b\u0107 bazy paliw PERN w D\u0119bog\u00f3rzu powi\u0119kszy si\u0119 &hellip; <a href=\"https:\/\/www.pern.pl\/de\/2024\/06\/04\/pern-rozbuduje-nadmorski-hub-paliwowy-w-debogorzu\/\" class=\"more-link\">Continue reading<span class=\"screen-reader-text\"> &#8222;PERN rozbuduje nadmorski hub paliwowy w D\u0119bog\u00f3rzu&#8220;<\/span><\/a><\/p>\n","protected":false},"author":6,"featured_media":49054,"comment_status":"closed","ping_status":"open","sticky":false,"template":"","format":"standard","meta":{"_acf_changed":false,"inline_featured_image":false,"footnotes":""},"categories":[39,70,72],"tags":[],"class_list":["post-50352","post","type-post","status-publish","format-standard","has-post-thumbnail","hentry","category-unkategorisiert","category-presseinformationen","category-nachrichten"],"acf":[],"yoast_head":"<!-- This site is optimized with the Yoast SEO plugin v26.9 - https:\/\/yoast.com\/product\/yoast-seo-wordpress\/ -->\n<title>PERN rozbuduje nadmorski hub paliwowy w D\u0119bog\u00f3rzu - PERN<\/title>\n<meta name=\"robots\" content=\"index, follow, max-snippet:-1, max-image-preview:large, max-video-preview:-1\" \/>\n<link rel=\"canonical\" href=\"https:\/\/www.pern.pl\/de\/2024\/06\/04\/pern-rozbuduje-nadmorski-hub-paliwowy-w-debogorzu\/\" \/>\n<meta property=\"og:locale\" content=\"de_DE\" \/>\n<meta property=\"og:type\" content=\"article\" \/>\n<meta property=\"og:title\" content=\"PERN rozbuduje nadmorski hub paliwowy w D\u0119bog\u00f3rzu - PERN\" \/>\n<meta property=\"og:description\" content=\"PERN S.A. i konsorcjum sp\u00f3\u0142ek Mostostal Warszawa i Mostostal P\u0142ock podpisa\u0142y umow\u0119 o warto\u015bci prawie 150\u00a0mln\u00a0z\u0142 na budow\u0119 trzech zbiornik\u00f3w magazynowych na olej nap\u0119dowy. Dzi\u0119ki tej inwestycji pojemno\u015b\u0107 bazy paliw PERN w D\u0119bog\u00f3rzu powi\u0119kszy si\u0119 &hellip; Continue reading &quot;PERN rozbuduje nadmorski hub paliwowy w D\u0119bog\u00f3rzu&quot;\" \/>\n<meta property=\"og:url\" content=\"https:\/\/www.pern.pl\/de\/2024\/06\/04\/pern-rozbuduje-nadmorski-hub-paliwowy-w-debogorzu\/\" \/>\n<meta property=\"og:site_name\" content=\"PERN\" \/>\n<meta property=\"article:published_time\" content=\"2024-06-04T15:09:59+00:00\" \/>\n<meta property=\"article:modified_time\" content=\"2024-06-04T15:39:50+00:00\" \/>\n<meta property=\"og:image\" content=\"https:\/\/www.pern.pl\/wp-content\/uploads\/2023\/08\/Debogorze2-scaled.jpg\" \/>\n\t<meta property=\"og:image:width\" content=\"2560\" \/>\n\t<meta property=\"og:image:height\" content=\"1920\" \/>\n\t<meta property=\"og:image:type\" content=\"image\/jpeg\" \/>\n<meta name=\"author\" content=\"Centrum Prasowe PERN S.A.\" \/>\n<meta name=\"twitter:card\" content=\"summary_large_image\" \/>\n<meta name=\"twitter:label1\" content=\"Verfasst von\" \/>\n\t<meta name=\"twitter:data1\" content=\"Centrum Prasowe PERN S.A.\" \/>\n\t<meta name=\"twitter:label2\" content=\"Gesch\u00e4tzte Lesezeit\" \/>\n\t<meta name=\"twitter:data2\" content=\"3\u00a0Minuten\" \/>\n<script type=\"application\/ld+json\" class=\"yoast-schema-graph\">{\"@context\":\"https:\/\/schema.org\",\"@graph\":[{\"@type\":\"Article\",\"@id\":\"https:\/\/www.pern.pl\/de\/2024\/06\/04\/pern-rozbuduje-nadmorski-hub-paliwowy-w-debogorzu\/#article\",\"isPartOf\":{\"@id\":\"https:\/\/www.pern.pl\/de\/2024\/06\/04\/pern-rozbuduje-nadmorski-hub-paliwowy-w-debogorzu\/\"},\"author\":{\"name\":\"Centrum Prasowe PERN S.A.\",\"@id\":\"https:\/\/www.pern.pl\/de\/#\/schema\/person\/f31c4cc0c1be42f0cb9d1a055b3e0996\"},\"headline\":\"PERN rozbuduje nadmorski hub paliwowy w D\u0119bog\u00f3rzu\",\"datePublished\":\"2024-06-04T15:09:59+00:00\",\"dateModified\":\"2024-06-04T15:39:50+00:00\",\"mainEntityOfPage\":{\"@id\":\"https:\/\/www.pern.pl\/de\/2024\/06\/04\/pern-rozbuduje-nadmorski-hub-paliwowy-w-debogorzu\/\"},\"wordCount\":612,\"image\":{\"@id\":\"https:\/\/www.pern.pl\/de\/2024\/06\/04\/pern-rozbuduje-nadmorski-hub-paliwowy-w-debogorzu\/#primaryimage\"},\"thumbnailUrl\":\"https:\/\/www.pern.pl\/wp-content\/uploads\/2023\/08\/Debogorze2-scaled.jpg\",\"articleSection\":[\"Unkategorisiert\",\"Presseinformationen\",\"Nachrichten\"],\"inLanguage\":\"de\"},{\"@type\":\"WebPage\",\"@id\":\"https:\/\/www.pern.pl\/de\/2024\/06\/04\/pern-rozbuduje-nadmorski-hub-paliwowy-w-debogorzu\/\",\"url\":\"https:\/\/www.pern.pl\/de\/2024\/06\/04\/pern-rozbuduje-nadmorski-hub-paliwowy-w-debogorzu\/\",\"name\":\"PERN rozbuduje nadmorski hub paliwowy w D\u0119bog\u00f3rzu - PERN\",\"isPartOf\":{\"@id\":\"https:\/\/www.pern.pl\/de\/#website\"},\"primaryImageOfPage\":{\"@id\":\"https:\/\/www.pern.pl\/de\/2024\/06\/04\/pern-rozbuduje-nadmorski-hub-paliwowy-w-debogorzu\/#primaryimage\"},\"image\":{\"@id\":\"https:\/\/www.pern.pl\/de\/2024\/06\/04\/pern-rozbuduje-nadmorski-hub-paliwowy-w-debogorzu\/#primaryimage\"},\"thumbnailUrl\":\"https:\/\/www.pern.pl\/wp-content\/uploads\/2023\/08\/Debogorze2-scaled.jpg\",\"datePublished\":\"2024-06-04T15:09:59+00:00\",\"dateModified\":\"2024-06-04T15:39:50+00:00\",\"author\":{\"@id\":\"https:\/\/www.pern.pl\/de\/#\/schema\/person\/f31c4cc0c1be42f0cb9d1a055b3e0996\"},\"breadcrumb\":{\"@id\":\"https:\/\/www.pern.pl\/de\/2024\/06\/04\/pern-rozbuduje-nadmorski-hub-paliwowy-w-debogorzu\/#breadcrumb\"},\"inLanguage\":\"de\",\"potentialAction\":[{\"@type\":\"ReadAction\",\"target\":[\"https:\/\/www.pern.pl\/de\/2024\/06\/04\/pern-rozbuduje-nadmorski-hub-paliwowy-w-debogorzu\/\"]}]},{\"@type\":\"ImageObject\",\"inLanguage\":\"de\",\"@id\":\"https:\/\/www.pern.pl\/de\/2024\/06\/04\/pern-rozbuduje-nadmorski-hub-paliwowy-w-debogorzu\/#primaryimage\",\"url\":\"https:\/\/www.pern.pl\/wp-content\/uploads\/2023\/08\/Debogorze2-scaled.jpg\",\"contentUrl\":\"https:\/\/www.pern.pl\/wp-content\/uploads\/2023\/08\/Debogorze2-scaled.jpg\",\"width\":2560,\"height\":1920},{\"@type\":\"BreadcrumbList\",\"@id\":\"https:\/\/www.pern.pl\/de\/2024\/06\/04\/pern-rozbuduje-nadmorski-hub-paliwowy-w-debogorzu\/#breadcrumb\",\"itemListElement\":[{\"@type\":\"ListItem\",\"position\":1,\"name\":\"Homepage\",\"item\":\"https:\/\/www.pern.pl\/de\/\"},{\"@type\":\"ListItem\",\"position\":2,\"name\":\"PERN rozbuduje nadmorski hub paliwowy w D\u0119bog\u00f3rzu\"}]},{\"@type\":\"WebSite\",\"@id\":\"https:\/\/www.pern.pl\/de\/#website\",\"url\":\"https:\/\/www.pern.pl\/de\/\",\"name\":\"PERN\",\"description\":\"\",\"potentialAction\":[{\"@type\":\"SearchAction\",\"target\":{\"@type\":\"EntryPoint\",\"urlTemplate\":\"https:\/\/www.pern.pl\/de\/?s={search_term_string}\"},\"query-input\":{\"@type\":\"PropertyValueSpecification\",\"valueRequired\":true,\"valueName\":\"search_term_string\"}}],\"inLanguage\":\"de\"},{\"@type\":\"Person\",\"@id\":\"https:\/\/www.pern.pl\/de\/#\/schema\/person\/f31c4cc0c1be42f0cb9d1a055b3e0996\",\"name\":\"Centrum Prasowe PERN S.A.\",\"image\":{\"@type\":\"ImageObject\",\"inLanguage\":\"de\",\"@id\":\"https:\/\/www.pern.pl\/de\/#\/schema\/person\/image\/\",\"url\":\"https:\/\/secure.gravatar.com\/avatar\/18e99c3405834609f4541514431875a8a466a6bf795000d784439f961b106e8a?s=96&d=mm&r=g\",\"contentUrl\":\"https:\/\/secure.gravatar.com\/avatar\/18e99c3405834609f4541514431875a8a466a6bf795000d784439f961b106e8a?s=96&d=mm&r=g\",\"caption\":\"Centrum Prasowe PERN S.A.\"},\"url\":\"https:\/\/www.pern.pl\/de\/author\/pern-katarzyna-krasinska\/\"}]}<\/script>\n<!-- \/ Yoast SEO plugin. -->","yoast_head_json":{"title":"PERN rozbuduje nadmorski hub paliwowy w D\u0119bog\u00f3rzu - PERN","robots":{"index":"index","follow":"follow","max-snippet":"max-snippet:-1","max-image-preview":"max-image-preview:large","max-video-preview":"max-video-preview:-1"},"canonical":"https:\/\/www.pern.pl\/de\/2024\/06\/04\/pern-rozbuduje-nadmorski-hub-paliwowy-w-debogorzu\/","og_locale":"de_DE","og_type":"article","og_title":"PERN rozbuduje nadmorski hub paliwowy w D\u0119bog\u00f3rzu - PERN","og_description":"PERN S.A. i konsorcjum sp\u00f3\u0142ek Mostostal Warszawa i Mostostal P\u0142ock podpisa\u0142y umow\u0119 o warto\u015bci prawie 150\u00a0mln\u00a0z\u0142 na budow\u0119 trzech zbiornik\u00f3w magazynowych na olej nap\u0119dowy. Dzi\u0119ki tej inwestycji pojemno\u015b\u0107 bazy paliw PERN w D\u0119bog\u00f3rzu powi\u0119kszy si\u0119 &hellip; Continue reading \"PERN rozbuduje nadmorski hub paliwowy w D\u0119bog\u00f3rzu\"","og_url":"https:\/\/www.pern.pl\/de\/2024\/06\/04\/pern-rozbuduje-nadmorski-hub-paliwowy-w-debogorzu\/","og_site_name":"PERN","article_published_time":"2024-06-04T15:09:59+00:00","article_modified_time":"2024-06-04T15:39:50+00:00","og_image":[{"width":2560,"height":1920,"url":"https:\/\/www.pern.pl\/wp-content\/uploads\/2023\/08\/Debogorze2-scaled.jpg","type":"image\/jpeg"}],"author":"Centrum Prasowe PERN S.A.","twitter_card":"summary_large_image","twitter_misc":{"Verfasst von":"Centrum Prasowe PERN S.A.","Gesch\u00e4tzte Lesezeit":"3\u00a0Minuten"},"schema":{"@context":"https:\/\/schema.org","@graph":[{"@type":"Article","@id":"https:\/\/www.pern.pl\/de\/2024\/06\/04\/pern-rozbuduje-nadmorski-hub-paliwowy-w-debogorzu\/#article","isPartOf":{"@id":"https:\/\/www.pern.pl\/de\/2024\/06\/04\/pern-rozbuduje-nadmorski-hub-paliwowy-w-debogorzu\/"},"author":{"name":"Centrum Prasowe PERN S.A.","@id":"https:\/\/www.pern.pl\/de\/#\/schema\/person\/f31c4cc0c1be42f0cb9d1a055b3e0996"},"headline":"PERN rozbuduje nadmorski hub paliwowy w D\u0119bog\u00f3rzu","datePublished":"2024-06-04T15:09:59+00:00","dateModified":"2024-06-04T15:39:50+00:00","mainEntityOfPage":{"@id":"https:\/\/www.pern.pl\/de\/2024\/06\/04\/pern-rozbuduje-nadmorski-hub-paliwowy-w-debogorzu\/"},"wordCount":612,"image":{"@id":"https:\/\/www.pern.pl\/de\/2024\/06\/04\/pern-rozbuduje-nadmorski-hub-paliwowy-w-debogorzu\/#primaryimage"},"thumbnailUrl":"https:\/\/www.pern.pl\/wp-content\/uploads\/2023\/08\/Debogorze2-scaled.jpg","articleSection":["Unkategorisiert","Presseinformationen","Nachrichten"],"inLanguage":"de"},{"@type":"WebPage","@id":"https:\/\/www.pern.pl\/de\/2024\/06\/04\/pern-rozbuduje-nadmorski-hub-paliwowy-w-debogorzu\/","url":"https:\/\/www.pern.pl\/de\/2024\/06\/04\/pern-rozbuduje-nadmorski-hub-paliwowy-w-debogorzu\/","name":"PERN rozbuduje nadmorski hub paliwowy w D\u0119bog\u00f3rzu - PERN","isPartOf":{"@id":"https:\/\/www.pern.pl\/de\/#website"},"primaryImageOfPage":{"@id":"https:\/\/www.pern.pl\/de\/2024\/06\/04\/pern-rozbuduje-nadmorski-hub-paliwowy-w-debogorzu\/#primaryimage"},"image":{"@id":"https:\/\/www.pern.pl\/de\/2024\/06\/04\/pern-rozbuduje-nadmorski-hub-paliwowy-w-debogorzu\/#primaryimage"},"thumbnailUrl":"https:\/\/www.pern.pl\/wp-content\/uploads\/2023\/08\/Debogorze2-scaled.jpg","datePublished":"2024-06-04T15:09:59+00:00","dateModified":"2024-06-04T15:39:50+00:00","author":{"@id":"https:\/\/www.pern.pl\/de\/#\/schema\/person\/f31c4cc0c1be42f0cb9d1a055b3e0996"},"breadcrumb":{"@id":"https:\/\/www.pern.pl\/de\/2024\/06\/04\/pern-rozbuduje-nadmorski-hub-paliwowy-w-debogorzu\/#breadcrumb"},"inLanguage":"de","potentialAction":[{"@type":"ReadAction","target":["https:\/\/www.pern.pl\/de\/2024\/06\/04\/pern-rozbuduje-nadmorski-hub-paliwowy-w-debogorzu\/"]}]},{"@type":"ImageObject","inLanguage":"de","@id":"https:\/\/www.pern.pl\/de\/2024\/06\/04\/pern-rozbuduje-nadmorski-hub-paliwowy-w-debogorzu\/#primaryimage","url":"https:\/\/www.pern.pl\/wp-content\/uploads\/2023\/08\/Debogorze2-scaled.jpg","contentUrl":"https:\/\/www.pern.pl\/wp-content\/uploads\/2023\/08\/Debogorze2-scaled.jpg","width":2560,"height":1920},{"@type":"BreadcrumbList","@id":"https:\/\/www.pern.pl\/de\/2024\/06\/04\/pern-rozbuduje-nadmorski-hub-paliwowy-w-debogorzu\/#breadcrumb","itemListElement":[{"@type":"ListItem","position":1,"name":"Homepage","item":"https:\/\/www.pern.pl\/de\/"},{"@type":"ListItem","position":2,"name":"PERN rozbuduje nadmorski hub paliwowy w D\u0119bog\u00f3rzu"}]},{"@type":"WebSite","@id":"https:\/\/www.pern.pl\/de\/#website","url":"https:\/\/www.pern.pl\/de\/","name":"PERN","description":"","potentialAction":[{"@type":"SearchAction","target":{"@type":"EntryPoint","urlTemplate":"https:\/\/www.pern.pl\/de\/?s={search_term_string}"},"query-input":{"@type":"PropertyValueSpecification","valueRequired":true,"valueName":"search_term_string"}}],"inLanguage":"de"},{"@type":"Person","@id":"https:\/\/www.pern.pl\/de\/#\/schema\/person\/f31c4cc0c1be42f0cb9d1a055b3e0996","name":"Centrum Prasowe PERN S.A.","image":{"@type":"ImageObject","inLanguage":"de","@id":"https:\/\/www.pern.pl\/de\/#\/schema\/person\/image\/","url":"https:\/\/secure.gravatar.com\/avatar\/18e99c3405834609f4541514431875a8a466a6bf795000d784439f961b106e8a?s=96&d=mm&r=g","contentUrl":"https:\/\/secure.gravatar.com\/avatar\/18e99c3405834609f4541514431875a8a466a6bf795000d784439f961b106e8a?s=96&d=mm&r=g","caption":"Centrum Prasowe PERN S.A."},"url":"https:\/\/www.pern.pl\/de\/author\/pern-katarzyna-krasinska\/"}]}},"_links":{"self":[{"href":"https:\/\/www.pern.pl\/de\/wp-json\/wp\/v2\/posts\/50352","targetHints":{"allow":["GET"]}}],"collection":[{"href":"https:\/\/www.pern.pl\/de\/wp-json\/wp\/v2\/posts"}],"about":[{"href":"https:\/\/www.pern.pl\/de\/wp-json\/wp\/v2\/types\/post"}],"author":[{"embeddable":true,"href":"https:\/\/www.pern.pl\/de\/wp-json\/wp\/v2\/users\/6"}],"replies":[{"embeddable":true,"href":"https:\/\/www.pern.pl\/de\/wp-json\/wp\/v2\/comments?post=50352"}],"version-history":[{"count":0,"href":"https:\/\/www.pern.pl\/de\/wp-json\/wp\/v2\/posts\/50352\/revisions"}],"wp:featuredmedia":[{"embeddable":true,"href":"https:\/\/www.pern.pl\/de\/wp-json\/wp\/v2\/media\/49054"}],"wp:attachment":[{"href":"https:\/\/www.pern.pl\/de\/wp-json\/wp\/v2\/media?parent=50352"}],"wp:term":[{"taxonomy":"category","embeddable":true,"href":"https:\/\/www.pern.pl\/de\/wp-json\/wp\/v2\/categories?post=50352"},{"taxonomy":"post_tag","embeddable":true,"href":"https:\/\/www.pern.pl\/de\/wp-json\/wp\/v2\/tags?post=50352"}],"curies":[{"name":"wp","href":"https:\/\/api.w.org\/{rel}","templated":true}]}}