{"id":47418,"date":"2023-04-18T09:05:03","date_gmt":"2023-04-18T07:05:03","guid":{"rendered":"https:\/\/www.pern.pl\/2023\/04\/18\/terminale-grupy-pern-rekordowe-obroty-w-i-kwartale-2023-roku\/"},"modified":"2023-06-22T11:39:29","modified_gmt":"2023-06-22T09:39:29","slug":"terminale-grupy-pern-rekordowe-obroty-w-i-kwartale-2023-roku","status":"publish","type":"post","link":"https:\/\/www.pern.pl\/de\/2023\/04\/18\/terminale-grupy-pern-rekordowe-obroty-w-i-kwartale-2023-roku\/","title":{"rendered":"Terminale Grupy PERN \u2013 rekordowe obroty w I kwartale 2023 roku"},"content":{"rendered":"<p>Terminale Grupy PERN \u2013 rekordowe obroty w I kwartale 2023 roku<\/p>\n<p>Architektura dostaw ropy naftowej i paliw do naszego kraju radykalnie zmieni\u0142a si\u0119 od 24 lutego 2022 roku. Dla nadmorskich terminali Grupy PERN oznacza to prac\u0119 na najwy\u017cszych obrotach. W I kwartale 2023 roku, terminal paliwowy PERN w D\u0119bog\u00f3rzu przyj\u0105\u0142 prawie o po\u0142ow\u0119 wi\u0119cej paliwa ni\u017c w analogicznym okresie 2022 roku. Jeszcze lepsze wyniki zanotowa\u0142 Naftoport z Grupy PERN, kt\u00f3ry w tym czasie prze\u0142adowa\u0142 8,7 mln ton ropy naftowej i paliw, poprawiaj\u0105c wynik z ubieg\u0142ego roku o blisko 60 proc.<\/p>\n<p>Baza paliw w D\u0119bog\u00f3rzu w I kwartale 2023 roku przyj\u0119\u0142a a\u017c 24 tankowce co r\u00f3wnie\u017c oznacza 50 proc. wzrost w por\u00f3wnaniu do analogicznego okresu 2022. Podobnie wygl\u0105daj\u0105 statystyki zwi\u0105zane z wysy\u0142k\u0105 przyj\u0119tego z morza paliwa w g\u0142\u0105b kraju za po\u015brednictwem kolei. Dlatego PERN intensywnie rozwija swoj\u0105 baz\u0119 magazynow\u0105 w D\u0119bog\u00f3rzu i inwestuje w kolej. W tym roku zostan\u0105 oddane do u\u017cytku dwa zbiorniki o pojemno\u015bci 32 tys. m\u1d9f ka\u017cdy, a w planach s\u0105 kolejne trzy \u2013 tym razem o pojemno\u015bci 50 tys. m\u1d9f ka\u017cdy.<\/p>\n<p>Inwestycje w kolej<\/p>\n<p>PERN w dalszym ci\u0105gu b\u0119dzie inwestowa\u0142 w infrastruktur\u0119 kolejow\u0105 w D\u0119bog\u00f3rzu m.in. poprzez modernizacj\u0119 tor\u00f3w i stanowisk za\u0142adunkowych nalewni kolejowej, co umo\u017cliwi przemieszczanie cystern o wi\u0119kszej \u0142adowno\u015bci i usprawni procesy logistyczne. PERN chce r\u00f3wnie\u017c rozbudowa\u0107 nalewni\u0119 kolejow\u0105 o czwart\u0105 kabin\u0119 za\u0142adunkow\u0105, ze wzgl\u0119du na zapotrzebowanie rynku. Dzia\u0142ania te po\u0142\u0105czone z inwestycjami Portu w Gdyni, polegaj\u0105cymi na modernizacji Stanowiska Prze\u0142adunku Paliw P\u0142ynnych i pog\u0142\u0119bieniu toru wodnego (obs\u0142uga wi\u0119kszych tankowc\u00f3w) oraz z inwestycjami PKP zwi\u0105zanymi z popraw\u0105 dost\u0119pu kolejowego do Portu w Gdyni, jak r\u00f3wnie\u017c bazy paliw w D\u0119bog\u00f3rzu, pozwol\u0105 na zwi\u0119kszenie wolumen\u00f3w produkt\u00f3w naftowych, kt\u00f3re s\u0105 przyjmowane w D\u0119bog\u00f3rzu i ekspediowanie ich w g\u0142\u0105b kraju.<\/p>\n<p>A\u017c 110 tankowc\u00f3w na kwarta\u0142<\/p>\n<p>W I kwartale 2023 roku Naftoportu przyj\u0105\u0142 i roz\u0142adowa\u0142 o 30 proc. wi\u0119cej tankowc\u00f3w ni\u017c w analogicznym okresie 2022 roku. Tym samym sp\u00f3\u0142ka obs\u0142u\u017cy\u0142a 110 statk\u00f3w.<\/p>\n<p>&#8211; Kiedy m\u00f3wimy o naszych zdolno\u015bciach prze\u0142adunkowych w zakresie ropy Naftowej, nie spos\u00f3b nie wspomnie\u0107 tak\u017ce o roli naszej bazy surowcowej w Gda\u0144sku i tamtejszym Terminalu Naftowym wraz ze stacjami pomp ruroci\u0105gu pomorskiego w Pelplinie, \u0141asinie i Rypinie. Obiekty te umo\u017cliwiaj\u0105 elastyczny odbi\u00f3r surowca z tankowc\u00f3w za po\u015brednictwem Naftoportu. Dzi\u0119ki rozbudowie pojemno\u015bci, kt\u00f3ra by\u0142a realizowana w ostatnich latach, nad Ba\u0142tykiem mamy oko\u0142o 2 mln m \u1d9f pojemno\u015bci \u2013 podkre\u015bli\u0142 Pawe\u0142 Sta\u0144czyk, prezes PERN.<br \/>\n&#8211;<br \/>\nW I kwartale tego roku Naftoport podpisa\u0142 tak\u017ce umow\u0119 na wykonanie dokumentacji projektowej inwestycji polegaj\u0105cej na rozbudowie terminalu o nowe stanowisko prze\u0142adunk\u00f3w ropy naftowej i produkt\u00f3w naftowych oraz uzyskaniu wszelkich niezb\u0119dnych zezwole\u0144. To wa\u017cny kamie\u0144 milowy na drodze do zwi\u0119kszenia przepustowo\u015bci Naftoportu, a tym samym wzmocnienia bezpiecze\u0144stwa energetycznego pa\u0144stwa. Po rozbudowie, terminal Naftoport uzyska kolejne, sz\u00f3ste ju\u017c stanowisko, w tym drugie przystosowane do przyjmowania wielkich zbiornikowc\u00f3w oceanicznych klasy VLCC. G\u0142\u00f3wnym celem inwestycji jest wzmocnienie ci\u0105g\u0142o\u015bci operacyjnej oraz pe\u0142nej dost\u0119pno\u015bci Naftoportu dla zg\u0142aszanych dostaw surowcowych.<\/p>\n<p>&nbsp;<\/p>\n\n","protected":false},"excerpt":{"rendered":"<p>Terminale Grupy PERN \u2013 rekordowe obroty w I kwartale 2023 roku Architektura dostaw ropy naftowej i paliw do naszego kraju radykalnie zmieni\u0142a si\u0119 od 24 lutego 2022 roku. Dla nadmorskich terminali Grupy PERN oznacza to &hellip; <a href=\"https:\/\/www.pern.pl\/de\/2023\/04\/18\/terminale-grupy-pern-rekordowe-obroty-w-i-kwartale-2023-roku\/\" class=\"more-link\">Continue reading<span class=\"screen-reader-text\"> &#8222;Terminale Grupy PERN \u2013 rekordowe obroty w I kwartale 2023 roku&#8220;<\/span><\/a><\/p>\n","protected":false},"author":6,"featured_media":47419,"comment_status":"closed","ping_status":"open","sticky":false,"template":"","format":"standard","meta":{"_acf_changed":false,"inline_featured_image":false,"footnotes":""},"categories":[7,8],"tags":[],"class_list":["post-47418","post","type-post","status-publish","format-standard","has-post-thumbnail","hentry","category-komunikaty","category-aktualnosci"],"acf":[],"yoast_head":"<!-- This site is optimized with the Yoast SEO plugin v26.9 - https:\/\/yoast.com\/product\/yoast-seo-wordpress\/ -->\n<title>Terminale Grupy PERN \u2013 rekordowe obroty w I kwartale 2023 roku - PERN<\/title>\n<meta name=\"robots\" content=\"index, follow, max-snippet:-1, max-image-preview:large, max-video-preview:-1\" \/>\n<link rel=\"canonical\" href=\"https:\/\/www.pern.pl\/de\/2023\/04\/18\/terminale-grupy-pern-rekordowe-obroty-w-i-kwartale-2023-roku\/\" \/>\n<meta property=\"og:locale\" content=\"de_DE\" \/>\n<meta property=\"og:type\" content=\"article\" \/>\n<meta property=\"og:title\" content=\"Terminale Grupy PERN \u2013 rekordowe obroty w I kwartale 2023 roku - PERN\" \/>\n<meta property=\"og:description\" content=\"Terminale Grupy PERN \u2013 rekordowe obroty w I kwartale 2023 roku Architektura dostaw ropy naftowej i paliw do naszego kraju radykalnie zmieni\u0142a si\u0119 od 24 lutego 2022 roku. Dla nadmorskich terminali Grupy PERN oznacza to &hellip; Continue reading &quot;Terminale Grupy PERN \u2013 rekordowe obroty w I kwartale 2023 roku&quot;\" \/>\n<meta property=\"og:url\" content=\"https:\/\/www.pern.pl\/de\/2023\/04\/18\/terminale-grupy-pern-rekordowe-obroty-w-i-kwartale-2023-roku\/\" \/>\n<meta property=\"og:site_name\" content=\"PERN\" \/>\n<meta property=\"article:published_time\" content=\"2023-04-18T07:05:03+00:00\" \/>\n<meta property=\"article:modified_time\" content=\"2023-06-22T09:39:29+00:00\" \/>\n<meta property=\"og:image\" content=\"https:\/\/www.pern.pl\/wp-content\/uploads\/2023\/04\/27686f3aa44fae01b099509b9507d44c-scaled.jpg\" \/>\n\t<meta property=\"og:image:width\" content=\"2560\" \/>\n\t<meta property=\"og:image:height\" content=\"853\" \/>\n\t<meta property=\"og:image:type\" content=\"image\/jpeg\" \/>\n<meta name=\"author\" content=\"Centrum Prasowe PERN S.A.\" \/>\n<meta name=\"twitter:card\" content=\"summary_large_image\" \/>\n<meta name=\"twitter:label1\" content=\"Verfasst von\" \/>\n\t<meta name=\"twitter:data1\" content=\"Centrum Prasowe PERN S.A.\" \/>\n\t<meta name=\"twitter:label2\" content=\"Gesch\u00e4tzte Lesezeit\" \/>\n\t<meta name=\"twitter:data2\" content=\"3\u00a0Minuten\" \/>\n<script type=\"application\/ld+json\" class=\"yoast-schema-graph\">{\"@context\":\"https:\/\/schema.org\",\"@graph\":[{\"@type\":\"Article\",\"@id\":\"https:\/\/www.pern.pl\/de\/2023\/04\/18\/terminale-grupy-pern-rekordowe-obroty-w-i-kwartale-2023-roku\/#article\",\"isPartOf\":{\"@id\":\"https:\/\/www.pern.pl\/de\/2023\/04\/18\/terminale-grupy-pern-rekordowe-obroty-w-i-kwartale-2023-roku\/\"},\"author\":{\"name\":\"Centrum Prasowe PERN S.A.\",\"@id\":\"https:\/\/www.pern.pl\/de\/#\/schema\/person\/f31c4cc0c1be42f0cb9d1a055b3e0996\"},\"headline\":\"Terminale Grupy PERN \u2013 rekordowe obroty w I kwartale 2023 roku\",\"datePublished\":\"2023-04-18T07:05:03+00:00\",\"dateModified\":\"2023-06-22T09:39:29+00:00\",\"mainEntityOfPage\":{\"@id\":\"https:\/\/www.pern.pl\/de\/2023\/04\/18\/terminale-grupy-pern-rekordowe-obroty-w-i-kwartale-2023-roku\/\"},\"wordCount\":572,\"image\":{\"@id\":\"https:\/\/www.pern.pl\/de\/2023\/04\/18\/terminale-grupy-pern-rekordowe-obroty-w-i-kwartale-2023-roku\/#primaryimage\"},\"thumbnailUrl\":\"https:\/\/www.pern.pl\/wp-content\/uploads\/2023\/04\/27686f3aa44fae01b099509b9507d44c-scaled.jpg\",\"articleSection\":[\"Komunikaty\",\"Aktualno\u015bci\"],\"inLanguage\":\"de\"},{\"@type\":\"WebPage\",\"@id\":\"https:\/\/www.pern.pl\/de\/2023\/04\/18\/terminale-grupy-pern-rekordowe-obroty-w-i-kwartale-2023-roku\/\",\"url\":\"https:\/\/www.pern.pl\/de\/2023\/04\/18\/terminale-grupy-pern-rekordowe-obroty-w-i-kwartale-2023-roku\/\",\"name\":\"Terminale Grupy PERN \u2013 rekordowe obroty w I kwartale 2023 roku - PERN\",\"isPartOf\":{\"@id\":\"https:\/\/www.pern.pl\/de\/#website\"},\"primaryImageOfPage\":{\"@id\":\"https:\/\/www.pern.pl\/de\/2023\/04\/18\/terminale-grupy-pern-rekordowe-obroty-w-i-kwartale-2023-roku\/#primaryimage\"},\"image\":{\"@id\":\"https:\/\/www.pern.pl\/de\/2023\/04\/18\/terminale-grupy-pern-rekordowe-obroty-w-i-kwartale-2023-roku\/#primaryimage\"},\"thumbnailUrl\":\"https:\/\/www.pern.pl\/wp-content\/uploads\/2023\/04\/27686f3aa44fae01b099509b9507d44c-scaled.jpg\",\"datePublished\":\"2023-04-18T07:05:03+00:00\",\"dateModified\":\"2023-06-22T09:39:29+00:00\",\"author\":{\"@id\":\"https:\/\/www.pern.pl\/de\/#\/schema\/person\/f31c4cc0c1be42f0cb9d1a055b3e0996\"},\"breadcrumb\":{\"@id\":\"https:\/\/www.pern.pl\/de\/2023\/04\/18\/terminale-grupy-pern-rekordowe-obroty-w-i-kwartale-2023-roku\/#breadcrumb\"},\"inLanguage\":\"de\",\"potentialAction\":[{\"@type\":\"ReadAction\",\"target\":[\"https:\/\/www.pern.pl\/de\/2023\/04\/18\/terminale-grupy-pern-rekordowe-obroty-w-i-kwartale-2023-roku\/\"]}]},{\"@type\":\"ImageObject\",\"inLanguage\":\"de\",\"@id\":\"https:\/\/www.pern.pl\/de\/2023\/04\/18\/terminale-grupy-pern-rekordowe-obroty-w-i-kwartale-2023-roku\/#primaryimage\",\"url\":\"https:\/\/www.pern.pl\/wp-content\/uploads\/2023\/04\/27686f3aa44fae01b099509b9507d44c-scaled.jpg\",\"contentUrl\":\"https:\/\/www.pern.pl\/wp-content\/uploads\/2023\/04\/27686f3aa44fae01b099509b9507d44c-scaled.jpg\",\"width\":2560,\"height\":853},{\"@type\":\"BreadcrumbList\",\"@id\":\"https:\/\/www.pern.pl\/de\/2023\/04\/18\/terminale-grupy-pern-rekordowe-obroty-w-i-kwartale-2023-roku\/#breadcrumb\",\"itemListElement\":[{\"@type\":\"ListItem\",\"position\":1,\"name\":\"Homepage\",\"item\":\"https:\/\/www.pern.pl\/de\/\"},{\"@type\":\"ListItem\",\"position\":2,\"name\":\"Terminale Grupy PERN \u2013 rekordowe obroty w I kwartale 2023 roku\"}]},{\"@type\":\"WebSite\",\"@id\":\"https:\/\/www.pern.pl\/de\/#website\",\"url\":\"https:\/\/www.pern.pl\/de\/\",\"name\":\"PERN\",\"description\":\"\",\"potentialAction\":[{\"@type\":\"SearchAction\",\"target\":{\"@type\":\"EntryPoint\",\"urlTemplate\":\"https:\/\/www.pern.pl\/de\/?s={search_term_string}\"},\"query-input\":{\"@type\":\"PropertyValueSpecification\",\"valueRequired\":true,\"valueName\":\"search_term_string\"}}],\"inLanguage\":\"de\"},{\"@type\":\"Person\",\"@id\":\"https:\/\/www.pern.pl\/de\/#\/schema\/person\/f31c4cc0c1be42f0cb9d1a055b3e0996\",\"name\":\"Centrum Prasowe PERN S.A.\",\"image\":{\"@type\":\"ImageObject\",\"inLanguage\":\"de\",\"@id\":\"https:\/\/www.pern.pl\/de\/#\/schema\/person\/image\/\",\"url\":\"https:\/\/secure.gravatar.com\/avatar\/18e99c3405834609f4541514431875a8a466a6bf795000d784439f961b106e8a?s=96&d=mm&r=g\",\"contentUrl\":\"https:\/\/secure.gravatar.com\/avatar\/18e99c3405834609f4541514431875a8a466a6bf795000d784439f961b106e8a?s=96&d=mm&r=g\",\"caption\":\"Centrum Prasowe PERN S.A.\"},\"url\":\"https:\/\/www.pern.pl\/de\/author\/pern-katarzyna-krasinska\/\"}]}<\/script>\n<!-- \/ Yoast SEO plugin. -->","yoast_head_json":{"title":"Terminale Grupy PERN \u2013 rekordowe obroty w I kwartale 2023 roku - PERN","robots":{"index":"index","follow":"follow","max-snippet":"max-snippet:-1","max-image-preview":"max-image-preview:large","max-video-preview":"max-video-preview:-1"},"canonical":"https:\/\/www.pern.pl\/de\/2023\/04\/18\/terminale-grupy-pern-rekordowe-obroty-w-i-kwartale-2023-roku\/","og_locale":"de_DE","og_type":"article","og_title":"Terminale Grupy PERN \u2013 rekordowe obroty w I kwartale 2023 roku - PERN","og_description":"Terminale Grupy PERN \u2013 rekordowe obroty w I kwartale 2023 roku Architektura dostaw ropy naftowej i paliw do naszego kraju radykalnie zmieni\u0142a si\u0119 od 24 lutego 2022 roku. Dla nadmorskich terminali Grupy PERN oznacza to &hellip; Continue reading \"Terminale Grupy PERN \u2013 rekordowe obroty w I kwartale 2023 roku\"","og_url":"https:\/\/www.pern.pl\/de\/2023\/04\/18\/terminale-grupy-pern-rekordowe-obroty-w-i-kwartale-2023-roku\/","og_site_name":"PERN","article_published_time":"2023-04-18T07:05:03+00:00","article_modified_time":"2023-06-22T09:39:29+00:00","og_image":[{"width":2560,"height":853,"url":"https:\/\/www.pern.pl\/wp-content\/uploads\/2023\/04\/27686f3aa44fae01b099509b9507d44c-scaled.jpg","type":"image\/jpeg"}],"author":"Centrum Prasowe PERN S.A.","twitter_card":"summary_large_image","twitter_misc":{"Verfasst von":"Centrum Prasowe PERN S.A.","Gesch\u00e4tzte Lesezeit":"3\u00a0Minuten"},"schema":{"@context":"https:\/\/schema.org","@graph":[{"@type":"Article","@id":"https:\/\/www.pern.pl\/de\/2023\/04\/18\/terminale-grupy-pern-rekordowe-obroty-w-i-kwartale-2023-roku\/#article","isPartOf":{"@id":"https:\/\/www.pern.pl\/de\/2023\/04\/18\/terminale-grupy-pern-rekordowe-obroty-w-i-kwartale-2023-roku\/"},"author":{"name":"Centrum Prasowe PERN S.A.","@id":"https:\/\/www.pern.pl\/de\/#\/schema\/person\/f31c4cc0c1be42f0cb9d1a055b3e0996"},"headline":"Terminale Grupy PERN \u2013 rekordowe obroty w I kwartale 2023 roku","datePublished":"2023-04-18T07:05:03+00:00","dateModified":"2023-06-22T09:39:29+00:00","mainEntityOfPage":{"@id":"https:\/\/www.pern.pl\/de\/2023\/04\/18\/terminale-grupy-pern-rekordowe-obroty-w-i-kwartale-2023-roku\/"},"wordCount":572,"image":{"@id":"https:\/\/www.pern.pl\/de\/2023\/04\/18\/terminale-grupy-pern-rekordowe-obroty-w-i-kwartale-2023-roku\/#primaryimage"},"thumbnailUrl":"https:\/\/www.pern.pl\/wp-content\/uploads\/2023\/04\/27686f3aa44fae01b099509b9507d44c-scaled.jpg","articleSection":["Komunikaty","Aktualno\u015bci"],"inLanguage":"de"},{"@type":"WebPage","@id":"https:\/\/www.pern.pl\/de\/2023\/04\/18\/terminale-grupy-pern-rekordowe-obroty-w-i-kwartale-2023-roku\/","url":"https:\/\/www.pern.pl\/de\/2023\/04\/18\/terminale-grupy-pern-rekordowe-obroty-w-i-kwartale-2023-roku\/","name":"Terminale Grupy PERN \u2013 rekordowe obroty w I kwartale 2023 roku - PERN","isPartOf":{"@id":"https:\/\/www.pern.pl\/de\/#website"},"primaryImageOfPage":{"@id":"https:\/\/www.pern.pl\/de\/2023\/04\/18\/terminale-grupy-pern-rekordowe-obroty-w-i-kwartale-2023-roku\/#primaryimage"},"image":{"@id":"https:\/\/www.pern.pl\/de\/2023\/04\/18\/terminale-grupy-pern-rekordowe-obroty-w-i-kwartale-2023-roku\/#primaryimage"},"thumbnailUrl":"https:\/\/www.pern.pl\/wp-content\/uploads\/2023\/04\/27686f3aa44fae01b099509b9507d44c-scaled.jpg","datePublished":"2023-04-18T07:05:03+00:00","dateModified":"2023-06-22T09:39:29+00:00","author":{"@id":"https:\/\/www.pern.pl\/de\/#\/schema\/person\/f31c4cc0c1be42f0cb9d1a055b3e0996"},"breadcrumb":{"@id":"https:\/\/www.pern.pl\/de\/2023\/04\/18\/terminale-grupy-pern-rekordowe-obroty-w-i-kwartale-2023-roku\/#breadcrumb"},"inLanguage":"de","potentialAction":[{"@type":"ReadAction","target":["https:\/\/www.pern.pl\/de\/2023\/04\/18\/terminale-grupy-pern-rekordowe-obroty-w-i-kwartale-2023-roku\/"]}]},{"@type":"ImageObject","inLanguage":"de","@id":"https:\/\/www.pern.pl\/de\/2023\/04\/18\/terminale-grupy-pern-rekordowe-obroty-w-i-kwartale-2023-roku\/#primaryimage","url":"https:\/\/www.pern.pl\/wp-content\/uploads\/2023\/04\/27686f3aa44fae01b099509b9507d44c-scaled.jpg","contentUrl":"https:\/\/www.pern.pl\/wp-content\/uploads\/2023\/04\/27686f3aa44fae01b099509b9507d44c-scaled.jpg","width":2560,"height":853},{"@type":"BreadcrumbList","@id":"https:\/\/www.pern.pl\/de\/2023\/04\/18\/terminale-grupy-pern-rekordowe-obroty-w-i-kwartale-2023-roku\/#breadcrumb","itemListElement":[{"@type":"ListItem","position":1,"name":"Homepage","item":"https:\/\/www.pern.pl\/de\/"},{"@type":"ListItem","position":2,"name":"Terminale Grupy PERN \u2013 rekordowe obroty w I kwartale 2023 roku"}]},{"@type":"WebSite","@id":"https:\/\/www.pern.pl\/de\/#website","url":"https:\/\/www.pern.pl\/de\/","name":"PERN","description":"","potentialAction":[{"@type":"SearchAction","target":{"@type":"EntryPoint","urlTemplate":"https:\/\/www.pern.pl\/de\/?s={search_term_string}"},"query-input":{"@type":"PropertyValueSpecification","valueRequired":true,"valueName":"search_term_string"}}],"inLanguage":"de"},{"@type":"Person","@id":"https:\/\/www.pern.pl\/de\/#\/schema\/person\/f31c4cc0c1be42f0cb9d1a055b3e0996","name":"Centrum Prasowe PERN S.A.","image":{"@type":"ImageObject","inLanguage":"de","@id":"https:\/\/www.pern.pl\/de\/#\/schema\/person\/image\/","url":"https:\/\/secure.gravatar.com\/avatar\/18e99c3405834609f4541514431875a8a466a6bf795000d784439f961b106e8a?s=96&d=mm&r=g","contentUrl":"https:\/\/secure.gravatar.com\/avatar\/18e99c3405834609f4541514431875a8a466a6bf795000d784439f961b106e8a?s=96&d=mm&r=g","caption":"Centrum Prasowe PERN S.A."},"url":"https:\/\/www.pern.pl\/de\/author\/pern-katarzyna-krasinska\/"}]}},"_links":{"self":[{"href":"https:\/\/www.pern.pl\/de\/wp-json\/wp\/v2\/posts\/47418","targetHints":{"allow":["GET"]}}],"collection":[{"href":"https:\/\/www.pern.pl\/de\/wp-json\/wp\/v2\/posts"}],"about":[{"href":"https:\/\/www.pern.pl\/de\/wp-json\/wp\/v2\/types\/post"}],"author":[{"embeddable":true,"href":"https:\/\/www.pern.pl\/de\/wp-json\/wp\/v2\/users\/6"}],"replies":[{"embeddable":true,"href":"https:\/\/www.pern.pl\/de\/wp-json\/wp\/v2\/comments?post=47418"}],"version-history":[{"count":0,"href":"https:\/\/www.pern.pl\/de\/wp-json\/wp\/v2\/posts\/47418\/revisions"}],"wp:featuredmedia":[{"embeddable":true,"href":"https:\/\/www.pern.pl\/de\/wp-json\/wp\/v2\/media\/47419"}],"wp:attachment":[{"href":"https:\/\/www.pern.pl\/de\/wp-json\/wp\/v2\/media?parent=47418"}],"wp:term":[{"taxonomy":"category","embeddable":true,"href":"https:\/\/www.pern.pl\/de\/wp-json\/wp\/v2\/categories?post=47418"},{"taxonomy":"post_tag","embeddable":true,"href":"https:\/\/www.pern.pl\/de\/wp-json\/wp\/v2\/tags?post=47418"}],"curies":[{"name":"wp","href":"https:\/\/api.w.org\/{rel}","templated":true}]}}