{"id":23713,"date":"2022-08-19T11:32:42","date_gmt":"2022-08-19T09:32:42","guid":{"rendered":"https:\/\/pern.pl\/?p=23713"},"modified":"2023-06-22T11:53:45","modified_gmt":"2023-06-22T09:53:45","slug":"naftor-otrzymal-swiadectwo-bezpieczenstwa-przemyslowego","status":"publish","type":"post","link":"https:\/\/www.pern.pl\/de\/2022\/08\/19\/naftor-otrzymal-swiadectwo-bezpieczenstwa-przemyslowego\/","title":{"rendered":"Naftor otrzyma\u0142 \u015awiadectwo Bezpiecze\u0144stwa Przemys\u0142owego"},"content":{"rendered":"<p>Naftor otrzyma\u0142 \u015awiadectwo Bezpiecze\u0144stwa Przemys\u0142owego<\/p>\n<p>Agencja Bezpiecze\u0144stwa Wewn\u0119trznego zako\u0144czy\u0142a post\u0119powanie wobec sp\u00f3\u0142ki Naftor, nale\u017c\u0105cej do Grupy PERN i wyda\u0142a cztery \u015bwiadectwa bezpiecze\u0144stwa przemys\u0142owego Trzeciego Stopnia potwierdzaj\u0105ce zdolno\u015b\u0107 do ochrony informacji niejawnych, oznaczone:<\/p>\n<p>&nbsp;<\/p>\n<ol>\n<li>klauzul\u0105 \u201eTAJNE&#8220; na okres do 17.06.2029 r., klauzul\u0105 \u201ePOUFNE&#8220; na okres do 17.06.2032,<\/li>\n<li>klauzul\u0105 \u201eNATO SECRET&#8220; na okres do 17.06.2029 r., klauzul\u0105 \u201eNATO CONFIDETIAL&#8220; na okres do 17.06.2032 r.,<\/li>\n<li>klauzul\u0105 \u00a0\u201eUEIEU SECRET&#8220; \u00a0na okres do 17.06.2029 r., klauzul\u0105 \u201eUEIEU CONFIDENTIAL&#8220; na okres do 17.06.2032 r.,<\/li>\n<li>klauzul\u0105 \u201eESA SECRET&#8220; o nr SBPCK0083222S na okres do 17.06.2029 r., klauzul\u0105 \u201eESA CONFIDENTIAL&#8220; na okres do 17.06.2032 r.<\/li>\n<\/ol>\n<p>Post\u0119powanie bezpiecze\u0144stwa przemys\u0142owego mia\u0142o na celu ustalenie czy Naftor posiada zdolno\u015bci do ochrony informacji niejawnych, m.in. w aspektach: finansowym, organizacyjnym, kadrowym. Do\u0142\u0105czyli\u015bmy do w\u0105skiego grona podmiot\u00f3w posiadaj\u0105cych przedmiotowe \u015bwiadectwa o klauzuli \u201eTajne&#8220;, co w kontek\u015bcie zajmowanej kluczowej pozycji w szeroko poj\u0119tym obszarze bezpiecze\u0144stwa pa\u0144stwa oraz obrotu specjalnego ma ogromne znaczenie &#8211; zwi\u0119ksza zakres mo\u017cliwo\u015bci realizowania um\u00f3w i \u015bwiadczonych us\u0142ug.<\/p>\n<p>Dodatkowo, Agencja Bezpiecze\u0144stwa Wewn\u0119trznego po przeprowadzeniu audytu i zatwierdzeniu w\u0142a\u015bciwej dokumentacji niejawnego systemu teleinformatycznego \u201eBSI NAFTOR PF&#8220;, wyda\u0142a \u015bwiadectwo akredytacji bezpiecze\u0144stwa systemu teleinformatycznego o nr 118\/2022 na okres do 31.05.2027 r.<\/p>\n<p>&nbsp;<\/p>\n\n","protected":false},"excerpt":{"rendered":"<p>Naftor otrzyma\u0142 \u015awiadectwo Bezpiecze\u0144stwa Przemys\u0142owego Agencja Bezpiecze\u0144stwa Wewn\u0119trznego zako\u0144czy\u0142a post\u0119powanie wobec sp\u00f3\u0142ki Naftor, nale\u017c\u0105cej do Grupy PERN i wyda\u0142a cztery \u015bwiadectwa bezpiecze\u0144stwa przemys\u0142owego Trzeciego Stopnia potwierdzaj\u0105ce zdolno\u015b\u0107 do ochrony informacji niejawnych, oznaczone: &nbsp; klauzul\u0105 \u201eTAJNE&#8220; &hellip; <a href=\"https:\/\/www.pern.pl\/de\/2022\/08\/19\/naftor-otrzymal-swiadectwo-bezpieczenstwa-przemyslowego\/\" class=\"more-link\">Continue reading<span class=\"screen-reader-text\"> &#8222;Naftor otrzyma\u0142 \u015awiadectwo Bezpiecze\u0144stwa Przemys\u0142owego&#8220;<\/span><\/a><\/p>\n","protected":false},"author":6,"featured_media":44980,"comment_status":"closed","ping_status":"closed","sticky":false,"template":"","format":"standard","meta":{"_acf_changed":false,"inline_featured_image":false,"footnotes":""},"categories":[7,8],"tags":[],"class_list":["post-23713","post","type-post","status-publish","format-standard","has-post-thumbnail","hentry","category-komunikaty","category-aktualnosci"],"acf":[],"yoast_head":"<!-- This site is optimized with the Yoast SEO plugin v26.9 - https:\/\/yoast.com\/product\/yoast-seo-wordpress\/ -->\n<title>Naftor otrzyma\u0142 \u015awiadectwo Bezpiecze\u0144stwa Przemys\u0142owego - PERN<\/title>\n<meta name=\"robots\" content=\"index, follow, max-snippet:-1, max-image-preview:large, max-video-preview:-1\" \/>\n<link rel=\"canonical\" href=\"https:\/\/www.pern.pl\/de\/2022\/08\/19\/naftor-otrzymal-swiadectwo-bezpieczenstwa-przemyslowego\/\" \/>\n<meta property=\"og:locale\" content=\"de_DE\" \/>\n<meta property=\"og:type\" content=\"article\" \/>\n<meta property=\"og:title\" content=\"Naftor otrzyma\u0142 \u015awiadectwo Bezpiecze\u0144stwa Przemys\u0142owego - PERN\" \/>\n<meta property=\"og:description\" content=\"Naftor otrzyma\u0142 \u015awiadectwo Bezpiecze\u0144stwa Przemys\u0142owego Agencja Bezpiecze\u0144stwa Wewn\u0119trznego zako\u0144czy\u0142a post\u0119powanie wobec sp\u00f3\u0142ki Naftor, nale\u017c\u0105cej do Grupy PERN i wyda\u0142a cztery \u015bwiadectwa bezpiecze\u0144stwa przemys\u0142owego Trzeciego Stopnia potwierdzaj\u0105ce zdolno\u015b\u0107 do ochrony informacji niejawnych, oznaczone: &nbsp; klauzul\u0105 \u201eTAJNE&#8220; &hellip; Continue reading &quot;Naftor otrzyma\u0142 \u015awiadectwo Bezpiecze\u0144stwa Przemys\u0142owego&quot;\" \/>\n<meta property=\"og:url\" content=\"https:\/\/www.pern.pl\/de\/2022\/08\/19\/naftor-otrzymal-swiadectwo-bezpieczenstwa-przemyslowego\/\" \/>\n<meta property=\"og:site_name\" content=\"PERN\" \/>\n<meta property=\"article:published_time\" content=\"2022-08-19T09:32:42+00:00\" \/>\n<meta property=\"article:modified_time\" content=\"2023-06-22T09:53:45+00:00\" \/>\n<meta property=\"og:image\" content=\"https:\/\/www.pern.pl\/wp-content\/uploads\/2022\/08\/c227805cf6b05751a4c426f932fdcb81-2464.jpg\" \/>\n\t<meta property=\"og:image:width\" content=\"2420\" \/>\n\t<meta property=\"og:image:height\" content=\"1210\" \/>\n\t<meta property=\"og:image:type\" content=\"image\/jpeg\" \/>\n<meta name=\"author\" content=\"Centrum Prasowe PERN S.A.\" \/>\n<meta name=\"twitter:card\" content=\"summary_large_image\" \/>\n<meta name=\"twitter:label1\" content=\"Verfasst von\" \/>\n\t<meta name=\"twitter:data1\" content=\"Centrum Prasowe PERN S.A.\" \/>\n\t<meta name=\"twitter:label2\" content=\"Gesch\u00e4tzte Lesezeit\" \/>\n\t<meta name=\"twitter:data2\" content=\"2\u00a0Minuten\" \/>\n<script type=\"application\/ld+json\" class=\"yoast-schema-graph\">{\"@context\":\"https:\/\/schema.org\",\"@graph\":[{\"@type\":\"Article\",\"@id\":\"https:\/\/www.pern.pl\/de\/2022\/08\/19\/naftor-otrzymal-swiadectwo-bezpieczenstwa-przemyslowego\/#article\",\"isPartOf\":{\"@id\":\"https:\/\/www.pern.pl\/de\/2022\/08\/19\/naftor-otrzymal-swiadectwo-bezpieczenstwa-przemyslowego\/\"},\"author\":{\"name\":\"Centrum Prasowe PERN S.A.\",\"@id\":\"https:\/\/www.pern.pl\/de\/#\/schema\/person\/f31c4cc0c1be42f0cb9d1a055b3e0996\"},\"headline\":\"Naftor otrzyma\u0142 \u015awiadectwo Bezpiecze\u0144stwa Przemys\u0142owego\",\"datePublished\":\"2022-08-19T09:32:42+00:00\",\"dateModified\":\"2023-06-22T09:53:45+00:00\",\"mainEntityOfPage\":{\"@id\":\"https:\/\/www.pern.pl\/de\/2022\/08\/19\/naftor-otrzymal-swiadectwo-bezpieczenstwa-przemyslowego\/\"},\"wordCount\":228,\"image\":{\"@id\":\"https:\/\/www.pern.pl\/de\/2022\/08\/19\/naftor-otrzymal-swiadectwo-bezpieczenstwa-przemyslowego\/#primaryimage\"},\"thumbnailUrl\":\"https:\/\/www.pern.pl\/wp-content\/uploads\/2022\/08\/c227805cf6b05751a4c426f932fdcb81-2464.jpg\",\"articleSection\":[\"Komunikaty\",\"Aktualno\u015bci\"],\"inLanguage\":\"de\"},{\"@type\":\"WebPage\",\"@id\":\"https:\/\/www.pern.pl\/de\/2022\/08\/19\/naftor-otrzymal-swiadectwo-bezpieczenstwa-przemyslowego\/\",\"url\":\"https:\/\/www.pern.pl\/de\/2022\/08\/19\/naftor-otrzymal-swiadectwo-bezpieczenstwa-przemyslowego\/\",\"name\":\"Naftor otrzyma\u0142 \u015awiadectwo Bezpiecze\u0144stwa Przemys\u0142owego - PERN\",\"isPartOf\":{\"@id\":\"https:\/\/www.pern.pl\/de\/#website\"},\"primaryImageOfPage\":{\"@id\":\"https:\/\/www.pern.pl\/de\/2022\/08\/19\/naftor-otrzymal-swiadectwo-bezpieczenstwa-przemyslowego\/#primaryimage\"},\"image\":{\"@id\":\"https:\/\/www.pern.pl\/de\/2022\/08\/19\/naftor-otrzymal-swiadectwo-bezpieczenstwa-przemyslowego\/#primaryimage\"},\"thumbnailUrl\":\"https:\/\/www.pern.pl\/wp-content\/uploads\/2022\/08\/c227805cf6b05751a4c426f932fdcb81-2464.jpg\",\"datePublished\":\"2022-08-19T09:32:42+00:00\",\"dateModified\":\"2023-06-22T09:53:45+00:00\",\"author\":{\"@id\":\"https:\/\/www.pern.pl\/de\/#\/schema\/person\/f31c4cc0c1be42f0cb9d1a055b3e0996\"},\"breadcrumb\":{\"@id\":\"https:\/\/www.pern.pl\/de\/2022\/08\/19\/naftor-otrzymal-swiadectwo-bezpieczenstwa-przemyslowego\/#breadcrumb\"},\"inLanguage\":\"de\",\"potentialAction\":[{\"@type\":\"ReadAction\",\"target\":[\"https:\/\/www.pern.pl\/de\/2022\/08\/19\/naftor-otrzymal-swiadectwo-bezpieczenstwa-przemyslowego\/\"]}]},{\"@type\":\"ImageObject\",\"inLanguage\":\"de\",\"@id\":\"https:\/\/www.pern.pl\/de\/2022\/08\/19\/naftor-otrzymal-swiadectwo-bezpieczenstwa-przemyslowego\/#primaryimage\",\"url\":\"https:\/\/www.pern.pl\/wp-content\/uploads\/2022\/08\/c227805cf6b05751a4c426f932fdcb81-2464.jpg\",\"contentUrl\":\"https:\/\/www.pern.pl\/wp-content\/uploads\/2022\/08\/c227805cf6b05751a4c426f932fdcb81-2464.jpg\",\"width\":2420,\"height\":1210},{\"@type\":\"BreadcrumbList\",\"@id\":\"https:\/\/www.pern.pl\/de\/2022\/08\/19\/naftor-otrzymal-swiadectwo-bezpieczenstwa-przemyslowego\/#breadcrumb\",\"itemListElement\":[{\"@type\":\"ListItem\",\"position\":1,\"name\":\"Homepage\",\"item\":\"https:\/\/www.pern.pl\/de\/\"},{\"@type\":\"ListItem\",\"position\":2,\"name\":\"Naftor otrzyma\u0142 \u015awiadectwo Bezpiecze\u0144stwa Przemys\u0142owego\"}]},{\"@type\":\"WebSite\",\"@id\":\"https:\/\/www.pern.pl\/de\/#website\",\"url\":\"https:\/\/www.pern.pl\/de\/\",\"name\":\"PERN\",\"description\":\"\",\"potentialAction\":[{\"@type\":\"SearchAction\",\"target\":{\"@type\":\"EntryPoint\",\"urlTemplate\":\"https:\/\/www.pern.pl\/de\/?s={search_term_string}\"},\"query-input\":{\"@type\":\"PropertyValueSpecification\",\"valueRequired\":true,\"valueName\":\"search_term_string\"}}],\"inLanguage\":\"de\"},{\"@type\":\"Person\",\"@id\":\"https:\/\/www.pern.pl\/de\/#\/schema\/person\/f31c4cc0c1be42f0cb9d1a055b3e0996\",\"name\":\"Centrum Prasowe PERN S.A.\",\"image\":{\"@type\":\"ImageObject\",\"inLanguage\":\"de\",\"@id\":\"https:\/\/www.pern.pl\/de\/#\/schema\/person\/image\/\",\"url\":\"https:\/\/secure.gravatar.com\/avatar\/18e99c3405834609f4541514431875a8a466a6bf795000d784439f961b106e8a?s=96&d=mm&r=g\",\"contentUrl\":\"https:\/\/secure.gravatar.com\/avatar\/18e99c3405834609f4541514431875a8a466a6bf795000d784439f961b106e8a?s=96&d=mm&r=g\",\"caption\":\"Centrum Prasowe PERN S.A.\"},\"url\":\"https:\/\/www.pern.pl\/de\/author\/pern-katarzyna-krasinska\/\"}]}<\/script>\n<!-- \/ Yoast SEO plugin. -->","yoast_head_json":{"title":"Naftor otrzyma\u0142 \u015awiadectwo Bezpiecze\u0144stwa Przemys\u0142owego - PERN","robots":{"index":"index","follow":"follow","max-snippet":"max-snippet:-1","max-image-preview":"max-image-preview:large","max-video-preview":"max-video-preview:-1"},"canonical":"https:\/\/www.pern.pl\/de\/2022\/08\/19\/naftor-otrzymal-swiadectwo-bezpieczenstwa-przemyslowego\/","og_locale":"de_DE","og_type":"article","og_title":"Naftor otrzyma\u0142 \u015awiadectwo Bezpiecze\u0144stwa Przemys\u0142owego - PERN","og_description":"Naftor otrzyma\u0142 \u015awiadectwo Bezpiecze\u0144stwa Przemys\u0142owego Agencja Bezpiecze\u0144stwa Wewn\u0119trznego zako\u0144czy\u0142a post\u0119powanie wobec sp\u00f3\u0142ki Naftor, nale\u017c\u0105cej do Grupy PERN i wyda\u0142a cztery \u015bwiadectwa bezpiecze\u0144stwa przemys\u0142owego Trzeciego Stopnia potwierdzaj\u0105ce zdolno\u015b\u0107 do ochrony informacji niejawnych, oznaczone: &nbsp; klauzul\u0105 \u201eTAJNE&#8220; &hellip; Continue reading \"Naftor otrzyma\u0142 \u015awiadectwo Bezpiecze\u0144stwa Przemys\u0142owego\"","og_url":"https:\/\/www.pern.pl\/de\/2022\/08\/19\/naftor-otrzymal-swiadectwo-bezpieczenstwa-przemyslowego\/","og_site_name":"PERN","article_published_time":"2022-08-19T09:32:42+00:00","article_modified_time":"2023-06-22T09:53:45+00:00","og_image":[{"width":2420,"height":1210,"url":"https:\/\/www.pern.pl\/wp-content\/uploads\/2022\/08\/c227805cf6b05751a4c426f932fdcb81-2464.jpg","type":"image\/jpeg"}],"author":"Centrum Prasowe PERN S.A.","twitter_card":"summary_large_image","twitter_misc":{"Verfasst von":"Centrum Prasowe PERN S.A.","Gesch\u00e4tzte Lesezeit":"2\u00a0Minuten"},"schema":{"@context":"https:\/\/schema.org","@graph":[{"@type":"Article","@id":"https:\/\/www.pern.pl\/de\/2022\/08\/19\/naftor-otrzymal-swiadectwo-bezpieczenstwa-przemyslowego\/#article","isPartOf":{"@id":"https:\/\/www.pern.pl\/de\/2022\/08\/19\/naftor-otrzymal-swiadectwo-bezpieczenstwa-przemyslowego\/"},"author":{"name":"Centrum Prasowe PERN S.A.","@id":"https:\/\/www.pern.pl\/de\/#\/schema\/person\/f31c4cc0c1be42f0cb9d1a055b3e0996"},"headline":"Naftor otrzyma\u0142 \u015awiadectwo Bezpiecze\u0144stwa Przemys\u0142owego","datePublished":"2022-08-19T09:32:42+00:00","dateModified":"2023-06-22T09:53:45+00:00","mainEntityOfPage":{"@id":"https:\/\/www.pern.pl\/de\/2022\/08\/19\/naftor-otrzymal-swiadectwo-bezpieczenstwa-przemyslowego\/"},"wordCount":228,"image":{"@id":"https:\/\/www.pern.pl\/de\/2022\/08\/19\/naftor-otrzymal-swiadectwo-bezpieczenstwa-przemyslowego\/#primaryimage"},"thumbnailUrl":"https:\/\/www.pern.pl\/wp-content\/uploads\/2022\/08\/c227805cf6b05751a4c426f932fdcb81-2464.jpg","articleSection":["Komunikaty","Aktualno\u015bci"],"inLanguage":"de"},{"@type":"WebPage","@id":"https:\/\/www.pern.pl\/de\/2022\/08\/19\/naftor-otrzymal-swiadectwo-bezpieczenstwa-przemyslowego\/","url":"https:\/\/www.pern.pl\/de\/2022\/08\/19\/naftor-otrzymal-swiadectwo-bezpieczenstwa-przemyslowego\/","name":"Naftor otrzyma\u0142 \u015awiadectwo Bezpiecze\u0144stwa Przemys\u0142owego - PERN","isPartOf":{"@id":"https:\/\/www.pern.pl\/de\/#website"},"primaryImageOfPage":{"@id":"https:\/\/www.pern.pl\/de\/2022\/08\/19\/naftor-otrzymal-swiadectwo-bezpieczenstwa-przemyslowego\/#primaryimage"},"image":{"@id":"https:\/\/www.pern.pl\/de\/2022\/08\/19\/naftor-otrzymal-swiadectwo-bezpieczenstwa-przemyslowego\/#primaryimage"},"thumbnailUrl":"https:\/\/www.pern.pl\/wp-content\/uploads\/2022\/08\/c227805cf6b05751a4c426f932fdcb81-2464.jpg","datePublished":"2022-08-19T09:32:42+00:00","dateModified":"2023-06-22T09:53:45+00:00","author":{"@id":"https:\/\/www.pern.pl\/de\/#\/schema\/person\/f31c4cc0c1be42f0cb9d1a055b3e0996"},"breadcrumb":{"@id":"https:\/\/www.pern.pl\/de\/2022\/08\/19\/naftor-otrzymal-swiadectwo-bezpieczenstwa-przemyslowego\/#breadcrumb"},"inLanguage":"de","potentialAction":[{"@type":"ReadAction","target":["https:\/\/www.pern.pl\/de\/2022\/08\/19\/naftor-otrzymal-swiadectwo-bezpieczenstwa-przemyslowego\/"]}]},{"@type":"ImageObject","inLanguage":"de","@id":"https:\/\/www.pern.pl\/de\/2022\/08\/19\/naftor-otrzymal-swiadectwo-bezpieczenstwa-przemyslowego\/#primaryimage","url":"https:\/\/www.pern.pl\/wp-content\/uploads\/2022\/08\/c227805cf6b05751a4c426f932fdcb81-2464.jpg","contentUrl":"https:\/\/www.pern.pl\/wp-content\/uploads\/2022\/08\/c227805cf6b05751a4c426f932fdcb81-2464.jpg","width":2420,"height":1210},{"@type":"BreadcrumbList","@id":"https:\/\/www.pern.pl\/de\/2022\/08\/19\/naftor-otrzymal-swiadectwo-bezpieczenstwa-przemyslowego\/#breadcrumb","itemListElement":[{"@type":"ListItem","position":1,"name":"Homepage","item":"https:\/\/www.pern.pl\/de\/"},{"@type":"ListItem","position":2,"name":"Naftor otrzyma\u0142 \u015awiadectwo Bezpiecze\u0144stwa Przemys\u0142owego"}]},{"@type":"WebSite","@id":"https:\/\/www.pern.pl\/de\/#website","url":"https:\/\/www.pern.pl\/de\/","name":"PERN","description":"","potentialAction":[{"@type":"SearchAction","target":{"@type":"EntryPoint","urlTemplate":"https:\/\/www.pern.pl\/de\/?s={search_term_string}"},"query-input":{"@type":"PropertyValueSpecification","valueRequired":true,"valueName":"search_term_string"}}],"inLanguage":"de"},{"@type":"Person","@id":"https:\/\/www.pern.pl\/de\/#\/schema\/person\/f31c4cc0c1be42f0cb9d1a055b3e0996","name":"Centrum Prasowe PERN S.A.","image":{"@type":"ImageObject","inLanguage":"de","@id":"https:\/\/www.pern.pl\/de\/#\/schema\/person\/image\/","url":"https:\/\/secure.gravatar.com\/avatar\/18e99c3405834609f4541514431875a8a466a6bf795000d784439f961b106e8a?s=96&d=mm&r=g","contentUrl":"https:\/\/secure.gravatar.com\/avatar\/18e99c3405834609f4541514431875a8a466a6bf795000d784439f961b106e8a?s=96&d=mm&r=g","caption":"Centrum Prasowe PERN S.A."},"url":"https:\/\/www.pern.pl\/de\/author\/pern-katarzyna-krasinska\/"}]}},"_links":{"self":[{"href":"https:\/\/www.pern.pl\/de\/wp-json\/wp\/v2\/posts\/23713","targetHints":{"allow":["GET"]}}],"collection":[{"href":"https:\/\/www.pern.pl\/de\/wp-json\/wp\/v2\/posts"}],"about":[{"href":"https:\/\/www.pern.pl\/de\/wp-json\/wp\/v2\/types\/post"}],"author":[{"embeddable":true,"href":"https:\/\/www.pern.pl\/de\/wp-json\/wp\/v2\/users\/6"}],"replies":[{"embeddable":true,"href":"https:\/\/www.pern.pl\/de\/wp-json\/wp\/v2\/comments?post=23713"}],"version-history":[{"count":0,"href":"https:\/\/www.pern.pl\/de\/wp-json\/wp\/v2\/posts\/23713\/revisions"}],"wp:featuredmedia":[{"embeddable":true,"href":"https:\/\/www.pern.pl\/de\/wp-json\/wp\/v2\/media\/44980"}],"wp:attachment":[{"href":"https:\/\/www.pern.pl\/de\/wp-json\/wp\/v2\/media?parent=23713"}],"wp:term":[{"taxonomy":"category","embeddable":true,"href":"https:\/\/www.pern.pl\/de\/wp-json\/wp\/v2\/categories?post=23713"},{"taxonomy":"post_tag","embeddable":true,"href":"https:\/\/www.pern.pl\/de\/wp-json\/wp\/v2\/tags?post=23713"}],"curies":[{"name":"wp","href":"https:\/\/api.w.org\/{rel}","templated":true}]}}