{"id":20606,"date":"2020-12-22T10:33:56","date_gmt":"2020-12-22T09:33:56","guid":{"rendered":"https:\/\/pern.pl\/?p=20606"},"modified":"2023-06-22T12:40:41","modified_gmt":"2023-06-22T10:40:41","slug":"pern-tworzymy-paliwowy-hub-morski-w-debogorzu","status":"publish","type":"post","link":"https:\/\/www.pern.pl\/de\/2020\/12\/22\/pern-tworzymy-paliwowy-hub-morski-w-debogorzu\/","title":{"rendered":"PERN: Tworzymy paliwowy hub morski w D\u0119bog\u00f3rzu"},"content":{"rendered":"<p>PERN: Tworzymy paliwowy hub morski w D\u0119bog\u00f3rzu<\/p>\n<p>O po\u0142ow\u0119 wi\u0119ksza liczba za\u0142adowanych cystern kolejowych w nadmorskiej bazie paliw PERN w D\u0119bog\u00f3rzu, a w efekcie stabilizacja krajowego i mi\u0119dzynarodowego rynku logistyki produkt\u00f3w naftowych \u2013 to g\u0142\u00f3wny pow\u00f3d dla kt\u00f3rego firma rozpocz\u0119\u0142a modernizacj\u0119 tej bazy. Inwestycja jest istotna dla Klient\u00f3w, kt\u00f3rzy po jej zako\u0144czeniu b\u0119d\u0105 mogli zwi\u0119kszy\u0107 liczb\u0119 realizowanych prze\u0142adunk\u00f3w. Rozbudowa infrastruktury pozwoli r\u00f3wnie\u017c podnie\u015b\u0107 jako\u015b\u0107 \u015bwiadczonych obecnie us\u0142ug. Wykonawc\u0105 modernizacji b\u0119dzie firma Colas Rail Polska Sp. z o.o.<\/p>\n<p>Terminal produkt\u00f3w naftowych w D\u0119bog\u00f3rzu stanowi aktualnie jeden z filar\u00f3w zdywersyfikowanego systemu zaopatrywania Polski w paliwa p\u0142ynne. Jest jedynym w kraju terminalem prze\u0142adunkowym, kt\u00f3ry umo\u017cliwia na znaczn\u0105 skal\u0119 import paliwa drog\u0105 morsk\u0105 z dowolnego regionu \u015bwiata. Realizowane przez PERN inwestycje pozwol\u0105 bazie paliw w D\u0119bog\u00f3rzu zwi\u0119kszy\u0107 potencja\u0142 tzw. Paliwowego Hubu Morskiego. Kompleksowy plan rozwoju bazy obejmuje m.in. rozbudow\u0119 pojemno\u015bci magazynowych, modernizacj\u0119 i rozbudow\u0119 instalacji transportu ruroci\u0105gowego oraz zwi\u0119kszenie zdolno\u015bci prze\u0142adunkowych nabrze\u017ca tankowc\u00f3w, realizowane we wsp\u00f3\u0142pracy z Zarz\u0105dem Portu Morskiego Gdynia S.A.<\/p>\n<p>Zwi\u0119kszenie mo\u017cliwo\u015bci za\u0142adunkowych jest kluczowym elementem rozwoju bazy w D\u0119bog\u00f3rzu jako polskiego \u201epaliwowego okna na \u015bwiat\u201d. Obecnie terminal obs\u0142uguje przede wszystkim prze\u0142adunek paliw z tankowc\u00f3w, przybijaj\u0105cych do nabrze\u017cy portu w Gdyni. Nast\u0119pnie produkt jest transportowany do g\u0142\u00f3wnej cz\u0119\u015bci magazynowej bazy poprzez infrastruktur\u0119 technologiczn\u0105. Stamt\u0105d ruroci\u0105gami trafia do terminala kolejowego, gdzie funkcjonuj\u0105 obecnie cztery stanowiska za\u0142adunku cystern.<\/p>\n<p>Dzi\u0119ki nowej inwestycji zdolno\u015b\u0107 za\u0142adunkowa cystern kolejowych zwi\u0119kszy si\u0119 o ok. 50%. Projekt obejmuje rozbudow\u0119 ruroci\u0105g\u00f3w i urz\u0105dze\u0144 pompowych, dalsz\u0105 automatyzacj\u0119 proces\u00f3w kontrolnych i sterowniczych, budow\u0119 nowych stanowisk nalewu cystern kolejowych i nowych tor\u00f3w do obs\u0142ugi wi\u0119kszej liczby wagon\u00f3w. Bezpiecze\u0144stwo jest istotnym aspektem zadania, dlatego wszystkie instalacje zostan\u0105 wyposa\u017cone w nowoczesne systemy kontroli i zabezpieczenia ruchu. Modernizacj\u0119 przejdzie tak\u017ce system sterowania ruchem kolejowym. Infrastruktura zostanie wyposa\u017cona w specjalistyczne urz\u0105dzenia, zabezpieczaj\u0105ce przed przedostaniem si\u0119 substancji ropopochodnych do gruntu, za\u015b rozbudowa sieci dr\u00f3g po\u017carowych przyczyni si\u0119 do zwi\u0119kszenia efektywno\u015bci dzia\u0142a\u0144 w przypadku awarii.<\/p>\n<p>Realizacja zadania jest zaplanowana do ko\u0144ca 2021 roku.<\/p>\n<p>ZMPG wdro\u017cy\u0142 program inwestycyjny, maj\u0105cy na celu modernizacj\u0119 Stanowiska Prze\u0142adunku Paliw P\u0142ynnych w Porcie Gdynia (SPPP). Stanowisko Prze\u0142adunku Paliw P\u0142ynnych, umiejscowione przy falochronie, wyposa\u017cone zosta\u0142o w nowy nalewak wraz z fundamentem i instalacjami przynale\u017cnymi, kt\u00f3ry do u\u017cytkowania zosta\u0142 oddany w marcu 2020 r.<\/p>\n<p>PERN jest liderem bran\u017cy surowcowej i paliwowej. Firma dzia\u0142a w ca\u0142ej Polsce i realizuje szereg projekt\u00f3w inwestycyjnych oraz remontowych w bazach na terenie kraju. Zapraszamy do wsp\u00f3\u0142pracy w ramach naszych dzia\u0142a\u0144, kt\u00f3rych celem jest budowa nowych element\u00f3w infrastruktury oraz konserwacja ju\u017c istniej\u0105cych. Informacje o projektach, kt\u00f3re prowadzimy i w kt\u00f3rych poszukujemy partner\u00f3w, a tak\u017ce mo\u017cliwo\u015b\u0107 z\u0142o\u017cenia oferty na ich realizacj\u0119, znajduj\u0105 si\u0119 na platformie zakupowej sp\u00f3\u0142ki pod adresem: pern.pl\/platforma-zakupowa\/<\/p>\n<p>&nbsp;<\/p>\n\n","protected":false},"excerpt":{"rendered":"<p>PERN: Tworzymy paliwowy hub morski w D\u0119bog\u00f3rzu O po\u0142ow\u0119 wi\u0119ksza liczba za\u0142adowanych cystern kolejowych w nadmorskiej bazie paliw PERN w D\u0119bog\u00f3rzu, a w efekcie stabilizacja krajowego i mi\u0119dzynarodowego rynku logistyki produkt\u00f3w naftowych \u2013 to g\u0142\u00f3wny &hellip; <a href=\"https:\/\/www.pern.pl\/de\/2020\/12\/22\/pern-tworzymy-paliwowy-hub-morski-w-debogorzu\/\" class=\"more-link\">Continue reading<span class=\"screen-reader-text\"> &#8222;PERN: Tworzymy paliwowy hub morski w D\u0119bog\u00f3rzu&#8220;<\/span><\/a><\/p>\n","protected":false},"author":6,"featured_media":44572,"comment_status":"closed","ping_status":"closed","sticky":false,"template":"","format":"standard","meta":{"_acf_changed":false,"inline_featured_image":false,"footnotes":""},"categories":[7,8],"tags":[],"class_list":["post-20606","post","type-post","status-publish","format-standard","has-post-thumbnail","hentry","category-komunikaty","category-aktualnosci"],"acf":[],"yoast_head":"<!-- This site is optimized with the Yoast SEO plugin v26.9 - https:\/\/yoast.com\/product\/yoast-seo-wordpress\/ -->\n<title>PERN: Tworzymy paliwowy hub morski w D\u0119bog\u00f3rzu - PERN<\/title>\n<meta name=\"robots\" content=\"index, follow, max-snippet:-1, max-image-preview:large, max-video-preview:-1\" \/>\n<link rel=\"canonical\" href=\"https:\/\/www.pern.pl\/de\/2020\/12\/22\/pern-tworzymy-paliwowy-hub-morski-w-debogorzu\/\" \/>\n<meta property=\"og:locale\" content=\"de_DE\" \/>\n<meta property=\"og:type\" content=\"article\" \/>\n<meta property=\"og:title\" content=\"PERN: Tworzymy paliwowy hub morski w D\u0119bog\u00f3rzu - PERN\" \/>\n<meta property=\"og:description\" content=\"PERN: Tworzymy paliwowy hub morski w D\u0119bog\u00f3rzu O po\u0142ow\u0119 wi\u0119ksza liczba za\u0142adowanych cystern kolejowych w nadmorskiej bazie paliw PERN w D\u0119bog\u00f3rzu, a w efekcie stabilizacja krajowego i mi\u0119dzynarodowego rynku logistyki produkt\u00f3w naftowych \u2013 to g\u0142\u00f3wny &hellip; Continue reading &quot;PERN: Tworzymy paliwowy hub morski w D\u0119bog\u00f3rzu&quot;\" \/>\n<meta property=\"og:url\" content=\"https:\/\/www.pern.pl\/de\/2020\/12\/22\/pern-tworzymy-paliwowy-hub-morski-w-debogorzu\/\" \/>\n<meta property=\"og:site_name\" content=\"PERN\" \/>\n<meta property=\"article:published_time\" content=\"2020-12-22T09:33:56+00:00\" \/>\n<meta property=\"article:modified_time\" content=\"2023-06-22T10:40:41+00:00\" \/>\n<meta property=\"og:image\" content=\"https:\/\/www.pern.pl\/wp-content\/uploads\/2020\/12\/f47c5aa04b9fed3003e64e06293783de-56-scaled.jpg\" \/>\n\t<meta property=\"og:image:width\" content=\"2560\" \/>\n\t<meta property=\"og:image:height\" content=\"1280\" \/>\n\t<meta property=\"og:image:type\" content=\"image\/jpeg\" \/>\n<meta name=\"author\" content=\"Centrum Prasowe PERN S.A.\" \/>\n<meta name=\"twitter:card\" content=\"summary_large_image\" \/>\n<meta name=\"twitter:label1\" content=\"Verfasst von\" \/>\n\t<meta name=\"twitter:data1\" content=\"Centrum Prasowe PERN S.A.\" \/>\n\t<meta name=\"twitter:label2\" content=\"Gesch\u00e4tzte Lesezeit\" \/>\n\t<meta name=\"twitter:data2\" content=\"3\u00a0Minuten\" \/>\n<script type=\"application\/ld+json\" class=\"yoast-schema-graph\">{\"@context\":\"https:\/\/schema.org\",\"@graph\":[{\"@type\":\"Article\",\"@id\":\"https:\/\/www.pern.pl\/de\/2020\/12\/22\/pern-tworzymy-paliwowy-hub-morski-w-debogorzu\/#article\",\"isPartOf\":{\"@id\":\"https:\/\/www.pern.pl\/de\/2020\/12\/22\/pern-tworzymy-paliwowy-hub-morski-w-debogorzu\/\"},\"author\":{\"name\":\"Centrum Prasowe PERN S.A.\",\"@id\":\"https:\/\/www.pern.pl\/de\/#\/schema\/person\/f31c4cc0c1be42f0cb9d1a055b3e0996\"},\"headline\":\"PERN: Tworzymy paliwowy hub morski w D\u0119bog\u00f3rzu\",\"datePublished\":\"2020-12-22T09:33:56+00:00\",\"dateModified\":\"2023-06-22T10:40:41+00:00\",\"mainEntityOfPage\":{\"@id\":\"https:\/\/www.pern.pl\/de\/2020\/12\/22\/pern-tworzymy-paliwowy-hub-morski-w-debogorzu\/\"},\"wordCount\":550,\"image\":{\"@id\":\"https:\/\/www.pern.pl\/de\/2020\/12\/22\/pern-tworzymy-paliwowy-hub-morski-w-debogorzu\/#primaryimage\"},\"thumbnailUrl\":\"https:\/\/www.pern.pl\/wp-content\/uploads\/2020\/12\/f47c5aa04b9fed3003e64e06293783de-56-scaled.jpg\",\"articleSection\":[\"Komunikaty\",\"Aktualno\u015bci\"],\"inLanguage\":\"de\"},{\"@type\":\"WebPage\",\"@id\":\"https:\/\/www.pern.pl\/de\/2020\/12\/22\/pern-tworzymy-paliwowy-hub-morski-w-debogorzu\/\",\"url\":\"https:\/\/www.pern.pl\/de\/2020\/12\/22\/pern-tworzymy-paliwowy-hub-morski-w-debogorzu\/\",\"name\":\"PERN: Tworzymy paliwowy hub morski w D\u0119bog\u00f3rzu - PERN\",\"isPartOf\":{\"@id\":\"https:\/\/www.pern.pl\/de\/#website\"},\"primaryImageOfPage\":{\"@id\":\"https:\/\/www.pern.pl\/de\/2020\/12\/22\/pern-tworzymy-paliwowy-hub-morski-w-debogorzu\/#primaryimage\"},\"image\":{\"@id\":\"https:\/\/www.pern.pl\/de\/2020\/12\/22\/pern-tworzymy-paliwowy-hub-morski-w-debogorzu\/#primaryimage\"},\"thumbnailUrl\":\"https:\/\/www.pern.pl\/wp-content\/uploads\/2020\/12\/f47c5aa04b9fed3003e64e06293783de-56-scaled.jpg\",\"datePublished\":\"2020-12-22T09:33:56+00:00\",\"dateModified\":\"2023-06-22T10:40:41+00:00\",\"author\":{\"@id\":\"https:\/\/www.pern.pl\/de\/#\/schema\/person\/f31c4cc0c1be42f0cb9d1a055b3e0996\"},\"breadcrumb\":{\"@id\":\"https:\/\/www.pern.pl\/de\/2020\/12\/22\/pern-tworzymy-paliwowy-hub-morski-w-debogorzu\/#breadcrumb\"},\"inLanguage\":\"de\",\"potentialAction\":[{\"@type\":\"ReadAction\",\"target\":[\"https:\/\/www.pern.pl\/de\/2020\/12\/22\/pern-tworzymy-paliwowy-hub-morski-w-debogorzu\/\"]}]},{\"@type\":\"ImageObject\",\"inLanguage\":\"de\",\"@id\":\"https:\/\/www.pern.pl\/de\/2020\/12\/22\/pern-tworzymy-paliwowy-hub-morski-w-debogorzu\/#primaryimage\",\"url\":\"https:\/\/www.pern.pl\/wp-content\/uploads\/2020\/12\/f47c5aa04b9fed3003e64e06293783de-56-scaled.jpg\",\"contentUrl\":\"https:\/\/www.pern.pl\/wp-content\/uploads\/2020\/12\/f47c5aa04b9fed3003e64e06293783de-56-scaled.jpg\",\"width\":2560,\"height\":1280},{\"@type\":\"BreadcrumbList\",\"@id\":\"https:\/\/www.pern.pl\/de\/2020\/12\/22\/pern-tworzymy-paliwowy-hub-morski-w-debogorzu\/#breadcrumb\",\"itemListElement\":[{\"@type\":\"ListItem\",\"position\":1,\"name\":\"Homepage\",\"item\":\"https:\/\/www.pern.pl\/de\/\"},{\"@type\":\"ListItem\",\"position\":2,\"name\":\"PERN: Tworzymy paliwowy hub morski w D\u0119bog\u00f3rzu\"}]},{\"@type\":\"WebSite\",\"@id\":\"https:\/\/www.pern.pl\/de\/#website\",\"url\":\"https:\/\/www.pern.pl\/de\/\",\"name\":\"PERN\",\"description\":\"\",\"potentialAction\":[{\"@type\":\"SearchAction\",\"target\":{\"@type\":\"EntryPoint\",\"urlTemplate\":\"https:\/\/www.pern.pl\/de\/?s={search_term_string}\"},\"query-input\":{\"@type\":\"PropertyValueSpecification\",\"valueRequired\":true,\"valueName\":\"search_term_string\"}}],\"inLanguage\":\"de\"},{\"@type\":\"Person\",\"@id\":\"https:\/\/www.pern.pl\/de\/#\/schema\/person\/f31c4cc0c1be42f0cb9d1a055b3e0996\",\"name\":\"Centrum Prasowe PERN S.A.\",\"image\":{\"@type\":\"ImageObject\",\"inLanguage\":\"de\",\"@id\":\"https:\/\/www.pern.pl\/de\/#\/schema\/person\/image\/\",\"url\":\"https:\/\/secure.gravatar.com\/avatar\/18e99c3405834609f4541514431875a8a466a6bf795000d784439f961b106e8a?s=96&d=mm&r=g\",\"contentUrl\":\"https:\/\/secure.gravatar.com\/avatar\/18e99c3405834609f4541514431875a8a466a6bf795000d784439f961b106e8a?s=96&d=mm&r=g\",\"caption\":\"Centrum Prasowe PERN S.A.\"},\"url\":\"https:\/\/www.pern.pl\/de\/author\/pern-katarzyna-krasinska\/\"}]}<\/script>\n<!-- \/ Yoast SEO plugin. -->","yoast_head_json":{"title":"PERN: Tworzymy paliwowy hub morski w D\u0119bog\u00f3rzu - PERN","robots":{"index":"index","follow":"follow","max-snippet":"max-snippet:-1","max-image-preview":"max-image-preview:large","max-video-preview":"max-video-preview:-1"},"canonical":"https:\/\/www.pern.pl\/de\/2020\/12\/22\/pern-tworzymy-paliwowy-hub-morski-w-debogorzu\/","og_locale":"de_DE","og_type":"article","og_title":"PERN: Tworzymy paliwowy hub morski w D\u0119bog\u00f3rzu - PERN","og_description":"PERN: Tworzymy paliwowy hub morski w D\u0119bog\u00f3rzu O po\u0142ow\u0119 wi\u0119ksza liczba za\u0142adowanych cystern kolejowych w nadmorskiej bazie paliw PERN w D\u0119bog\u00f3rzu, a w efekcie stabilizacja krajowego i mi\u0119dzynarodowego rynku logistyki produkt\u00f3w naftowych \u2013 to g\u0142\u00f3wny &hellip; Continue reading \"PERN: Tworzymy paliwowy hub morski w D\u0119bog\u00f3rzu\"","og_url":"https:\/\/www.pern.pl\/de\/2020\/12\/22\/pern-tworzymy-paliwowy-hub-morski-w-debogorzu\/","og_site_name":"PERN","article_published_time":"2020-12-22T09:33:56+00:00","article_modified_time":"2023-06-22T10:40:41+00:00","og_image":[{"width":2560,"height":1280,"url":"https:\/\/www.pern.pl\/wp-content\/uploads\/2020\/12\/f47c5aa04b9fed3003e64e06293783de-56-scaled.jpg","type":"image\/jpeg"}],"author":"Centrum Prasowe PERN S.A.","twitter_card":"summary_large_image","twitter_misc":{"Verfasst von":"Centrum Prasowe PERN S.A.","Gesch\u00e4tzte Lesezeit":"3\u00a0Minuten"},"schema":{"@context":"https:\/\/schema.org","@graph":[{"@type":"Article","@id":"https:\/\/www.pern.pl\/de\/2020\/12\/22\/pern-tworzymy-paliwowy-hub-morski-w-debogorzu\/#article","isPartOf":{"@id":"https:\/\/www.pern.pl\/de\/2020\/12\/22\/pern-tworzymy-paliwowy-hub-morski-w-debogorzu\/"},"author":{"name":"Centrum Prasowe PERN S.A.","@id":"https:\/\/www.pern.pl\/de\/#\/schema\/person\/f31c4cc0c1be42f0cb9d1a055b3e0996"},"headline":"PERN: Tworzymy paliwowy hub morski w D\u0119bog\u00f3rzu","datePublished":"2020-12-22T09:33:56+00:00","dateModified":"2023-06-22T10:40:41+00:00","mainEntityOfPage":{"@id":"https:\/\/www.pern.pl\/de\/2020\/12\/22\/pern-tworzymy-paliwowy-hub-morski-w-debogorzu\/"},"wordCount":550,"image":{"@id":"https:\/\/www.pern.pl\/de\/2020\/12\/22\/pern-tworzymy-paliwowy-hub-morski-w-debogorzu\/#primaryimage"},"thumbnailUrl":"https:\/\/www.pern.pl\/wp-content\/uploads\/2020\/12\/f47c5aa04b9fed3003e64e06293783de-56-scaled.jpg","articleSection":["Komunikaty","Aktualno\u015bci"],"inLanguage":"de"},{"@type":"WebPage","@id":"https:\/\/www.pern.pl\/de\/2020\/12\/22\/pern-tworzymy-paliwowy-hub-morski-w-debogorzu\/","url":"https:\/\/www.pern.pl\/de\/2020\/12\/22\/pern-tworzymy-paliwowy-hub-morski-w-debogorzu\/","name":"PERN: Tworzymy paliwowy hub morski w D\u0119bog\u00f3rzu - PERN","isPartOf":{"@id":"https:\/\/www.pern.pl\/de\/#website"},"primaryImageOfPage":{"@id":"https:\/\/www.pern.pl\/de\/2020\/12\/22\/pern-tworzymy-paliwowy-hub-morski-w-debogorzu\/#primaryimage"},"image":{"@id":"https:\/\/www.pern.pl\/de\/2020\/12\/22\/pern-tworzymy-paliwowy-hub-morski-w-debogorzu\/#primaryimage"},"thumbnailUrl":"https:\/\/www.pern.pl\/wp-content\/uploads\/2020\/12\/f47c5aa04b9fed3003e64e06293783de-56-scaled.jpg","datePublished":"2020-12-22T09:33:56+00:00","dateModified":"2023-06-22T10:40:41+00:00","author":{"@id":"https:\/\/www.pern.pl\/de\/#\/schema\/person\/f31c4cc0c1be42f0cb9d1a055b3e0996"},"breadcrumb":{"@id":"https:\/\/www.pern.pl\/de\/2020\/12\/22\/pern-tworzymy-paliwowy-hub-morski-w-debogorzu\/#breadcrumb"},"inLanguage":"de","potentialAction":[{"@type":"ReadAction","target":["https:\/\/www.pern.pl\/de\/2020\/12\/22\/pern-tworzymy-paliwowy-hub-morski-w-debogorzu\/"]}]},{"@type":"ImageObject","inLanguage":"de","@id":"https:\/\/www.pern.pl\/de\/2020\/12\/22\/pern-tworzymy-paliwowy-hub-morski-w-debogorzu\/#primaryimage","url":"https:\/\/www.pern.pl\/wp-content\/uploads\/2020\/12\/f47c5aa04b9fed3003e64e06293783de-56-scaled.jpg","contentUrl":"https:\/\/www.pern.pl\/wp-content\/uploads\/2020\/12\/f47c5aa04b9fed3003e64e06293783de-56-scaled.jpg","width":2560,"height":1280},{"@type":"BreadcrumbList","@id":"https:\/\/www.pern.pl\/de\/2020\/12\/22\/pern-tworzymy-paliwowy-hub-morski-w-debogorzu\/#breadcrumb","itemListElement":[{"@type":"ListItem","position":1,"name":"Homepage","item":"https:\/\/www.pern.pl\/de\/"},{"@type":"ListItem","position":2,"name":"PERN: Tworzymy paliwowy hub morski w D\u0119bog\u00f3rzu"}]},{"@type":"WebSite","@id":"https:\/\/www.pern.pl\/de\/#website","url":"https:\/\/www.pern.pl\/de\/","name":"PERN","description":"","potentialAction":[{"@type":"SearchAction","target":{"@type":"EntryPoint","urlTemplate":"https:\/\/www.pern.pl\/de\/?s={search_term_string}"},"query-input":{"@type":"PropertyValueSpecification","valueRequired":true,"valueName":"search_term_string"}}],"inLanguage":"de"},{"@type":"Person","@id":"https:\/\/www.pern.pl\/de\/#\/schema\/person\/f31c4cc0c1be42f0cb9d1a055b3e0996","name":"Centrum Prasowe PERN S.A.","image":{"@type":"ImageObject","inLanguage":"de","@id":"https:\/\/www.pern.pl\/de\/#\/schema\/person\/image\/","url":"https:\/\/secure.gravatar.com\/avatar\/18e99c3405834609f4541514431875a8a466a6bf795000d784439f961b106e8a?s=96&d=mm&r=g","contentUrl":"https:\/\/secure.gravatar.com\/avatar\/18e99c3405834609f4541514431875a8a466a6bf795000d784439f961b106e8a?s=96&d=mm&r=g","caption":"Centrum Prasowe PERN S.A."},"url":"https:\/\/www.pern.pl\/de\/author\/pern-katarzyna-krasinska\/"}]}},"_links":{"self":[{"href":"https:\/\/www.pern.pl\/de\/wp-json\/wp\/v2\/posts\/20606","targetHints":{"allow":["GET"]}}],"collection":[{"href":"https:\/\/www.pern.pl\/de\/wp-json\/wp\/v2\/posts"}],"about":[{"href":"https:\/\/www.pern.pl\/de\/wp-json\/wp\/v2\/types\/post"}],"author":[{"embeddable":true,"href":"https:\/\/www.pern.pl\/de\/wp-json\/wp\/v2\/users\/6"}],"replies":[{"embeddable":true,"href":"https:\/\/www.pern.pl\/de\/wp-json\/wp\/v2\/comments?post=20606"}],"version-history":[{"count":0,"href":"https:\/\/www.pern.pl\/de\/wp-json\/wp\/v2\/posts\/20606\/revisions"}],"wp:featuredmedia":[{"embeddable":true,"href":"https:\/\/www.pern.pl\/de\/wp-json\/wp\/v2\/media\/44572"}],"wp:attachment":[{"href":"https:\/\/www.pern.pl\/de\/wp-json\/wp\/v2\/media?parent=20606"}],"wp:term":[{"taxonomy":"category","embeddable":true,"href":"https:\/\/www.pern.pl\/de\/wp-json\/wp\/v2\/categories?post=20606"},{"taxonomy":"post_tag","embeddable":true,"href":"https:\/\/www.pern.pl\/de\/wp-json\/wp\/v2\/tags?post=20606"}],"curies":[{"name":"wp","href":"https:\/\/api.w.org\/{rel}","templated":true}]}}