{"id":19901,"date":"2020-09-04T14:15:37","date_gmt":"2020-09-04T12:15:37","guid":{"rendered":"https:\/\/pern.pl\/?p=19901"},"modified":"2023-06-22T12:03:43","modified_gmt":"2023-06-22T10:03:43","slug":"projekty-pern-zapewniaja-bezpieczenstwo-i-maja-uzasadnienie-ekonomiczne","status":"publish","type":"post","link":"https:\/\/www.pern.pl\/de\/2020\/09\/04\/projekty-pern-zapewniaja-bezpieczenstwo-i-maja-uzasadnienie-ekonomiczne\/","title":{"rendered":"Projekty PERN zapewniaj\u0105 bezpiecze\u0144stwo i maj\u0105 uzasadnienie ekonomiczne"},"content":{"rendered":"<p>Projekty PERN zapewniaj\u0105 bezpiecze\u0144stwo i maj\u0105 uzasadnienie ekonomiczne<\/p>\n<p>Jak du\u017ce projekty inwestycyjne, finansowane ze \u015brodk\u00f3w publicznych wp\u0142ywaj\u0105 na odrabianie strat po pandemii i podtrzymywanie koniunktury gospodarczej, kt\u00f3re strategiczne inwestycje s\u0105 obecnie realizowane w naszym kraju \u2013 min. na te tematy rozmawiali dzi\u015b go\u015bcie Europejskiego Kongresu Gospodarczego, w czasie dyskusji o inwestycjach publicznych. Uczestnikiem spotkania by\u0142 Rafa\u0142 Miland, wiceprezes PERN.<\/p>\n<p>Nasze projekty to z jednej strony inwestycje zwi\u0119kszaj\u0105ce bezpiecze\u0144stwo energetyczne Polski, z drugiej maj\u0105 one tak\u017ce swoje uzasadnienie ekonomicznie i s\u0105 dok\u0142adnie policzone. Zbiorniki, kt\u00f3re dzi\u015b budujemy zar\u00f3wno w obszarze ropy naftowej jak i paliw maj\u0105 ju\u017c klient\u00f3w.-Rafa\u0142 Miland, wiceprezes PERN<\/p>\n<p>Do udzia\u0142u w sesji po\u015bwi\u0119conej inwestycjom zostali zaproszeni Przemys\u0142aw Daca, prezes, Pa\u0144stwowe Gospodarstwo Wodne Wody Polskie, Barbara Dzieciuchowicz, prezes zarz\u0105du, Og\u00f3lnopolska Izba Gospodarcza Drogownictwa, Ireneusz Merchel, prezes zarz\u0105du, PKP Polskie Linie Kolejowe SA, Artur Popko, wiceprezes zarz\u0105du, dyrektor operacyjny, Budimex SA, Grzegorz Puda, pe\u0142nomocnik rz\u0105du do spraw organizacji \u015awiatowego Forum Miejskiego w 2022 roku w Katowicach, Rafa\u0142 Weber, sekretarz stanu, Ministerstwo Infrastruktury, Polska i Tomasz \u017buchowski, p.o. Generalnego Dyrektora Dr\u00f3g Krajowych i Autostrad.<\/p>\n<p>Program Megainwestycji PERN<\/p>\n<p>Megainwestycje to strategiczny projekt realizowany przez PERN, kt\u00f3ry odpowiada na potrzeby rynku naftowo \u2013 paliwowego i jednocze\u015bnie w znacznym stopniu zwi\u0119ksza bezpiecze\u0144stwo energetyczne Polski. Chodzi o budow\u0119 kolejnych zbiornik\u00f3w magazynowych na rop\u0119 naftow\u0105 w Terminalu Naftowym w Gda\u0144sku (3 zbiorniki o pojemno\u015bci 100 tys. m3 ka\u017cdy, 2 zbiorniki o pojemno\u015bci 45 tys. m3 ka\u017cdy), rozbudow\u0119 parku zbiornikowego w Bazie Gda\u0144ski (2 zbiorniki po 100 tys. m3) oraz kontynuacj\u0119 rozbudowy baz paliw (I etap, zrealizowany \u2013 128 tys. m3, II etap, obecnie realizowany \u2013 222 tys. m3 , III etap \u2013 zako\u0144czenie przetargu na projekt) w Koluszkach, Rejowcu, Ma\u0142aszewiczach, Emilianowie, Boronowie i D\u0119bog\u00f3rzu, a tak\u017ce budowa ruroci\u0105gu paliwowego Boron\u00f3w-Trzebinia i naftowego Gda\u0144sk-P\u0142ock.<\/p>\n<p>&nbsp;<\/p>\n\n","protected":false},"excerpt":{"rendered":"<p>Projekty PERN zapewniaj\u0105 bezpiecze\u0144stwo i maj\u0105 uzasadnienie ekonomiczne Jak du\u017ce projekty inwestycyjne, finansowane ze \u015brodk\u00f3w publicznych wp\u0142ywaj\u0105 na odrabianie strat po pandemii i podtrzymywanie koniunktury gospodarczej, kt\u00f3re strategiczne inwestycje s\u0105 obecnie realizowane w naszym kraju &hellip; <a href=\"https:\/\/www.pern.pl\/de\/2020\/09\/04\/projekty-pern-zapewniaja-bezpieczenstwo-i-maja-uzasadnienie-ekonomiczne\/\" class=\"more-link\">Continue reading<span class=\"screen-reader-text\"> &#8222;Projekty PERN zapewniaj\u0105 bezpiecze\u0144stwo i maj\u0105 uzasadnienie ekonomiczne&#8220;<\/span><\/a><\/p>\n","protected":false},"author":6,"featured_media":44278,"comment_status":"closed","ping_status":"closed","sticky":false,"template":"","format":"standard","meta":{"_acf_changed":false,"inline_featured_image":false,"footnotes":""},"categories":[7,8],"tags":[],"class_list":["post-19901","post","type-post","status-publish","format-standard","has-post-thumbnail","hentry","category-komunikaty","category-aktualnosci"],"acf":[],"yoast_head":"<!-- This site is optimized with the Yoast SEO plugin v26.9 - https:\/\/yoast.com\/product\/yoast-seo-wordpress\/ -->\n<title>Projekty PERN zapewniaj\u0105 bezpiecze\u0144stwo i maj\u0105 uzasadnienie ekonomiczne - PERN<\/title>\n<meta name=\"robots\" content=\"index, follow, max-snippet:-1, max-image-preview:large, max-video-preview:-1\" \/>\n<link rel=\"canonical\" href=\"https:\/\/www.pern.pl\/de\/2020\/09\/04\/projekty-pern-zapewniaja-bezpieczenstwo-i-maja-uzasadnienie-ekonomiczne\/\" \/>\n<meta property=\"og:locale\" content=\"de_DE\" \/>\n<meta property=\"og:type\" content=\"article\" \/>\n<meta property=\"og:title\" content=\"Projekty PERN zapewniaj\u0105 bezpiecze\u0144stwo i maj\u0105 uzasadnienie ekonomiczne - PERN\" \/>\n<meta property=\"og:description\" content=\"Projekty PERN zapewniaj\u0105 bezpiecze\u0144stwo i maj\u0105 uzasadnienie ekonomiczne Jak du\u017ce projekty inwestycyjne, finansowane ze \u015brodk\u00f3w publicznych wp\u0142ywaj\u0105 na odrabianie strat po pandemii i podtrzymywanie koniunktury gospodarczej, kt\u00f3re strategiczne inwestycje s\u0105 obecnie realizowane w naszym kraju &hellip; Continue reading &quot;Projekty PERN zapewniaj\u0105 bezpiecze\u0144stwo i maj\u0105 uzasadnienie ekonomiczne&quot;\" \/>\n<meta property=\"og:url\" content=\"https:\/\/www.pern.pl\/de\/2020\/09\/04\/projekty-pern-zapewniaja-bezpieczenstwo-i-maja-uzasadnienie-ekonomiczne\/\" \/>\n<meta property=\"og:site_name\" content=\"PERN\" \/>\n<meta property=\"article:published_time\" content=\"2020-09-04T12:15:37+00:00\" \/>\n<meta property=\"article:modified_time\" content=\"2023-06-22T10:03:43+00:00\" \/>\n<meta property=\"og:image\" content=\"https:\/\/www.pern.pl\/wp-content\/uploads\/2020\/09\/f2cbf3b16c18a1dfb457230913e60d00-29.jpg\" \/>\n\t<meta property=\"og:image:width\" content=\"869\" \/>\n\t<meta property=\"og:image:height\" content=\"434\" \/>\n\t<meta property=\"og:image:type\" content=\"image\/jpeg\" \/>\n<meta name=\"author\" content=\"Centrum Prasowe PERN S.A.\" \/>\n<meta name=\"twitter:card\" content=\"summary_large_image\" \/>\n<meta name=\"twitter:label1\" content=\"Verfasst von\" \/>\n\t<meta name=\"twitter:data1\" content=\"Centrum Prasowe PERN S.A.\" \/>\n\t<meta name=\"twitter:label2\" content=\"Gesch\u00e4tzte Lesezeit\" \/>\n\t<meta name=\"twitter:data2\" content=\"2\u00a0Minuten\" \/>\n<script type=\"application\/ld+json\" class=\"yoast-schema-graph\">{\"@context\":\"https:\/\/schema.org\",\"@graph\":[{\"@type\":\"Article\",\"@id\":\"https:\/\/www.pern.pl\/de\/2020\/09\/04\/projekty-pern-zapewniaja-bezpieczenstwo-i-maja-uzasadnienie-ekonomiczne\/#article\",\"isPartOf\":{\"@id\":\"https:\/\/www.pern.pl\/de\/2020\/09\/04\/projekty-pern-zapewniaja-bezpieczenstwo-i-maja-uzasadnienie-ekonomiczne\/\"},\"author\":{\"name\":\"Centrum Prasowe PERN S.A.\",\"@id\":\"https:\/\/www.pern.pl\/de\/#\/schema\/person\/f31c4cc0c1be42f0cb9d1a055b3e0996\"},\"headline\":\"Projekty PERN zapewniaj\u0105 bezpiecze\u0144stwo i maj\u0105 uzasadnienie ekonomiczne\",\"datePublished\":\"2020-09-04T12:15:37+00:00\",\"dateModified\":\"2023-06-22T10:03:43+00:00\",\"mainEntityOfPage\":{\"@id\":\"https:\/\/www.pern.pl\/de\/2020\/09\/04\/projekty-pern-zapewniaja-bezpieczenstwo-i-maja-uzasadnienie-ekonomiczne\/\"},\"wordCount\":333,\"image\":{\"@id\":\"https:\/\/www.pern.pl\/de\/2020\/09\/04\/projekty-pern-zapewniaja-bezpieczenstwo-i-maja-uzasadnienie-ekonomiczne\/#primaryimage\"},\"thumbnailUrl\":\"https:\/\/www.pern.pl\/wp-content\/uploads\/2020\/09\/f2cbf3b16c18a1dfb457230913e60d00-29.jpg\",\"articleSection\":[\"Komunikaty\",\"Aktualno\u015bci\"],\"inLanguage\":\"de\"},{\"@type\":\"WebPage\",\"@id\":\"https:\/\/www.pern.pl\/de\/2020\/09\/04\/projekty-pern-zapewniaja-bezpieczenstwo-i-maja-uzasadnienie-ekonomiczne\/\",\"url\":\"https:\/\/www.pern.pl\/de\/2020\/09\/04\/projekty-pern-zapewniaja-bezpieczenstwo-i-maja-uzasadnienie-ekonomiczne\/\",\"name\":\"Projekty PERN zapewniaj\u0105 bezpiecze\u0144stwo i maj\u0105 uzasadnienie ekonomiczne - PERN\",\"isPartOf\":{\"@id\":\"https:\/\/www.pern.pl\/de\/#website\"},\"primaryImageOfPage\":{\"@id\":\"https:\/\/www.pern.pl\/de\/2020\/09\/04\/projekty-pern-zapewniaja-bezpieczenstwo-i-maja-uzasadnienie-ekonomiczne\/#primaryimage\"},\"image\":{\"@id\":\"https:\/\/www.pern.pl\/de\/2020\/09\/04\/projekty-pern-zapewniaja-bezpieczenstwo-i-maja-uzasadnienie-ekonomiczne\/#primaryimage\"},\"thumbnailUrl\":\"https:\/\/www.pern.pl\/wp-content\/uploads\/2020\/09\/f2cbf3b16c18a1dfb457230913e60d00-29.jpg\",\"datePublished\":\"2020-09-04T12:15:37+00:00\",\"dateModified\":\"2023-06-22T10:03:43+00:00\",\"author\":{\"@id\":\"https:\/\/www.pern.pl\/de\/#\/schema\/person\/f31c4cc0c1be42f0cb9d1a055b3e0996\"},\"breadcrumb\":{\"@id\":\"https:\/\/www.pern.pl\/de\/2020\/09\/04\/projekty-pern-zapewniaja-bezpieczenstwo-i-maja-uzasadnienie-ekonomiczne\/#breadcrumb\"},\"inLanguage\":\"de\",\"potentialAction\":[{\"@type\":\"ReadAction\",\"target\":[\"https:\/\/www.pern.pl\/de\/2020\/09\/04\/projekty-pern-zapewniaja-bezpieczenstwo-i-maja-uzasadnienie-ekonomiczne\/\"]}]},{\"@type\":\"ImageObject\",\"inLanguage\":\"de\",\"@id\":\"https:\/\/www.pern.pl\/de\/2020\/09\/04\/projekty-pern-zapewniaja-bezpieczenstwo-i-maja-uzasadnienie-ekonomiczne\/#primaryimage\",\"url\":\"https:\/\/www.pern.pl\/wp-content\/uploads\/2020\/09\/f2cbf3b16c18a1dfb457230913e60d00-29.jpg\",\"contentUrl\":\"https:\/\/www.pern.pl\/wp-content\/uploads\/2020\/09\/f2cbf3b16c18a1dfb457230913e60d00-29.jpg\",\"width\":869,\"height\":434},{\"@type\":\"BreadcrumbList\",\"@id\":\"https:\/\/www.pern.pl\/de\/2020\/09\/04\/projekty-pern-zapewniaja-bezpieczenstwo-i-maja-uzasadnienie-ekonomiczne\/#breadcrumb\",\"itemListElement\":[{\"@type\":\"ListItem\",\"position\":1,\"name\":\"Homepage\",\"item\":\"https:\/\/www.pern.pl\/de\/\"},{\"@type\":\"ListItem\",\"position\":2,\"name\":\"Projekty PERN zapewniaj\u0105 bezpiecze\u0144stwo i maj\u0105 uzasadnienie ekonomiczne\"}]},{\"@type\":\"WebSite\",\"@id\":\"https:\/\/www.pern.pl\/de\/#website\",\"url\":\"https:\/\/www.pern.pl\/de\/\",\"name\":\"PERN\",\"description\":\"\",\"potentialAction\":[{\"@type\":\"SearchAction\",\"target\":{\"@type\":\"EntryPoint\",\"urlTemplate\":\"https:\/\/www.pern.pl\/de\/?s={search_term_string}\"},\"query-input\":{\"@type\":\"PropertyValueSpecification\",\"valueRequired\":true,\"valueName\":\"search_term_string\"}}],\"inLanguage\":\"de\"},{\"@type\":\"Person\",\"@id\":\"https:\/\/www.pern.pl\/de\/#\/schema\/person\/f31c4cc0c1be42f0cb9d1a055b3e0996\",\"name\":\"Centrum Prasowe PERN S.A.\",\"image\":{\"@type\":\"ImageObject\",\"inLanguage\":\"de\",\"@id\":\"https:\/\/www.pern.pl\/de\/#\/schema\/person\/image\/\",\"url\":\"https:\/\/secure.gravatar.com\/avatar\/18e99c3405834609f4541514431875a8a466a6bf795000d784439f961b106e8a?s=96&d=mm&r=g\",\"contentUrl\":\"https:\/\/secure.gravatar.com\/avatar\/18e99c3405834609f4541514431875a8a466a6bf795000d784439f961b106e8a?s=96&d=mm&r=g\",\"caption\":\"Centrum Prasowe PERN S.A.\"},\"url\":\"https:\/\/www.pern.pl\/de\/author\/pern-katarzyna-krasinska\/\"}]}<\/script>\n<!-- \/ Yoast SEO plugin. -->","yoast_head_json":{"title":"Projekty PERN zapewniaj\u0105 bezpiecze\u0144stwo i maj\u0105 uzasadnienie ekonomiczne - PERN","robots":{"index":"index","follow":"follow","max-snippet":"max-snippet:-1","max-image-preview":"max-image-preview:large","max-video-preview":"max-video-preview:-1"},"canonical":"https:\/\/www.pern.pl\/de\/2020\/09\/04\/projekty-pern-zapewniaja-bezpieczenstwo-i-maja-uzasadnienie-ekonomiczne\/","og_locale":"de_DE","og_type":"article","og_title":"Projekty PERN zapewniaj\u0105 bezpiecze\u0144stwo i maj\u0105 uzasadnienie ekonomiczne - PERN","og_description":"Projekty PERN zapewniaj\u0105 bezpiecze\u0144stwo i maj\u0105 uzasadnienie ekonomiczne Jak du\u017ce projekty inwestycyjne, finansowane ze \u015brodk\u00f3w publicznych wp\u0142ywaj\u0105 na odrabianie strat po pandemii i podtrzymywanie koniunktury gospodarczej, kt\u00f3re strategiczne inwestycje s\u0105 obecnie realizowane w naszym kraju &hellip; Continue reading \"Projekty PERN zapewniaj\u0105 bezpiecze\u0144stwo i maj\u0105 uzasadnienie ekonomiczne\"","og_url":"https:\/\/www.pern.pl\/de\/2020\/09\/04\/projekty-pern-zapewniaja-bezpieczenstwo-i-maja-uzasadnienie-ekonomiczne\/","og_site_name":"PERN","article_published_time":"2020-09-04T12:15:37+00:00","article_modified_time":"2023-06-22T10:03:43+00:00","og_image":[{"width":869,"height":434,"url":"https:\/\/www.pern.pl\/wp-content\/uploads\/2020\/09\/f2cbf3b16c18a1dfb457230913e60d00-29.jpg","type":"image\/jpeg"}],"author":"Centrum Prasowe PERN S.A.","twitter_card":"summary_large_image","twitter_misc":{"Verfasst von":"Centrum Prasowe PERN S.A.","Gesch\u00e4tzte Lesezeit":"2\u00a0Minuten"},"schema":{"@context":"https:\/\/schema.org","@graph":[{"@type":"Article","@id":"https:\/\/www.pern.pl\/de\/2020\/09\/04\/projekty-pern-zapewniaja-bezpieczenstwo-i-maja-uzasadnienie-ekonomiczne\/#article","isPartOf":{"@id":"https:\/\/www.pern.pl\/de\/2020\/09\/04\/projekty-pern-zapewniaja-bezpieczenstwo-i-maja-uzasadnienie-ekonomiczne\/"},"author":{"name":"Centrum Prasowe PERN S.A.","@id":"https:\/\/www.pern.pl\/de\/#\/schema\/person\/f31c4cc0c1be42f0cb9d1a055b3e0996"},"headline":"Projekty PERN zapewniaj\u0105 bezpiecze\u0144stwo i maj\u0105 uzasadnienie ekonomiczne","datePublished":"2020-09-04T12:15:37+00:00","dateModified":"2023-06-22T10:03:43+00:00","mainEntityOfPage":{"@id":"https:\/\/www.pern.pl\/de\/2020\/09\/04\/projekty-pern-zapewniaja-bezpieczenstwo-i-maja-uzasadnienie-ekonomiczne\/"},"wordCount":333,"image":{"@id":"https:\/\/www.pern.pl\/de\/2020\/09\/04\/projekty-pern-zapewniaja-bezpieczenstwo-i-maja-uzasadnienie-ekonomiczne\/#primaryimage"},"thumbnailUrl":"https:\/\/www.pern.pl\/wp-content\/uploads\/2020\/09\/f2cbf3b16c18a1dfb457230913e60d00-29.jpg","articleSection":["Komunikaty","Aktualno\u015bci"],"inLanguage":"de"},{"@type":"WebPage","@id":"https:\/\/www.pern.pl\/de\/2020\/09\/04\/projekty-pern-zapewniaja-bezpieczenstwo-i-maja-uzasadnienie-ekonomiczne\/","url":"https:\/\/www.pern.pl\/de\/2020\/09\/04\/projekty-pern-zapewniaja-bezpieczenstwo-i-maja-uzasadnienie-ekonomiczne\/","name":"Projekty PERN zapewniaj\u0105 bezpiecze\u0144stwo i maj\u0105 uzasadnienie ekonomiczne - PERN","isPartOf":{"@id":"https:\/\/www.pern.pl\/de\/#website"},"primaryImageOfPage":{"@id":"https:\/\/www.pern.pl\/de\/2020\/09\/04\/projekty-pern-zapewniaja-bezpieczenstwo-i-maja-uzasadnienie-ekonomiczne\/#primaryimage"},"image":{"@id":"https:\/\/www.pern.pl\/de\/2020\/09\/04\/projekty-pern-zapewniaja-bezpieczenstwo-i-maja-uzasadnienie-ekonomiczne\/#primaryimage"},"thumbnailUrl":"https:\/\/www.pern.pl\/wp-content\/uploads\/2020\/09\/f2cbf3b16c18a1dfb457230913e60d00-29.jpg","datePublished":"2020-09-04T12:15:37+00:00","dateModified":"2023-06-22T10:03:43+00:00","author":{"@id":"https:\/\/www.pern.pl\/de\/#\/schema\/person\/f31c4cc0c1be42f0cb9d1a055b3e0996"},"breadcrumb":{"@id":"https:\/\/www.pern.pl\/de\/2020\/09\/04\/projekty-pern-zapewniaja-bezpieczenstwo-i-maja-uzasadnienie-ekonomiczne\/#breadcrumb"},"inLanguage":"de","potentialAction":[{"@type":"ReadAction","target":["https:\/\/www.pern.pl\/de\/2020\/09\/04\/projekty-pern-zapewniaja-bezpieczenstwo-i-maja-uzasadnienie-ekonomiczne\/"]}]},{"@type":"ImageObject","inLanguage":"de","@id":"https:\/\/www.pern.pl\/de\/2020\/09\/04\/projekty-pern-zapewniaja-bezpieczenstwo-i-maja-uzasadnienie-ekonomiczne\/#primaryimage","url":"https:\/\/www.pern.pl\/wp-content\/uploads\/2020\/09\/f2cbf3b16c18a1dfb457230913e60d00-29.jpg","contentUrl":"https:\/\/www.pern.pl\/wp-content\/uploads\/2020\/09\/f2cbf3b16c18a1dfb457230913e60d00-29.jpg","width":869,"height":434},{"@type":"BreadcrumbList","@id":"https:\/\/www.pern.pl\/de\/2020\/09\/04\/projekty-pern-zapewniaja-bezpieczenstwo-i-maja-uzasadnienie-ekonomiczne\/#breadcrumb","itemListElement":[{"@type":"ListItem","position":1,"name":"Homepage","item":"https:\/\/www.pern.pl\/de\/"},{"@type":"ListItem","position":2,"name":"Projekty PERN zapewniaj\u0105 bezpiecze\u0144stwo i maj\u0105 uzasadnienie ekonomiczne"}]},{"@type":"WebSite","@id":"https:\/\/www.pern.pl\/de\/#website","url":"https:\/\/www.pern.pl\/de\/","name":"PERN","description":"","potentialAction":[{"@type":"SearchAction","target":{"@type":"EntryPoint","urlTemplate":"https:\/\/www.pern.pl\/de\/?s={search_term_string}"},"query-input":{"@type":"PropertyValueSpecification","valueRequired":true,"valueName":"search_term_string"}}],"inLanguage":"de"},{"@type":"Person","@id":"https:\/\/www.pern.pl\/de\/#\/schema\/person\/f31c4cc0c1be42f0cb9d1a055b3e0996","name":"Centrum Prasowe PERN S.A.","image":{"@type":"ImageObject","inLanguage":"de","@id":"https:\/\/www.pern.pl\/de\/#\/schema\/person\/image\/","url":"https:\/\/secure.gravatar.com\/avatar\/18e99c3405834609f4541514431875a8a466a6bf795000d784439f961b106e8a?s=96&d=mm&r=g","contentUrl":"https:\/\/secure.gravatar.com\/avatar\/18e99c3405834609f4541514431875a8a466a6bf795000d784439f961b106e8a?s=96&d=mm&r=g","caption":"Centrum Prasowe PERN S.A."},"url":"https:\/\/www.pern.pl\/de\/author\/pern-katarzyna-krasinska\/"}]}},"_links":{"self":[{"href":"https:\/\/www.pern.pl\/de\/wp-json\/wp\/v2\/posts\/19901","targetHints":{"allow":["GET"]}}],"collection":[{"href":"https:\/\/www.pern.pl\/de\/wp-json\/wp\/v2\/posts"}],"about":[{"href":"https:\/\/www.pern.pl\/de\/wp-json\/wp\/v2\/types\/post"}],"author":[{"embeddable":true,"href":"https:\/\/www.pern.pl\/de\/wp-json\/wp\/v2\/users\/6"}],"replies":[{"embeddable":true,"href":"https:\/\/www.pern.pl\/de\/wp-json\/wp\/v2\/comments?post=19901"}],"version-history":[{"count":0,"href":"https:\/\/www.pern.pl\/de\/wp-json\/wp\/v2\/posts\/19901\/revisions"}],"wp:featuredmedia":[{"embeddable":true,"href":"https:\/\/www.pern.pl\/de\/wp-json\/wp\/v2\/media\/44278"}],"wp:attachment":[{"href":"https:\/\/www.pern.pl\/de\/wp-json\/wp\/v2\/media?parent=19901"}],"wp:term":[{"taxonomy":"category","embeddable":true,"href":"https:\/\/www.pern.pl\/de\/wp-json\/wp\/v2\/categories?post=19901"},{"taxonomy":"post_tag","embeddable":true,"href":"https:\/\/www.pern.pl\/de\/wp-json\/wp\/v2\/tags?post=19901"}],"curies":[{"name":"wp","href":"https:\/\/api.w.org\/{rel}","templated":true}]}}