{"id":15912,"date":"2020-01-31T12:38:35","date_gmt":"2020-01-31T11:38:35","guid":{"rendered":"https:\/\/pern.pl\/rurociag-boronow-trzebinia-pern-poszukuje-dostawcy-rur-i-lukow-fabrycznych\/"},"modified":"2023-06-22T12:21:30","modified_gmt":"2023-06-22T10:21:30","slug":"rurociag-boronow-trzebinia-pern-poszukuje-dostawcy-rur-i-lukow-fabrycznych","status":"publish","type":"post","link":"https:\/\/www.pern.pl\/de\/2020\/01\/31\/rurociag-boronow-trzebinia-pern-poszukuje-dostawcy-rur-i-lukow-fabrycznych\/","title":{"rendered":"Ruroci\u0105g Boron\u00f3w \u2013 Trzebinia: PERN poszukuje dostawcy rur i \u0142uk\u00f3w fabrycznych"},"content":{"rendered":"<p>Ruroci\u0105g Boron\u00f3w \u2013 Trzebinia: PERN poszukuje dostawcy rur i \u0142uk\u00f3w fabrycznych<\/p>\n<p>W dniu 31 stycznia 2020 roku PERN S.A. og\u0142osi\u0142 post\u0119powanie ofertowe, kt\u00f3rego przedmiotem jest realizacja zakupu obejmuj\u0105cego dostarczenie i przechowanie fabrycznie nowych rur i \u0142uk\u00f3w na potrzeby realizacji budowy ruroci\u0105gu produktowego relacji Boron\u00f3w \u2013 Trzebinia.<\/p>\n<p>Wszelkie informacje dotycz\u0105ce post\u0119powania przetargowego znajduj\u0105 si\u0119 na Platformie zakupowej na stronie www.pern.pl:<\/p>\n<p>Ruroci\u0105g DN 250 relacji Boron\u00f3w \u2013 Trzebinia o \u0142\u0105cznej d\u0142ugo\u015bci ok. 97 km b\u0119dzie przebiega\u0142 przez tereny 11 miast i gmin wojew\u00f3dztwa \u015bl\u0105skiego i ma\u0142opolskiego. Inwestycja stanowi przed\u0142u\u017cenie istniej\u0105cego uk\u0142adu ruroci\u0105g\u00f3w produktowych P\u0142ock \u2013 Koluszki \u2013 Boron\u00f3w w kierunku rafinerii w Trzebini. Realizacja projektu pozwoli zapewni\u0107 odpowiednie zaopatrywanie po\u0142udnia Polski w paliwa ciek\u0142e.<\/p>\n<p>Budowa ruroci\u0105gu produktowego Boron\u00f3w \u2013 Trzebinia wraz z infrastruktur\u0105 niezb\u0119dn\u0105 do jego obs\u0142ugi realizowana jest w oparciu o Ustaw\u0119 z 2019 roku o przygotowaniu i realizacji strategicznych inwestycji w sektorze naftowym oraz wynika z przyj\u0119tej przez Rad\u0119 Ministr\u00f3w \u201ePolityki Rz\u0105du RP dla infrastruktury logistycznej w sektorze naftowym\u201d.<\/p>\n<p>&nbsp;<\/p>\n\n","protected":false},"excerpt":{"rendered":"<p>Ruroci\u0105g Boron\u00f3w \u2013 Trzebinia: PERN poszukuje dostawcy rur i \u0142uk\u00f3w fabrycznych W dniu 31 stycznia 2020 roku PERN S.A. og\u0142osi\u0142 post\u0119powanie ofertowe, kt\u00f3rego przedmiotem jest realizacja zakupu obejmuj\u0105cego dostarczenie i przechowanie fabrycznie nowych rur i &hellip; <a href=\"https:\/\/www.pern.pl\/de\/2020\/01\/31\/rurociag-boronow-trzebinia-pern-poszukuje-dostawcy-rur-i-lukow-fabrycznych\/\" class=\"more-link\">Continue reading<span class=\"screen-reader-text\"> &#8222;Ruroci\u0105g Boron\u00f3w \u2013 Trzebinia: PERN poszukuje dostawcy rur i \u0142uk\u00f3w fabrycznych&#8220;<\/span><\/a><\/p>\n","protected":false},"author":6,"featured_media":44632,"comment_status":"closed","ping_status":"closed","sticky":false,"template":"","format":"standard","meta":{"_acf_changed":false,"inline_featured_image":false,"footnotes":""},"categories":[8,7],"tags":[],"class_list":["post-15912","post","type-post","status-publish","format-standard","has-post-thumbnail","hentry","category-aktualnosci","category-komunikaty"],"acf":[],"yoast_head":"<!-- This site is optimized with the Yoast SEO plugin v26.9 - https:\/\/yoast.com\/product\/yoast-seo-wordpress\/ -->\n<title>Ruroci\u0105g Boron\u00f3w \u2013 Trzebinia: PERN poszukuje dostawcy rur i \u0142uk\u00f3w fabrycznych - PERN<\/title>\n<meta name=\"robots\" content=\"index, follow, max-snippet:-1, max-image-preview:large, max-video-preview:-1\" \/>\n<link rel=\"canonical\" href=\"https:\/\/www.pern.pl\/de\/2020\/01\/31\/rurociag-boronow-trzebinia-pern-poszukuje-dostawcy-rur-i-lukow-fabrycznych\/\" \/>\n<meta property=\"og:locale\" content=\"de_DE\" \/>\n<meta property=\"og:type\" content=\"article\" \/>\n<meta property=\"og:title\" content=\"Ruroci\u0105g Boron\u00f3w \u2013 Trzebinia: PERN poszukuje dostawcy rur i \u0142uk\u00f3w fabrycznych - PERN\" \/>\n<meta property=\"og:description\" content=\"Ruroci\u0105g Boron\u00f3w \u2013 Trzebinia: PERN poszukuje dostawcy rur i \u0142uk\u00f3w fabrycznych W dniu 31 stycznia 2020 roku PERN S.A. og\u0142osi\u0142 post\u0119powanie ofertowe, kt\u00f3rego przedmiotem jest realizacja zakupu obejmuj\u0105cego dostarczenie i przechowanie fabrycznie nowych rur i &hellip; Continue reading &quot;Ruroci\u0105g Boron\u00f3w \u2013 Trzebinia: PERN poszukuje dostawcy rur i \u0142uk\u00f3w fabrycznych&quot;\" \/>\n<meta property=\"og:url\" content=\"https:\/\/www.pern.pl\/de\/2020\/01\/31\/rurociag-boronow-trzebinia-pern-poszukuje-dostawcy-rur-i-lukow-fabrycznych\/\" \/>\n<meta property=\"og:site_name\" content=\"PERN\" \/>\n<meta property=\"article:published_time\" content=\"2020-01-31T11:38:35+00:00\" \/>\n<meta property=\"article:modified_time\" content=\"2023-06-22T10:21:30+00:00\" \/>\n<meta property=\"og:image\" content=\"https:\/\/www.pern.pl\/wp-content\/uploads\/2020\/01\/a070869b74b2f32072408be18fe12814-38-scaled.jpg\" \/>\n\t<meta property=\"og:image:width\" content=\"2560\" \/>\n\t<meta property=\"og:image:height\" content=\"1200\" \/>\n\t<meta property=\"og:image:type\" content=\"image\/jpeg\" \/>\n<meta name=\"author\" content=\"Centrum Prasowe PERN S.A.\" \/>\n<meta name=\"twitter:card\" content=\"summary_large_image\" \/>\n<meta name=\"twitter:label1\" content=\"Verfasst von\" \/>\n\t<meta name=\"twitter:data1\" content=\"Centrum Prasowe PERN S.A.\" \/>\n\t<meta name=\"twitter:label2\" content=\"Gesch\u00e4tzte Lesezeit\" \/>\n\t<meta name=\"twitter:data2\" content=\"1\u00a0Minute\" \/>\n<script type=\"application\/ld+json\" class=\"yoast-schema-graph\">{\"@context\":\"https:\/\/schema.org\",\"@graph\":[{\"@type\":\"Article\",\"@id\":\"https:\/\/www.pern.pl\/de\/2020\/01\/31\/rurociag-boronow-trzebinia-pern-poszukuje-dostawcy-rur-i-lukow-fabrycznych\/#article\",\"isPartOf\":{\"@id\":\"https:\/\/www.pern.pl\/de\/2020\/01\/31\/rurociag-boronow-trzebinia-pern-poszukuje-dostawcy-rur-i-lukow-fabrycznych\/\"},\"author\":{\"name\":\"Centrum Prasowe PERN S.A.\",\"@id\":\"https:\/\/www.pern.pl\/de\/#\/schema\/person\/f31c4cc0c1be42f0cb9d1a055b3e0996\"},\"headline\":\"Ruroci\u0105g Boron\u00f3w \u2013 Trzebinia: PERN poszukuje dostawcy rur i \u0142uk\u00f3w fabrycznych\",\"datePublished\":\"2020-01-31T11:38:35+00:00\",\"dateModified\":\"2023-06-22T10:21:30+00:00\",\"mainEntityOfPage\":{\"@id\":\"https:\/\/www.pern.pl\/de\/2020\/01\/31\/rurociag-boronow-trzebinia-pern-poszukuje-dostawcy-rur-i-lukow-fabrycznych\/\"},\"wordCount\":204,\"image\":{\"@id\":\"https:\/\/www.pern.pl\/de\/2020\/01\/31\/rurociag-boronow-trzebinia-pern-poszukuje-dostawcy-rur-i-lukow-fabrycznych\/#primaryimage\"},\"thumbnailUrl\":\"https:\/\/www.pern.pl\/wp-content\/uploads\/2020\/01\/a070869b74b2f32072408be18fe12814-38-scaled.jpg\",\"articleSection\":[\"Aktualno\u015bci\",\"Komunikaty\"],\"inLanguage\":\"de\"},{\"@type\":\"WebPage\",\"@id\":\"https:\/\/www.pern.pl\/de\/2020\/01\/31\/rurociag-boronow-trzebinia-pern-poszukuje-dostawcy-rur-i-lukow-fabrycznych\/\",\"url\":\"https:\/\/www.pern.pl\/de\/2020\/01\/31\/rurociag-boronow-trzebinia-pern-poszukuje-dostawcy-rur-i-lukow-fabrycznych\/\",\"name\":\"Ruroci\u0105g Boron\u00f3w \u2013 Trzebinia: PERN poszukuje dostawcy rur i \u0142uk\u00f3w fabrycznych - PERN\",\"isPartOf\":{\"@id\":\"https:\/\/www.pern.pl\/de\/#website\"},\"primaryImageOfPage\":{\"@id\":\"https:\/\/www.pern.pl\/de\/2020\/01\/31\/rurociag-boronow-trzebinia-pern-poszukuje-dostawcy-rur-i-lukow-fabrycznych\/#primaryimage\"},\"image\":{\"@id\":\"https:\/\/www.pern.pl\/de\/2020\/01\/31\/rurociag-boronow-trzebinia-pern-poszukuje-dostawcy-rur-i-lukow-fabrycznych\/#primaryimage\"},\"thumbnailUrl\":\"https:\/\/www.pern.pl\/wp-content\/uploads\/2020\/01\/a070869b74b2f32072408be18fe12814-38-scaled.jpg\",\"datePublished\":\"2020-01-31T11:38:35+00:00\",\"dateModified\":\"2023-06-22T10:21:30+00:00\",\"author\":{\"@id\":\"https:\/\/www.pern.pl\/de\/#\/schema\/person\/f31c4cc0c1be42f0cb9d1a055b3e0996\"},\"breadcrumb\":{\"@id\":\"https:\/\/www.pern.pl\/de\/2020\/01\/31\/rurociag-boronow-trzebinia-pern-poszukuje-dostawcy-rur-i-lukow-fabrycznych\/#breadcrumb\"},\"inLanguage\":\"de\",\"potentialAction\":[{\"@type\":\"ReadAction\",\"target\":[\"https:\/\/www.pern.pl\/de\/2020\/01\/31\/rurociag-boronow-trzebinia-pern-poszukuje-dostawcy-rur-i-lukow-fabrycznych\/\"]}]},{\"@type\":\"ImageObject\",\"inLanguage\":\"de\",\"@id\":\"https:\/\/www.pern.pl\/de\/2020\/01\/31\/rurociag-boronow-trzebinia-pern-poszukuje-dostawcy-rur-i-lukow-fabrycznych\/#primaryimage\",\"url\":\"https:\/\/www.pern.pl\/wp-content\/uploads\/2020\/01\/a070869b74b2f32072408be18fe12814-38-scaled.jpg\",\"contentUrl\":\"https:\/\/www.pern.pl\/wp-content\/uploads\/2020\/01\/a070869b74b2f32072408be18fe12814-38-scaled.jpg\",\"width\":2560,\"height\":1200},{\"@type\":\"BreadcrumbList\",\"@id\":\"https:\/\/www.pern.pl\/de\/2020\/01\/31\/rurociag-boronow-trzebinia-pern-poszukuje-dostawcy-rur-i-lukow-fabrycznych\/#breadcrumb\",\"itemListElement\":[{\"@type\":\"ListItem\",\"position\":1,\"name\":\"Homepage\",\"item\":\"https:\/\/www.pern.pl\/de\/\"},{\"@type\":\"ListItem\",\"position\":2,\"name\":\"Ruroci\u0105g Boron\u00f3w \u2013 Trzebinia: PERN poszukuje dostawcy rur i \u0142uk\u00f3w fabrycznych\"}]},{\"@type\":\"WebSite\",\"@id\":\"https:\/\/www.pern.pl\/de\/#website\",\"url\":\"https:\/\/www.pern.pl\/de\/\",\"name\":\"PERN\",\"description\":\"\",\"potentialAction\":[{\"@type\":\"SearchAction\",\"target\":{\"@type\":\"EntryPoint\",\"urlTemplate\":\"https:\/\/www.pern.pl\/de\/?s={search_term_string}\"},\"query-input\":{\"@type\":\"PropertyValueSpecification\",\"valueRequired\":true,\"valueName\":\"search_term_string\"}}],\"inLanguage\":\"de\"},{\"@type\":\"Person\",\"@id\":\"https:\/\/www.pern.pl\/de\/#\/schema\/person\/f31c4cc0c1be42f0cb9d1a055b3e0996\",\"name\":\"Centrum Prasowe PERN S.A.\",\"image\":{\"@type\":\"ImageObject\",\"inLanguage\":\"de\",\"@id\":\"https:\/\/www.pern.pl\/de\/#\/schema\/person\/image\/\",\"url\":\"https:\/\/secure.gravatar.com\/avatar\/18e99c3405834609f4541514431875a8a466a6bf795000d784439f961b106e8a?s=96&d=mm&r=g\",\"contentUrl\":\"https:\/\/secure.gravatar.com\/avatar\/18e99c3405834609f4541514431875a8a466a6bf795000d784439f961b106e8a?s=96&d=mm&r=g\",\"caption\":\"Centrum Prasowe PERN S.A.\"},\"url\":\"https:\/\/www.pern.pl\/de\/author\/pern-katarzyna-krasinska\/\"}]}<\/script>\n<!-- \/ Yoast SEO plugin. -->","yoast_head_json":{"title":"Ruroci\u0105g Boron\u00f3w \u2013 Trzebinia: PERN poszukuje dostawcy rur i \u0142uk\u00f3w fabrycznych - PERN","robots":{"index":"index","follow":"follow","max-snippet":"max-snippet:-1","max-image-preview":"max-image-preview:large","max-video-preview":"max-video-preview:-1"},"canonical":"https:\/\/www.pern.pl\/de\/2020\/01\/31\/rurociag-boronow-trzebinia-pern-poszukuje-dostawcy-rur-i-lukow-fabrycznych\/","og_locale":"de_DE","og_type":"article","og_title":"Ruroci\u0105g Boron\u00f3w \u2013 Trzebinia: PERN poszukuje dostawcy rur i \u0142uk\u00f3w fabrycznych - PERN","og_description":"Ruroci\u0105g Boron\u00f3w \u2013 Trzebinia: PERN poszukuje dostawcy rur i \u0142uk\u00f3w fabrycznych W dniu 31 stycznia 2020 roku PERN S.A. og\u0142osi\u0142 post\u0119powanie ofertowe, kt\u00f3rego przedmiotem jest realizacja zakupu obejmuj\u0105cego dostarczenie i przechowanie fabrycznie nowych rur i &hellip; Continue reading \"Ruroci\u0105g Boron\u00f3w \u2013 Trzebinia: PERN poszukuje dostawcy rur i \u0142uk\u00f3w fabrycznych\"","og_url":"https:\/\/www.pern.pl\/de\/2020\/01\/31\/rurociag-boronow-trzebinia-pern-poszukuje-dostawcy-rur-i-lukow-fabrycznych\/","og_site_name":"PERN","article_published_time":"2020-01-31T11:38:35+00:00","article_modified_time":"2023-06-22T10:21:30+00:00","og_image":[{"width":2560,"height":1200,"url":"https:\/\/www.pern.pl\/wp-content\/uploads\/2020\/01\/a070869b74b2f32072408be18fe12814-38-scaled.jpg","type":"image\/jpeg"}],"author":"Centrum Prasowe PERN S.A.","twitter_card":"summary_large_image","twitter_misc":{"Verfasst von":"Centrum Prasowe PERN S.A.","Gesch\u00e4tzte Lesezeit":"1\u00a0Minute"},"schema":{"@context":"https:\/\/schema.org","@graph":[{"@type":"Article","@id":"https:\/\/www.pern.pl\/de\/2020\/01\/31\/rurociag-boronow-trzebinia-pern-poszukuje-dostawcy-rur-i-lukow-fabrycznych\/#article","isPartOf":{"@id":"https:\/\/www.pern.pl\/de\/2020\/01\/31\/rurociag-boronow-trzebinia-pern-poszukuje-dostawcy-rur-i-lukow-fabrycznych\/"},"author":{"name":"Centrum Prasowe PERN S.A.","@id":"https:\/\/www.pern.pl\/de\/#\/schema\/person\/f31c4cc0c1be42f0cb9d1a055b3e0996"},"headline":"Ruroci\u0105g Boron\u00f3w \u2013 Trzebinia: PERN poszukuje dostawcy rur i \u0142uk\u00f3w fabrycznych","datePublished":"2020-01-31T11:38:35+00:00","dateModified":"2023-06-22T10:21:30+00:00","mainEntityOfPage":{"@id":"https:\/\/www.pern.pl\/de\/2020\/01\/31\/rurociag-boronow-trzebinia-pern-poszukuje-dostawcy-rur-i-lukow-fabrycznych\/"},"wordCount":204,"image":{"@id":"https:\/\/www.pern.pl\/de\/2020\/01\/31\/rurociag-boronow-trzebinia-pern-poszukuje-dostawcy-rur-i-lukow-fabrycznych\/#primaryimage"},"thumbnailUrl":"https:\/\/www.pern.pl\/wp-content\/uploads\/2020\/01\/a070869b74b2f32072408be18fe12814-38-scaled.jpg","articleSection":["Aktualno\u015bci","Komunikaty"],"inLanguage":"de"},{"@type":"WebPage","@id":"https:\/\/www.pern.pl\/de\/2020\/01\/31\/rurociag-boronow-trzebinia-pern-poszukuje-dostawcy-rur-i-lukow-fabrycznych\/","url":"https:\/\/www.pern.pl\/de\/2020\/01\/31\/rurociag-boronow-trzebinia-pern-poszukuje-dostawcy-rur-i-lukow-fabrycznych\/","name":"Ruroci\u0105g Boron\u00f3w \u2013 Trzebinia: PERN poszukuje dostawcy rur i \u0142uk\u00f3w fabrycznych - PERN","isPartOf":{"@id":"https:\/\/www.pern.pl\/de\/#website"},"primaryImageOfPage":{"@id":"https:\/\/www.pern.pl\/de\/2020\/01\/31\/rurociag-boronow-trzebinia-pern-poszukuje-dostawcy-rur-i-lukow-fabrycznych\/#primaryimage"},"image":{"@id":"https:\/\/www.pern.pl\/de\/2020\/01\/31\/rurociag-boronow-trzebinia-pern-poszukuje-dostawcy-rur-i-lukow-fabrycznych\/#primaryimage"},"thumbnailUrl":"https:\/\/www.pern.pl\/wp-content\/uploads\/2020\/01\/a070869b74b2f32072408be18fe12814-38-scaled.jpg","datePublished":"2020-01-31T11:38:35+00:00","dateModified":"2023-06-22T10:21:30+00:00","author":{"@id":"https:\/\/www.pern.pl\/de\/#\/schema\/person\/f31c4cc0c1be42f0cb9d1a055b3e0996"},"breadcrumb":{"@id":"https:\/\/www.pern.pl\/de\/2020\/01\/31\/rurociag-boronow-trzebinia-pern-poszukuje-dostawcy-rur-i-lukow-fabrycznych\/#breadcrumb"},"inLanguage":"de","potentialAction":[{"@type":"ReadAction","target":["https:\/\/www.pern.pl\/de\/2020\/01\/31\/rurociag-boronow-trzebinia-pern-poszukuje-dostawcy-rur-i-lukow-fabrycznych\/"]}]},{"@type":"ImageObject","inLanguage":"de","@id":"https:\/\/www.pern.pl\/de\/2020\/01\/31\/rurociag-boronow-trzebinia-pern-poszukuje-dostawcy-rur-i-lukow-fabrycznych\/#primaryimage","url":"https:\/\/www.pern.pl\/wp-content\/uploads\/2020\/01\/a070869b74b2f32072408be18fe12814-38-scaled.jpg","contentUrl":"https:\/\/www.pern.pl\/wp-content\/uploads\/2020\/01\/a070869b74b2f32072408be18fe12814-38-scaled.jpg","width":2560,"height":1200},{"@type":"BreadcrumbList","@id":"https:\/\/www.pern.pl\/de\/2020\/01\/31\/rurociag-boronow-trzebinia-pern-poszukuje-dostawcy-rur-i-lukow-fabrycznych\/#breadcrumb","itemListElement":[{"@type":"ListItem","position":1,"name":"Homepage","item":"https:\/\/www.pern.pl\/de\/"},{"@type":"ListItem","position":2,"name":"Ruroci\u0105g Boron\u00f3w \u2013 Trzebinia: PERN poszukuje dostawcy rur i \u0142uk\u00f3w fabrycznych"}]},{"@type":"WebSite","@id":"https:\/\/www.pern.pl\/de\/#website","url":"https:\/\/www.pern.pl\/de\/","name":"PERN","description":"","potentialAction":[{"@type":"SearchAction","target":{"@type":"EntryPoint","urlTemplate":"https:\/\/www.pern.pl\/de\/?s={search_term_string}"},"query-input":{"@type":"PropertyValueSpecification","valueRequired":true,"valueName":"search_term_string"}}],"inLanguage":"de"},{"@type":"Person","@id":"https:\/\/www.pern.pl\/de\/#\/schema\/person\/f31c4cc0c1be42f0cb9d1a055b3e0996","name":"Centrum Prasowe PERN S.A.","image":{"@type":"ImageObject","inLanguage":"de","@id":"https:\/\/www.pern.pl\/de\/#\/schema\/person\/image\/","url":"https:\/\/secure.gravatar.com\/avatar\/18e99c3405834609f4541514431875a8a466a6bf795000d784439f961b106e8a?s=96&d=mm&r=g","contentUrl":"https:\/\/secure.gravatar.com\/avatar\/18e99c3405834609f4541514431875a8a466a6bf795000d784439f961b106e8a?s=96&d=mm&r=g","caption":"Centrum Prasowe PERN S.A."},"url":"https:\/\/www.pern.pl\/de\/author\/pern-katarzyna-krasinska\/"}]}},"_links":{"self":[{"href":"https:\/\/www.pern.pl\/de\/wp-json\/wp\/v2\/posts\/15912","targetHints":{"allow":["GET"]}}],"collection":[{"href":"https:\/\/www.pern.pl\/de\/wp-json\/wp\/v2\/posts"}],"about":[{"href":"https:\/\/www.pern.pl\/de\/wp-json\/wp\/v2\/types\/post"}],"author":[{"embeddable":true,"href":"https:\/\/www.pern.pl\/de\/wp-json\/wp\/v2\/users\/6"}],"replies":[{"embeddable":true,"href":"https:\/\/www.pern.pl\/de\/wp-json\/wp\/v2\/comments?post=15912"}],"version-history":[{"count":0,"href":"https:\/\/www.pern.pl\/de\/wp-json\/wp\/v2\/posts\/15912\/revisions"}],"wp:featuredmedia":[{"embeddable":true,"href":"https:\/\/www.pern.pl\/de\/wp-json\/wp\/v2\/media\/44632"}],"wp:attachment":[{"href":"https:\/\/www.pern.pl\/de\/wp-json\/wp\/v2\/media?parent=15912"}],"wp:term":[{"taxonomy":"category","embeddable":true,"href":"https:\/\/www.pern.pl\/de\/wp-json\/wp\/v2\/categories?post=15912"},{"taxonomy":"post_tag","embeddable":true,"href":"https:\/\/www.pern.pl\/de\/wp-json\/wp\/v2\/tags?post=15912"}],"curies":[{"name":"wp","href":"https:\/\/api.w.org\/{rel}","templated":true}]}}