{"id":11115,"date":"2019-04-01T13:17:44","date_gmt":"2019-04-01T11:17:44","guid":{"rendered":"https:\/\/backup.pern.pl\/pern-na-konferencji-energetycznej-w-rzeszowie\/"},"modified":"2023-06-22T13:08:26","modified_gmt":"2023-06-22T11:08:26","slug":"pern-na-konferencji-energetycznej-w-rzeszowie","status":"publish","type":"post","link":"https:\/\/www.pern.pl\/de\/2019\/04\/01\/pern-na-konferencji-energetycznej-w-rzeszowie\/","title":{"rendered":"PERN na konferencji energetycznej w Rzeszowie"},"content":{"rendered":"<p>PERN na konferencji energetycznej w Rzeszowie<\/p>\n<p>&#8211; Dotychczas budowy nitek ropoci\u0105gowych w Polsce trwa\u0142y nawet 13 lat. Rozbudowa o drug\u0105 nitk\u0119 ropoci\u0105gu podmorskiego mia\u0142a trwa\u0107 8 lat. Dzi\u0119ki specustawie naftowej potrwa 5 lat \u2013 podkre\u015bli\u0142 Igor Wasilewski, prezes PERN w czasie Konferencji naukowej w Rzeszowie, kt\u00f3ra odbywa si\u0119 w dniach 1-2. kwietnia. To ju\u017c IV edycja wydarzenia.<\/p>\n<p>Ustawa wprowadza m.in. uproszczenia w uzyskiwaniu niezb\u0119dnych zg\u00f3d administracyjnych. Ma u\u0142atwi\u0107 przygotowanie, a w efekcie tak\u017ce realizacj\u0119 strategicznych przedsi\u0119wzi\u0119\u0107, takich jak budowa oraz modernizacja ruroci\u0105g\u00f3w naftowych i paliwowych. Dokument zosta\u0142 ju\u017c podpisany przez Prezydenta Andrzeja Dud\u0119.<\/p>\n<p>Konferencja sta\u0142a si\u0119 tak\u017ce doskona\u0142\u0105 okazj\u0105 by przybli\u017cy\u0107 dziennikarzom zajmuj\u0105cym si\u0119 energetyk\u0105, kluczowe wyzwania jakie stoj\u0105 dzi\u015b przed PERN.<\/p>\n<p>&nbsp;<\/p>\n\n","protected":false},"excerpt":{"rendered":"<p>PERN na konferencji energetycznej w Rzeszowie &#8211; Dotychczas budowy nitek ropoci\u0105gowych w Polsce trwa\u0142y nawet 13 lat. Rozbudowa o drug\u0105 nitk\u0119 ropoci\u0105gu podmorskiego mia\u0142a trwa\u0107 8 lat. Dzi\u0119ki specustawie naftowej potrwa 5 lat \u2013 podkre\u015bli\u0142 &hellip; <a href=\"https:\/\/www.pern.pl\/de\/2019\/04\/01\/pern-na-konferencji-energetycznej-w-rzeszowie\/\" class=\"more-link\">Continue reading<span class=\"screen-reader-text\"> &#8222;PERN na konferencji energetycznej w Rzeszowie&#8220;<\/span><\/a><\/p>\n","protected":false},"author":6,"featured_media":44166,"comment_status":"closed","ping_status":"closed","sticky":false,"template":"","format":"standard","meta":{"_acf_changed":false,"inline_featured_image":false,"footnotes":""},"categories":[7,8],"tags":[],"class_list":["post-11115","post","type-post","status-publish","format-standard","has-post-thumbnail","hentry","category-komunikaty","category-aktualnosci"],"acf":[],"yoast_head":"<!-- This site is optimized with the Yoast SEO plugin v26.9 - https:\/\/yoast.com\/product\/yoast-seo-wordpress\/ -->\n<title>PERN na konferencji energetycznej w Rzeszowie - PERN<\/title>\n<meta name=\"robots\" content=\"index, follow, max-snippet:-1, max-image-preview:large, max-video-preview:-1\" \/>\n<link rel=\"canonical\" href=\"https:\/\/www.pern.pl\/de\/2019\/04\/01\/pern-na-konferencji-energetycznej-w-rzeszowie\/\" \/>\n<meta property=\"og:locale\" content=\"de_DE\" \/>\n<meta property=\"og:type\" content=\"article\" \/>\n<meta property=\"og:title\" content=\"PERN na konferencji energetycznej w Rzeszowie - PERN\" \/>\n<meta property=\"og:description\" content=\"PERN na konferencji energetycznej w Rzeszowie &#8211; Dotychczas budowy nitek ropoci\u0105gowych w Polsce trwa\u0142y nawet 13 lat. Rozbudowa o drug\u0105 nitk\u0119 ropoci\u0105gu podmorskiego mia\u0142a trwa\u0107 8 lat. Dzi\u0119ki specustawie naftowej potrwa 5 lat \u2013 podkre\u015bli\u0142 &hellip; Continue reading &quot;PERN na konferencji energetycznej w Rzeszowie&quot;\" \/>\n<meta property=\"og:url\" content=\"https:\/\/www.pern.pl\/de\/2019\/04\/01\/pern-na-konferencji-energetycznej-w-rzeszowie\/\" \/>\n<meta property=\"og:site_name\" content=\"PERN\" \/>\n<meta property=\"article:published_time\" content=\"2019-04-01T11:17:44+00:00\" \/>\n<meta property=\"article:modified_time\" content=\"2023-06-22T11:08:26+00:00\" \/>\n<meta property=\"og:image\" content=\"https:\/\/www.pern.pl\/wp-content\/uploads\/2019\/04\/d97ea97f10ea72a5227121d8417a945a-21.jpg\" \/>\n\t<meta property=\"og:image:width\" content=\"640\" \/>\n\t<meta property=\"og:image:height\" content=\"320\" \/>\n\t<meta property=\"og:image:type\" content=\"image\/jpeg\" \/>\n<meta name=\"author\" content=\"Centrum Prasowe PERN S.A.\" \/>\n<meta name=\"twitter:card\" content=\"summary_large_image\" \/>\n<meta name=\"twitter:label1\" content=\"Verfasst von\" \/>\n\t<meta name=\"twitter:data1\" content=\"Centrum Prasowe PERN S.A.\" \/>\n\t<meta name=\"twitter:label2\" content=\"Gesch\u00e4tzte Lesezeit\" \/>\n\t<meta name=\"twitter:data2\" content=\"1\u00a0Minute\" \/>\n<script type=\"application\/ld+json\" class=\"yoast-schema-graph\">{\"@context\":\"https:\/\/schema.org\",\"@graph\":[{\"@type\":\"Article\",\"@id\":\"https:\/\/www.pern.pl\/de\/2019\/04\/01\/pern-na-konferencji-energetycznej-w-rzeszowie\/#article\",\"isPartOf\":{\"@id\":\"https:\/\/www.pern.pl\/de\/2019\/04\/01\/pern-na-konferencji-energetycznej-w-rzeszowie\/\"},\"author\":{\"name\":\"Centrum Prasowe PERN S.A.\",\"@id\":\"https:\/\/www.pern.pl\/de\/#\/schema\/person\/f31c4cc0c1be42f0cb9d1a055b3e0996\"},\"headline\":\"PERN na konferencji energetycznej w Rzeszowie\",\"datePublished\":\"2019-04-01T11:17:44+00:00\",\"dateModified\":\"2023-06-22T11:08:26+00:00\",\"mainEntityOfPage\":{\"@id\":\"https:\/\/www.pern.pl\/de\/2019\/04\/01\/pern-na-konferencji-energetycznej-w-rzeszowie\/\"},\"wordCount\":137,\"image\":{\"@id\":\"https:\/\/www.pern.pl\/de\/2019\/04\/01\/pern-na-konferencji-energetycznej-w-rzeszowie\/#primaryimage\"},\"thumbnailUrl\":\"https:\/\/www.pern.pl\/wp-content\/uploads\/2019\/04\/d97ea97f10ea72a5227121d8417a945a-21.jpg\",\"articleSection\":[\"Komunikaty\",\"Aktualno\u015bci\"],\"inLanguage\":\"de\"},{\"@type\":\"WebPage\",\"@id\":\"https:\/\/www.pern.pl\/de\/2019\/04\/01\/pern-na-konferencji-energetycznej-w-rzeszowie\/\",\"url\":\"https:\/\/www.pern.pl\/de\/2019\/04\/01\/pern-na-konferencji-energetycznej-w-rzeszowie\/\",\"name\":\"PERN na konferencji energetycznej w Rzeszowie - PERN\",\"isPartOf\":{\"@id\":\"https:\/\/www.pern.pl\/de\/#website\"},\"primaryImageOfPage\":{\"@id\":\"https:\/\/www.pern.pl\/de\/2019\/04\/01\/pern-na-konferencji-energetycznej-w-rzeszowie\/#primaryimage\"},\"image\":{\"@id\":\"https:\/\/www.pern.pl\/de\/2019\/04\/01\/pern-na-konferencji-energetycznej-w-rzeszowie\/#primaryimage\"},\"thumbnailUrl\":\"https:\/\/www.pern.pl\/wp-content\/uploads\/2019\/04\/d97ea97f10ea72a5227121d8417a945a-21.jpg\",\"datePublished\":\"2019-04-01T11:17:44+00:00\",\"dateModified\":\"2023-06-22T11:08:26+00:00\",\"author\":{\"@id\":\"https:\/\/www.pern.pl\/de\/#\/schema\/person\/f31c4cc0c1be42f0cb9d1a055b3e0996\"},\"breadcrumb\":{\"@id\":\"https:\/\/www.pern.pl\/de\/2019\/04\/01\/pern-na-konferencji-energetycznej-w-rzeszowie\/#breadcrumb\"},\"inLanguage\":\"de\",\"potentialAction\":[{\"@type\":\"ReadAction\",\"target\":[\"https:\/\/www.pern.pl\/de\/2019\/04\/01\/pern-na-konferencji-energetycznej-w-rzeszowie\/\"]}]},{\"@type\":\"ImageObject\",\"inLanguage\":\"de\",\"@id\":\"https:\/\/www.pern.pl\/de\/2019\/04\/01\/pern-na-konferencji-energetycznej-w-rzeszowie\/#primaryimage\",\"url\":\"https:\/\/www.pern.pl\/wp-content\/uploads\/2019\/04\/d97ea97f10ea72a5227121d8417a945a-21.jpg\",\"contentUrl\":\"https:\/\/www.pern.pl\/wp-content\/uploads\/2019\/04\/d97ea97f10ea72a5227121d8417a945a-21.jpg\",\"width\":640,\"height\":320},{\"@type\":\"BreadcrumbList\",\"@id\":\"https:\/\/www.pern.pl\/de\/2019\/04\/01\/pern-na-konferencji-energetycznej-w-rzeszowie\/#breadcrumb\",\"itemListElement\":[{\"@type\":\"ListItem\",\"position\":1,\"name\":\"Homepage\",\"item\":\"https:\/\/www.pern.pl\/de\/\"},{\"@type\":\"ListItem\",\"position\":2,\"name\":\"PERN na konferencji energetycznej w Rzeszowie\"}]},{\"@type\":\"WebSite\",\"@id\":\"https:\/\/www.pern.pl\/de\/#website\",\"url\":\"https:\/\/www.pern.pl\/de\/\",\"name\":\"PERN\",\"description\":\"\",\"potentialAction\":[{\"@type\":\"SearchAction\",\"target\":{\"@type\":\"EntryPoint\",\"urlTemplate\":\"https:\/\/www.pern.pl\/de\/?s={search_term_string}\"},\"query-input\":{\"@type\":\"PropertyValueSpecification\",\"valueRequired\":true,\"valueName\":\"search_term_string\"}}],\"inLanguage\":\"de\"},{\"@type\":\"Person\",\"@id\":\"https:\/\/www.pern.pl\/de\/#\/schema\/person\/f31c4cc0c1be42f0cb9d1a055b3e0996\",\"name\":\"Centrum Prasowe PERN S.A.\",\"image\":{\"@type\":\"ImageObject\",\"inLanguage\":\"de\",\"@id\":\"https:\/\/www.pern.pl\/de\/#\/schema\/person\/image\/\",\"url\":\"https:\/\/secure.gravatar.com\/avatar\/18e99c3405834609f4541514431875a8a466a6bf795000d784439f961b106e8a?s=96&d=mm&r=g\",\"contentUrl\":\"https:\/\/secure.gravatar.com\/avatar\/18e99c3405834609f4541514431875a8a466a6bf795000d784439f961b106e8a?s=96&d=mm&r=g\",\"caption\":\"Centrum Prasowe PERN S.A.\"},\"url\":\"https:\/\/www.pern.pl\/de\/author\/pern-katarzyna-krasinska\/\"}]}<\/script>\n<!-- \/ Yoast SEO plugin. -->","yoast_head_json":{"title":"PERN na konferencji energetycznej w Rzeszowie - PERN","robots":{"index":"index","follow":"follow","max-snippet":"max-snippet:-1","max-image-preview":"max-image-preview:large","max-video-preview":"max-video-preview:-1"},"canonical":"https:\/\/www.pern.pl\/de\/2019\/04\/01\/pern-na-konferencji-energetycznej-w-rzeszowie\/","og_locale":"de_DE","og_type":"article","og_title":"PERN na konferencji energetycznej w Rzeszowie - PERN","og_description":"PERN na konferencji energetycznej w Rzeszowie &#8211; Dotychczas budowy nitek ropoci\u0105gowych w Polsce trwa\u0142y nawet 13 lat. Rozbudowa o drug\u0105 nitk\u0119 ropoci\u0105gu podmorskiego mia\u0142a trwa\u0107 8 lat. Dzi\u0119ki specustawie naftowej potrwa 5 lat \u2013 podkre\u015bli\u0142 &hellip; Continue reading \"PERN na konferencji energetycznej w Rzeszowie\"","og_url":"https:\/\/www.pern.pl\/de\/2019\/04\/01\/pern-na-konferencji-energetycznej-w-rzeszowie\/","og_site_name":"PERN","article_published_time":"2019-04-01T11:17:44+00:00","article_modified_time":"2023-06-22T11:08:26+00:00","og_image":[{"width":640,"height":320,"url":"https:\/\/www.pern.pl\/wp-content\/uploads\/2019\/04\/d97ea97f10ea72a5227121d8417a945a-21.jpg","type":"image\/jpeg"}],"author":"Centrum Prasowe PERN S.A.","twitter_card":"summary_large_image","twitter_misc":{"Verfasst von":"Centrum Prasowe PERN S.A.","Gesch\u00e4tzte Lesezeit":"1\u00a0Minute"},"schema":{"@context":"https:\/\/schema.org","@graph":[{"@type":"Article","@id":"https:\/\/www.pern.pl\/de\/2019\/04\/01\/pern-na-konferencji-energetycznej-w-rzeszowie\/#article","isPartOf":{"@id":"https:\/\/www.pern.pl\/de\/2019\/04\/01\/pern-na-konferencji-energetycznej-w-rzeszowie\/"},"author":{"name":"Centrum Prasowe PERN S.A.","@id":"https:\/\/www.pern.pl\/de\/#\/schema\/person\/f31c4cc0c1be42f0cb9d1a055b3e0996"},"headline":"PERN na konferencji energetycznej w Rzeszowie","datePublished":"2019-04-01T11:17:44+00:00","dateModified":"2023-06-22T11:08:26+00:00","mainEntityOfPage":{"@id":"https:\/\/www.pern.pl\/de\/2019\/04\/01\/pern-na-konferencji-energetycznej-w-rzeszowie\/"},"wordCount":137,"image":{"@id":"https:\/\/www.pern.pl\/de\/2019\/04\/01\/pern-na-konferencji-energetycznej-w-rzeszowie\/#primaryimage"},"thumbnailUrl":"https:\/\/www.pern.pl\/wp-content\/uploads\/2019\/04\/d97ea97f10ea72a5227121d8417a945a-21.jpg","articleSection":["Komunikaty","Aktualno\u015bci"],"inLanguage":"de"},{"@type":"WebPage","@id":"https:\/\/www.pern.pl\/de\/2019\/04\/01\/pern-na-konferencji-energetycznej-w-rzeszowie\/","url":"https:\/\/www.pern.pl\/de\/2019\/04\/01\/pern-na-konferencji-energetycznej-w-rzeszowie\/","name":"PERN na konferencji energetycznej w Rzeszowie - PERN","isPartOf":{"@id":"https:\/\/www.pern.pl\/de\/#website"},"primaryImageOfPage":{"@id":"https:\/\/www.pern.pl\/de\/2019\/04\/01\/pern-na-konferencji-energetycznej-w-rzeszowie\/#primaryimage"},"image":{"@id":"https:\/\/www.pern.pl\/de\/2019\/04\/01\/pern-na-konferencji-energetycznej-w-rzeszowie\/#primaryimage"},"thumbnailUrl":"https:\/\/www.pern.pl\/wp-content\/uploads\/2019\/04\/d97ea97f10ea72a5227121d8417a945a-21.jpg","datePublished":"2019-04-01T11:17:44+00:00","dateModified":"2023-06-22T11:08:26+00:00","author":{"@id":"https:\/\/www.pern.pl\/de\/#\/schema\/person\/f31c4cc0c1be42f0cb9d1a055b3e0996"},"breadcrumb":{"@id":"https:\/\/www.pern.pl\/de\/2019\/04\/01\/pern-na-konferencji-energetycznej-w-rzeszowie\/#breadcrumb"},"inLanguage":"de","potentialAction":[{"@type":"ReadAction","target":["https:\/\/www.pern.pl\/de\/2019\/04\/01\/pern-na-konferencji-energetycznej-w-rzeszowie\/"]}]},{"@type":"ImageObject","inLanguage":"de","@id":"https:\/\/www.pern.pl\/de\/2019\/04\/01\/pern-na-konferencji-energetycznej-w-rzeszowie\/#primaryimage","url":"https:\/\/www.pern.pl\/wp-content\/uploads\/2019\/04\/d97ea97f10ea72a5227121d8417a945a-21.jpg","contentUrl":"https:\/\/www.pern.pl\/wp-content\/uploads\/2019\/04\/d97ea97f10ea72a5227121d8417a945a-21.jpg","width":640,"height":320},{"@type":"BreadcrumbList","@id":"https:\/\/www.pern.pl\/de\/2019\/04\/01\/pern-na-konferencji-energetycznej-w-rzeszowie\/#breadcrumb","itemListElement":[{"@type":"ListItem","position":1,"name":"Homepage","item":"https:\/\/www.pern.pl\/de\/"},{"@type":"ListItem","position":2,"name":"PERN na konferencji energetycznej w Rzeszowie"}]},{"@type":"WebSite","@id":"https:\/\/www.pern.pl\/de\/#website","url":"https:\/\/www.pern.pl\/de\/","name":"PERN","description":"","potentialAction":[{"@type":"SearchAction","target":{"@type":"EntryPoint","urlTemplate":"https:\/\/www.pern.pl\/de\/?s={search_term_string}"},"query-input":{"@type":"PropertyValueSpecification","valueRequired":true,"valueName":"search_term_string"}}],"inLanguage":"de"},{"@type":"Person","@id":"https:\/\/www.pern.pl\/de\/#\/schema\/person\/f31c4cc0c1be42f0cb9d1a055b3e0996","name":"Centrum Prasowe PERN S.A.","image":{"@type":"ImageObject","inLanguage":"de","@id":"https:\/\/www.pern.pl\/de\/#\/schema\/person\/image\/","url":"https:\/\/secure.gravatar.com\/avatar\/18e99c3405834609f4541514431875a8a466a6bf795000d784439f961b106e8a?s=96&d=mm&r=g","contentUrl":"https:\/\/secure.gravatar.com\/avatar\/18e99c3405834609f4541514431875a8a466a6bf795000d784439f961b106e8a?s=96&d=mm&r=g","caption":"Centrum Prasowe PERN S.A."},"url":"https:\/\/www.pern.pl\/de\/author\/pern-katarzyna-krasinska\/"}]}},"_links":{"self":[{"href":"https:\/\/www.pern.pl\/de\/wp-json\/wp\/v2\/posts\/11115","targetHints":{"allow":["GET"]}}],"collection":[{"href":"https:\/\/www.pern.pl\/de\/wp-json\/wp\/v2\/posts"}],"about":[{"href":"https:\/\/www.pern.pl\/de\/wp-json\/wp\/v2\/types\/post"}],"author":[{"embeddable":true,"href":"https:\/\/www.pern.pl\/de\/wp-json\/wp\/v2\/users\/6"}],"replies":[{"embeddable":true,"href":"https:\/\/www.pern.pl\/de\/wp-json\/wp\/v2\/comments?post=11115"}],"version-history":[{"count":0,"href":"https:\/\/www.pern.pl\/de\/wp-json\/wp\/v2\/posts\/11115\/revisions"}],"wp:featuredmedia":[{"embeddable":true,"href":"https:\/\/www.pern.pl\/de\/wp-json\/wp\/v2\/media\/44166"}],"wp:attachment":[{"href":"https:\/\/www.pern.pl\/de\/wp-json\/wp\/v2\/media?parent=11115"}],"wp:term":[{"taxonomy":"category","embeddable":true,"href":"https:\/\/www.pern.pl\/de\/wp-json\/wp\/v2\/categories?post=11115"},{"taxonomy":"post_tag","embeddable":true,"href":"https:\/\/www.pern.pl\/de\/wp-json\/wp\/v2\/tags?post=11115"}],"curies":[{"name":"wp","href":"https:\/\/api.w.org\/{rel}","templated":true}]}}